{"id":27842,"date":"2023-09-07T14:15:11","date_gmt":"2023-09-07T14:15:11","guid":{"rendered":"https:\/\/elperiodicodesaltillo.com\/wp\/?p=27842"},"modified":"2023-09-07T14:15:12","modified_gmt":"2023-09-07T14:15:12","slug":"inicia-en-la-uadec-el-proyecto-de-acompanamiento-emocional-para-periodistas","status":"publish","type":"post","link":"https:\/\/elperiodicodesaltillo.com\/wp\/2023\/09\/07\/inicia-en-la-uadec-el-proyecto-de-acompanamiento-emocional-para-periodistas\/","title":{"rendered":"<strong>Inicia en la UAdeC el Proyecto de Acompa\u00f1amiento Emocional para Periodistas<\/strong>"},"content":{"rendered":"\n<p>SALTILLO, Coahuila. 6 de septiembre de 2023. La Universidad Aut\u00f3noma de Coahuila a trav\u00e9s de la Facultad de Psicolog\u00eda Unidad Saltillo, inicia hoy 6 de septiembre con las actividades del proyecto de <strong>Acompa\u00f1amiento Emocional para Periodistas<\/strong>, que tiene el objetivo de contribuir al bienestar emocional de personas que ejercen el periodismo, brind\u00e1ndoles herramientas psicol\u00f3gicas y estrategias para el manejo de emociones.<\/p>\n\n\n\n<p>Esta iniciativa se realiza en conjunto con la Agencia de los Estados Unidos para el Desarrollo Internacional (USAID), a trav\u00e9s del Programa por la Protecci\u00f3n de Defensores de Derechos Humanos y Periodistas (PDP).<\/p>\n\n\n<div class=\"wp-block-image\">\n<figure class=\"aligncenter size-large is-resized\"><img loading=\"lazy\" decoding=\"async\" src=\"https:\/\/elperiodicodesaltillo.com\/wp\/wp-content\/uploads\/2023\/09\/Inicio-Proyecto-de-Acompanamiento-Emocional-para-Periodistas-_7-1024x683.jpg\" alt=\"\" class=\"wp-image-27843\" width=\"512\" height=\"342\" srcset=\"https:\/\/elperiodicodesaltillo.com\/wp\/wp-content\/uploads\/2023\/09\/Inicio-Proyecto-de-Acompanamiento-Emocional-para-Periodistas-_7-1024x683.jpg 1024w, https:\/\/elperiodicodesaltillo.com\/wp\/wp-content\/uploads\/2023\/09\/Inicio-Proyecto-de-Acompanamiento-Emocional-para-Periodistas-_7-300x200.jpg 300w, https:\/\/elperiodicodesaltillo.com\/wp\/wp-content\/uploads\/2023\/09\/Inicio-Proyecto-de-Acompanamiento-Emocional-para-Periodistas-_7-768x512.jpg 768w, https:\/\/elperiodicodesaltillo.com\/wp\/wp-content\/uploads\/2023\/09\/Inicio-Proyecto-de-Acompanamiento-Emocional-para-Periodistas-_7-1536x1024.jpg 1536w, https:\/\/elperiodicodesaltillo.com\/wp\/wp-content\/uploads\/2023\/09\/Inicio-Proyecto-de-Acompanamiento-Emocional-para-Periodistas-_7-2048x1365.jpg 2048w, https:\/\/elperiodicodesaltillo.com\/wp\/wp-content\/uploads\/2023\/09\/Inicio-Proyecto-de-Acompanamiento-Emocional-para-Periodistas-_7-696x464.jpg 696w, https:\/\/elperiodicodesaltillo.com\/wp\/wp-content\/uploads\/2023\/09\/Inicio-Proyecto-de-Acompanamiento-Emocional-para-Periodistas-_7-1068x712.jpg 1068w, https:\/\/elperiodicodesaltillo.com\/wp\/wp-content\/uploads\/2023\/09\/Inicio-Proyecto-de-Acompanamiento-Emocional-para-Periodistas-_7-630x420.jpg 630w\" sizes=\"auto, (max-width: 512px) 100vw, 512px\" \/><\/figure>\n<\/div>\n\n\n<p>En el auditorio de la Facultad de Psicolog\u00eda, el coordinador de la Unidad Saltillo, Julio Saucedo Zul, la directora del plantel, Ana Berenice de la Pe\u00f1a Aguilar, de USAID, Anderson Matthew y los periodistas Arnulfo Favila y Margena de la O Vargas, se\u00f1alaron que es fundamental trabajar en conjunto para impulsar acciones a trav\u00e9s de las cuales se atienda el bienestar psicol\u00f3gico de los periodistas.<\/p>\n\n\n\n<p>La directora de la Facultad de Psicolog\u00eda, Ana Berenice de la Pe\u00f1a, coment\u00f3 que la Universidad tiene mucho que dar, pero que su aportaci\u00f3n es m\u00e1s grande cuando se une a otras instituciones, es por ello que se trabaja en esta iniciativa con la cual se busca ser un apoyo para los periodistas, pues son la voz de la sociedad.<\/p>\n\n\n\n<p>Por su parte, Anderson Matthew de USAID, reconoci\u00f3 la labor de la Universidad Aut\u00f3noma de Coahuila en el desarrollo de estrategias para atender a quienes ejercen esta labor, pues a trav\u00e9s de ellas se facilitar\u00e1 el desarrollo del ejercicio period\u00edstico en la regi\u00f3n.<\/p>\n\n\n\n<p>Los periodistas Arnulfo Favila y Margena de la O Vargas, afirmaron que el periodismo es un bien p\u00fablico que todos debemos de cuidar, por lo que convocaron a no aceptar la censura y a solicitar apoyo cuando sea necesario, para con ello recuperar la pasi\u00f3n por escribir y transmitir la verdad.<\/p>\n\n\n\n<p>A trav\u00e9s de este proyecto se desarrollar\u00e1 el Taller de Acompa\u00f1amiento de manera presencial los d\u00edas 6, 8, 22 y 29 de septiembre en la Facultad de Psicolog\u00eda de 19:00 a 21:00 horas, mientras que el Taller virtual se llevar\u00e1 a cabo a trav\u00e9s de la plataforma <em>Microsoft Teams<\/em> los d\u00edas 3, 10, 17 y 24 de noviembre de 19:00 a 21:00 horas.<\/p>\n\n\n\n<p>En los cuales se abordar\u00e1n temas como: la identificaci\u00f3n y manejo de riesgos emocionales en lo laboral con perspectiva de g\u00e9nero, la promoci\u00f3n de redes solidarias de trabajo, las estrategias de afrontamiento emocional ante hechos e im\u00e1genes violentas, las estrategias de manejo del <em>s\u00edndrome de Burnout<\/em>, tambi\u00e9n llamado s\u00edndrome de desgaste profesional, entre otros.<\/p>\n\n\n\n<p>El acompa\u00f1amiento individual constar\u00e1 de cuatro sesiones virtuales, previo acuerdo entre el facilitador y el periodista que lo solicite; el cupo est\u00e1 limitado a 15 personas por grupo en cada una de las modalidades; al finalizar, se har\u00e1 un informe, que ser\u00e1 presentado a USAID a partir de los resultados obtenidos.<\/p>\n","protected":false},"excerpt":{"rendered":"<p>SALTILLO, Coahuila. 6 de septiembre de 2023. La Universidad Aut\u00f3noma de Coahuila a trav\u00e9s de la Facultad de Psicolog\u00eda Unidad Saltillo, inicia hoy 6 de septiembre con las actividades del proyecto de Acompa\u00f1amiento Emocional para Periodistas, que tiene el objetivo de contribuir al bienestar emocional de personas que ejercen el periodismo, brind\u00e1ndoles herramientas psicol\u00f3gicas y [&hellip;]<\/p>\n","protected":false},"author":1,"featured_media":27843,"comment_status":"closed","ping_status":"closed","sticky":false,"template":"","format":"standard","meta":{"footnotes":""},"categories":[23],"tags":[],"class_list":["post-27842","post","type-post","status-publish","format-standard","has-post-thumbnail","hentry","category-universidad"],"_links":{"self":[{"href":"https:\/\/elperiodicodesaltillo.com\/wp\/wp-json\/wp\/v2\/posts\/27842","targetHints":{"allow":["GET"]}}],"collection":[{"href":"https:\/\/elperiodicodesaltillo.com\/wp\/wp-json\/wp\/v2\/posts"}],"about":[{"href":"https:\/\/elperiodicodesaltillo.com\/wp\/wp-json\/wp\/v2\/types\/post"}],"author":[{"embeddable":true,"href":"https:\/\/elperiodicodesaltillo.com\/wp\/wp-json\/wp\/v2\/users\/1"}],"replies":[{"embeddable":true,"href":"https:\/\/elperiodicodesaltillo.com\/wp\/wp-json\/wp\/v2\/comments?post=27842"}],"version-history":[{"count":1,"href":"https:\/\/elperiodicodesaltillo.com\/wp\/wp-json\/wp\/v2\/posts\/27842\/revisions"}],"predecessor-version":[{"id":27844,"href":"https:\/\/elperiodicodesaltillo.com\/wp\/wp-json\/wp\/v2\/posts\/27842\/revisions\/27844"}],"wp:featuredmedia":[{"embeddable":true,"href":"https:\/\/elperiodicodesaltillo.com\/wp\/wp-json\/wp\/v2\/media\/27843"}],"wp:attachment":[{"href":"https:\/\/elperiodicodesaltillo.com\/wp\/wp-json\/wp\/v2\/media?parent=27842"}],"wp:term":[{"taxonomy":"category","embeddable":true,"href":"https:\/\/elperiodicodesaltillo.com\/wp\/wp-json\/wp\/v2\/categories?post=27842"},{"taxonomy":"post_tag","embeddable":true,"href":"https:\/\/elperiodicodesaltillo.com\/wp\/wp-json\/wp\/v2\/tags?post=27842"}],"curies":[{"name":"wp","href":"https:\/\/api.w.org\/{rel}","templated":true}]}}