{"id":28050,"date":"2023-09-16T22:11:15","date_gmt":"2023-09-16T22:11:15","guid":{"rendered":"https:\/\/elperiodicodesaltillo.com\/wp\/?p=28050"},"modified":"2023-09-16T22:11:16","modified_gmt":"2023-09-16T22:11:16","slug":"preside-mars-el-tradicional-desfile-por-el-inicio-de-la-independencia-nacional","status":"publish","type":"post","link":"https:\/\/elperiodicodesaltillo.com\/wp\/2023\/09\/16\/preside-mars-el-tradicional-desfile-por-el-inicio-de-la-independencia-nacional\/","title":{"rendered":"<strong>PRESIDE MARS EL TRADICIONAL DESFILE POR EL INICIO DE LA INDEPENDENCIA NACIONAL<\/strong>"},"content":{"rendered":"\n<p>Saltillo, Coahuila de Zaragoza; a 16 de Septiembre de 2023.- Junto a los titulares de los Poderes Legislativo y Judicial del Estado, diputado Eduardo Olmos Castro y magistrado Miguel Felipe Mery Ayup, de manera respectiva, as\u00ed como del Comandante de la VI Zona Militar, General Guillermo Arellano Morales, el gobernador Miguel \u00c1ngel Riquelme Sol\u00eds presidi\u00f3 el tradicional desfile del 16 de septiembre en conmemoraci\u00f3n del 213 Aniversario del inicio de la Independencia Nacional.<\/p>\n\n\n\n<p>Ante centenares de saltillenses, el Mandatario coahuilense encabez\u00f3 el pres\u00eddium del festejo militar desde el templete colocado frente al Ateneo Fuente, en el bulevar Venustiano Carranza y la avenida Universidad, de la Capital del Estado.<\/p>\n\n\n\n<p>Miguel Riquelme, junto al Alcalde de Saltillo, Jos\u00e9 Mar\u00eda Fraustro Siller, funcionarios de su Administraci\u00f3n y del Ayuntamiento de Saltillo, as\u00ed como legisladores locales y federales, observ\u00f3 el paso de los contingentes.<\/p>\n\n\n\n<figure class=\"wp-block-image size-large\"><img loading=\"lazy\" decoding=\"async\" width=\"1024\" height=\"682\" src=\"https:\/\/elperiodicodesaltillo.com\/wp\/wp-content\/uploads\/2023\/09\/preside-1024x682.jpg\" alt=\"\" class=\"wp-image-28051\" srcset=\"https:\/\/elperiodicodesaltillo.com\/wp\/wp-content\/uploads\/2023\/09\/preside-1024x682.jpg 1024w, https:\/\/elperiodicodesaltillo.com\/wp\/wp-content\/uploads\/2023\/09\/preside-300x200.jpg 300w, https:\/\/elperiodicodesaltillo.com\/wp\/wp-content\/uploads\/2023\/09\/preside-768x512.jpg 768w, https:\/\/elperiodicodesaltillo.com\/wp\/wp-content\/uploads\/2023\/09\/preside-1536x1023.jpg 1536w, https:\/\/elperiodicodesaltillo.com\/wp\/wp-content\/uploads\/2023\/09\/preside-696x464.jpg 696w, https:\/\/elperiodicodesaltillo.com\/wp\/wp-content\/uploads\/2023\/09\/preside-1068x712.jpg 1068w, https:\/\/elperiodicodesaltillo.com\/wp\/wp-content\/uploads\/2023\/09\/preside-630x420.jpg 630w, https:\/\/elperiodicodesaltillo.com\/wp\/wp-content\/uploads\/2023\/09\/preside.jpg 1600w\" sizes=\"auto, (max-width: 1024px) 100vw, 1024px\" \/><\/figure>\n\n\n\n<p>El desfile inici\u00f3 en las inmediaciones de los bulevares Francisco Coss y Venustiano Carranza, y se dirigi\u00f3 al norte por esta arteria para concluir en su cruce con Perif\u00e9rico Luis Echeverr\u00eda.&nbsp;<\/p>\n\n\n\n<p>Centenares de familias admiraron el paso gallardo de elementos castrenses y de las Fuerzas de Seguridad del Estado y del Municipio.<\/p>\n\n\n\n<p>Las autoridades y la poblaci\u00f3n admiraron el desfile de 70 veh\u00edculos, 696 elementos, 18 caninos y 27 caballos, que engalanaron el tradicional festejo patrio del 16 de septiembre.<\/p>\n\n\n\n<p>Del total de los veh\u00edculos, 13 fueron de la SEDENA, 19 de la Polic\u00eda Estatal, 32 de la Polic\u00eda Municipal y 6 de la Guardia Nacional.<\/p>\n\n\n\n<p>Asimismo, participaron 354 elementos del Ej\u00e9rcito Mexicano, 88 de la Polic\u00eda Estatal, 132 de la Polic\u00eda Municipal y 122 de la GN.<\/p>\n\n\n\n<p>Tambi\u00e9n 3 caninos de la SEDENA, 10 de la Polic\u00eda Estatal y 5 de la Municipal; adem\u00e1s de 27 caballos, 19 de corporaciones del Estado y 8 de la Polic\u00eda Preventiva de Saltillo.<\/p>\n","protected":false},"excerpt":{"rendered":"<p>Saltillo, Coahuila de Zaragoza; a 16 de Septiembre de 2023.- Junto a los titulares de los Poderes Legislativo y Judicial del Estado, diputado Eduardo Olmos Castro y magistrado Miguel Felipe Mery Ayup, de manera respectiva, as\u00ed como del Comandante de la VI Zona Militar, General Guillermo Arellano Morales, el gobernador Miguel \u00c1ngel Riquelme Sol\u00eds presidi\u00f3 [&hellip;]<\/p>\n","protected":false},"author":1,"featured_media":28051,"comment_status":"closed","ping_status":"closed","sticky":false,"template":"","format":"standard","meta":{"footnotes":""},"categories":[21],"tags":[],"class_list":["post-28050","post","type-post","status-publish","format-standard","has-post-thumbnail","hentry","category-coahuila"],"_links":{"self":[{"href":"https:\/\/elperiodicodesaltillo.com\/wp\/wp-json\/wp\/v2\/posts\/28050","targetHints":{"allow":["GET"]}}],"collection":[{"href":"https:\/\/elperiodicodesaltillo.com\/wp\/wp-json\/wp\/v2\/posts"}],"about":[{"href":"https:\/\/elperiodicodesaltillo.com\/wp\/wp-json\/wp\/v2\/types\/post"}],"author":[{"embeddable":true,"href":"https:\/\/elperiodicodesaltillo.com\/wp\/wp-json\/wp\/v2\/users\/1"}],"replies":[{"embeddable":true,"href":"https:\/\/elperiodicodesaltillo.com\/wp\/wp-json\/wp\/v2\/comments?post=28050"}],"version-history":[{"count":1,"href":"https:\/\/elperiodicodesaltillo.com\/wp\/wp-json\/wp\/v2\/posts\/28050\/revisions"}],"predecessor-version":[{"id":28052,"href":"https:\/\/elperiodicodesaltillo.com\/wp\/wp-json\/wp\/v2\/posts\/28050\/revisions\/28052"}],"wp:featuredmedia":[{"embeddable":true,"href":"https:\/\/elperiodicodesaltillo.com\/wp\/wp-json\/wp\/v2\/media\/28051"}],"wp:attachment":[{"href":"https:\/\/elperiodicodesaltillo.com\/wp\/wp-json\/wp\/v2\/media?parent=28050"}],"wp:term":[{"taxonomy":"category","embeddable":true,"href":"https:\/\/elperiodicodesaltillo.com\/wp\/wp-json\/wp\/v2\/categories?post=28050"},{"taxonomy":"post_tag","embeddable":true,"href":"https:\/\/elperiodicodesaltillo.com\/wp\/wp-json\/wp\/v2\/tags?post=28050"}],"curies":[{"name":"wp","href":"https:\/\/api.w.org\/{rel}","templated":true}]}}