{"id":28356,"date":"2023-10-02T17:25:32","date_gmt":"2023-10-02T17:25:32","guid":{"rendered":"https:\/\/elperiodicodesaltillo.com\/wp\/?p=28356"},"modified":"2023-10-02T17:25:32","modified_gmt":"2023-10-02T17:25:32","slug":"la-scjn-y-su-cauda-de-fechorias","status":"publish","type":"post","link":"https:\/\/elperiodicodesaltillo.com\/wp\/2023\/10\/02\/la-scjn-y-su-cauda-de-fechorias\/","title":{"rendered":"LA SCJN Y SU CAUDA DE FECHOR\u00cdAS"},"content":{"rendered":"\n<p><strong><em>Jos\u00e9 C. Serrano Cuevas.<\/em><\/strong><\/p>\n\n\n\n<p>Il\u00e1n Semo Groman es un investigador, acad\u00e9mico e historiador por la Universidad de Humboldt en Berl\u00edn, Alemania. Posee estudios de posgrado en la Facultad de Ciencias Pol\u00edticas y Sociales de la Universidad Nacional Aut\u00f3noma de M\u00e9xico (UNAM) y una especialidad en Historia Contempor\u00e1nea por la Universidad de Chicago, Estados Unidos.<\/p>\n\n\n\n<p>Il\u00e1n Semo es profesor-investigador del Departamento de Historia de la Universidad Iberoamericana (UIA), donde imparte las c\u00e1tedras de Historiograf\u00eda de la Ilustraci\u00f3n, Historia Contempor\u00e1nea de Europa e Historia de M\u00e9xico en el siglo XX.<\/p>\n\n\n\n<p>Ha sido profesor de diversos programas de posgrado en M\u00e9xico y en Estados Unidos y se ha desempe\u00f1ado como investigador invitado en la Universidad de California (San Diego) y en la Universidad de Chicago, Estados Unidos; tambi\u00e9n en la Facultad Latinoamericana de Ciencias Sociales (FLACSO).<\/p>\n\n\n<div class=\"wp-block-image\">\n<figure class=\"aligncenter size-large is-resized\"><img loading=\"lazy\" decoding=\"async\" src=\"https:\/\/elperiodicodesaltillo.com\/wp\/wp-content\/uploads\/2023\/10\/suprema-1024x633.jpg\" alt=\"\" class=\"wp-image-28357\" width=\"768\" height=\"475\" srcset=\"https:\/\/elperiodicodesaltillo.com\/wp\/wp-content\/uploads\/2023\/10\/suprema-1024x633.jpg 1024w, https:\/\/elperiodicodesaltillo.com\/wp\/wp-content\/uploads\/2023\/10\/suprema-300x185.jpg 300w, https:\/\/elperiodicodesaltillo.com\/wp\/wp-content\/uploads\/2023\/10\/suprema-768x475.jpg 768w, https:\/\/elperiodicodesaltillo.com\/wp\/wp-content\/uploads\/2023\/10\/suprema-1536x949.jpg 1536w, https:\/\/elperiodicodesaltillo.com\/wp\/wp-content\/uploads\/2023\/10\/suprema-356x220.jpg 356w, https:\/\/elperiodicodesaltillo.com\/wp\/wp-content\/uploads\/2023\/10\/suprema-696x430.jpg 696w, https:\/\/elperiodicodesaltillo.com\/wp\/wp-content\/uploads\/2023\/10\/suprema-1068x660.jpg 1068w, https:\/\/elperiodicodesaltillo.com\/wp\/wp-content\/uploads\/2023\/10\/suprema-680x420.jpg 680w, https:\/\/elperiodicodesaltillo.com\/wp\/wp-content\/uploads\/2023\/10\/suprema.jpg 2000w\" sizes=\"auto, (max-width: 768px) 100vw, 768px\" \/><\/figure>\n<\/div>\n\n\n<p>Fue coordinador del posgrado en el Departamento de Historia en la UIA y miembro del Consejo T\u00e9cnico del Posgrado en dicha casa de estudios.<\/p>\n\n\n\n<p>Es autor de numerosos art\u00edculos y textos acad\u00e9micos. Ha publicado los siguientes libros: <em>El ocaso de los mitos, La transici\u00f3n interrumpida, La rueda del azar, La memoria dividida y La postulaci\u00f3n del pasado.<\/em> Dirige la revista \u00abFractal\u00bb. Tambi\u00e9n participa como miembro del Consejo Editorial del Departamento de Historia de la UIA.<\/p>\n\n\n\n<p>El pasado jueves 28 de septiembre public\u00f3 en el diario <em>La Jornada<\/em>, un art\u00edculo en el que aborda la historia de la divisi\u00f3n de poderes en M\u00e9xico, la cual se remonta a la Constituci\u00f3n de Apatzing\u00e1n en 1814. En ella se define dicha divisi\u00f3n como principio rector de funcionamiento del Estado.<\/p>\n\n\n\n<p>Dice el maestro Semo que, durante el porfiriato, la presidencia convirti\u00f3 a los poderes Legislativo y Judicial en agencias de tr\u00e1mites de sus propias necesidades y necedades. D\u00edaz fue un dictador, entre otras razones, por la sujeci\u00f3n a la que someti\u00f3 a los distintos poderes de la Uni\u00f3n.<\/p>\n\n\n\n<p>En 1929, con la formaci\u00f3n del Partido Nacional Revolucionario (PNR), considerado partido \u00fanico de Estado, transformado en 1938 en el Partido de la Revoluci\u00f3n Mexicana (PRM), antecedentes del actual Partido Revolucionario Institucional (PRI), nacido en 1946, el cual tuvo un largo reinado en el que el estilo de hacer pol\u00edtica era similar al del porfiriato: transform\u00f3 a los poderes Legislativo y Judicial en oficinas anexas, una prolongaci\u00f3n del Poder Ejecutivo.<\/p>\n\n\n\n<p>A partir de 1988 emerge de la infrahistoria de la izquierda la democracia parlamentaria en M\u00e9xico. Desde entonces, ning\u00fan presidente ha logrado gobernar sin los cuestionamientos, impugnaciones y disensos del Poder Legislativo. En esos mismos a\u00f1os, la trayectoria del Poder Judicial fue m\u00e1s sinuosa. Con dificultades pudo sortear la sujeci\u00f3n impuesta por los presidentes de la tecnocracia hasta 2018.<\/p>\n\n\n\n<p>En los tiempos actuales existe una abierta confrontaci\u00f3n entre los Poderes Ejecutivo y Judicial, lo que demuestra que la consecuci\u00f3n de la divisi\u00f3n de poderes nunca ha sido una tarea f\u00e1cil. Esto, sin duda, por el sesgo conservador de la Suprema Corte de Justicia de la Naci\u00f3n (SCJN).<\/p>\n\n\n\n<p>Cabe decir, que el asunto no se trata solamente de ese sesgo, sino de la actuaci\u00f3n de la SCJN frente al crimen organizado, ya sea por decisi\u00f3n directa o, avalando a juzgados locales, la tendencia es un\u00e1nime: una y otra vez la Corte protege a los delincuentes. Lo hace de m\u00faltiples maneras.<\/p>\n\n\n\n<p><em>\u00abThe Guardian <\/em>y Jenaro Villamil han compilado una lista de 20 casos con flagrantes violaciones al orden constitucional por parte del Poder Judicial: los criminales ingresan por una puerta a las c\u00e1rceles y a las dos o tres semanas salen exonerados por la puerta siguiente; les incautan avionetas cargadas de estupefacientes y, al poco tiempo, se las devuelven\u00bb.<\/p>\n\n\n\n<p>Cada uno de los jueces que conforman la SCJN tiene una historia plagada de fechor\u00edas (recientemente, se descubri\u00f3 que uno de ellos hab\u00eda escondido durante meses un expediente en la que se obligaba a Ricardo Salinas Pliego a pagar 25 mil millones de pesos por evasi\u00f3n de impuestos).<\/p>\n\n\n\n<p>\u00abEl dilema reside en que, por su naturaleza, en tanto que corte constitucional, no existe ning\u00fan poder que vigile, controle y sancione las decisiones de la SCJN. Es decir, esos cada d\u00eda m\u00e1s dudosos prelados son juez y parte de sus propias acciones\u00bb.<\/p>\n\n\n\n<p>En una rep\u00fablica solvente, alguien tiene que contar con el poder de juzgar a los jueces, para con ello evitar el c\u00edrculo vicioso de jueces que protegen a criminales y criminales que corrompen a jueces.&nbsp;<\/p>\n","protected":false},"excerpt":{"rendered":"<p>Jos\u00e9 C. Serrano Cuevas. Il\u00e1n Semo Groman es un investigador, acad\u00e9mico e historiador por la Universidad de Humboldt en Berl\u00edn, Alemania. Posee estudios de posgrado en la Facultad de Ciencias Pol\u00edticas y Sociales de la Universidad Nacional Aut\u00f3noma de M\u00e9xico (UNAM) y una especialidad en Historia Contempor\u00e1nea por la Universidad de Chicago, Estados Unidos. Il\u00e1n [&hellip;]<\/p>\n","protected":false},"author":7,"featured_media":28357,"comment_status":"closed","ping_status":"closed","sticky":false,"template":"","format":"standard","meta":{"footnotes":""},"categories":[345],"tags":[],"class_list":["post-28356","post","type-post","status-publish","format-standard","has-post-thumbnail","hentry","category-2-de-octubre-de-2023-ed-456"],"_links":{"self":[{"href":"https:\/\/elperiodicodesaltillo.com\/wp\/wp-json\/wp\/v2\/posts\/28356","targetHints":{"allow":["GET"]}}],"collection":[{"href":"https:\/\/elperiodicodesaltillo.com\/wp\/wp-json\/wp\/v2\/posts"}],"about":[{"href":"https:\/\/elperiodicodesaltillo.com\/wp\/wp-json\/wp\/v2\/types\/post"}],"author":[{"embeddable":true,"href":"https:\/\/elperiodicodesaltillo.com\/wp\/wp-json\/wp\/v2\/users\/7"}],"replies":[{"embeddable":true,"href":"https:\/\/elperiodicodesaltillo.com\/wp\/wp-json\/wp\/v2\/comments?post=28356"}],"version-history":[{"count":1,"href":"https:\/\/elperiodicodesaltillo.com\/wp\/wp-json\/wp\/v2\/posts\/28356\/revisions"}],"predecessor-version":[{"id":28358,"href":"https:\/\/elperiodicodesaltillo.com\/wp\/wp-json\/wp\/v2\/posts\/28356\/revisions\/28358"}],"wp:featuredmedia":[{"embeddable":true,"href":"https:\/\/elperiodicodesaltillo.com\/wp\/wp-json\/wp\/v2\/media\/28357"}],"wp:attachment":[{"href":"https:\/\/elperiodicodesaltillo.com\/wp\/wp-json\/wp\/v2\/media?parent=28356"}],"wp:term":[{"taxonomy":"category","embeddable":true,"href":"https:\/\/elperiodicodesaltillo.com\/wp\/wp-json\/wp\/v2\/categories?post=28356"},{"taxonomy":"post_tag","embeddable":true,"href":"https:\/\/elperiodicodesaltillo.com\/wp\/wp-json\/wp\/v2\/tags?post=28356"}],"curies":[{"name":"wp","href":"https:\/\/api.w.org\/{rel}","templated":true}]}}