{"id":28377,"date":"2023-10-02T15:33:00","date_gmt":"2023-10-02T15:33:00","guid":{"rendered":"https:\/\/elperiodicodesaltillo.com\/wp\/?p=28377"},"modified":"2023-10-04T15:34:04","modified_gmt":"2023-10-04T15:34:04","slug":"inaugura-mars-angiografo-en-el-hospital-general-de-torreon","status":"publish","type":"post","link":"https:\/\/elperiodicodesaltillo.com\/wp\/2023\/10\/02\/inaugura-mars-angiografo-en-el-hospital-general-de-torreon\/","title":{"rendered":"<strong>INAUGURA MARS ANGI\u00d3GRAFO EN EL HOSPITAL GENERAL DE TORRE\u00d3N<\/strong>"},"content":{"rendered":"\n<p>\u00b7&nbsp;&nbsp;&nbsp;&nbsp;&nbsp;&nbsp;<strong><em>&nbsp;La inversi\u00f3n es por 85 millones de pesos.&nbsp;<\/em><\/strong><\/p>\n\n\n\n<p>Torre\u00f3n, Coahuila de Zaragoza; a 2 de Octubre de 2023.- El gobernador Miguel \u00c1ngel Riquelme Sol\u00eds inaugur\u00f3 el Angi\u00f3grafo en el Hospital General de Torre\u00f3n, cuya inversi\u00f3n es de 85 millones de pesos.<\/p>\n\n\n\n<p>En su mensaje, el Mandatario estatal agradeci\u00f3 a todo el personal de salud de la entidad: \u201cSu trabajo ha sido fundamental para hacer de Coahuila un referente a nivel nacional; siempre tendr\u00e1n mi reconocimiento por todos los retos que enfrentamos juntos\u201d.<\/p>\n\n\n\n<p>Record\u00f3 que el Covid-19 impuso retos enormes, y en materia de salud retras\u00f3 algunos rubros. Sin embargo, Coahuila supo salir adelante y la atenci\u00f3n a otros tipos de padecimientos es una realidad.<\/p>\n\n\n\n<p>Riquelme Sol\u00eds mencion\u00f3 que est\u00e1 aprovechando para mostrar su gratitud a todos los sectores que le dieron la oportunidad de tomar decisiones y enfrentar retos que, a la fecha, siguen siendo desconocidos para la ciencia, pero que Coahuila atendi\u00f3 \u201cy bien\u201d.<\/p>\n\n\n\n<figure class=\"wp-block-image size-large\"><img loading=\"lazy\" decoding=\"async\" width=\"1024\" height=\"703\" src=\"https:\/\/elperiodicodesaltillo.com\/wp\/wp-content\/uploads\/2023\/10\/angioografo-1024x703.jpg\" alt=\"\" class=\"wp-image-28378\" srcset=\"https:\/\/elperiodicodesaltillo.com\/wp\/wp-content\/uploads\/2023\/10\/angioografo-1024x703.jpg 1024w, https:\/\/elperiodicodesaltillo.com\/wp\/wp-content\/uploads\/2023\/10\/angioografo-300x206.jpg 300w, https:\/\/elperiodicodesaltillo.com\/wp\/wp-content\/uploads\/2023\/10\/angioografo-768x527.jpg 768w, https:\/\/elperiodicodesaltillo.com\/wp\/wp-content\/uploads\/2023\/10\/angioografo-1536x1054.jpg 1536w, https:\/\/elperiodicodesaltillo.com\/wp\/wp-content\/uploads\/2023\/10\/angioografo-100x70.jpg 100w, https:\/\/elperiodicodesaltillo.com\/wp\/wp-content\/uploads\/2023\/10\/angioografo-218x150.jpg 218w, https:\/\/elperiodicodesaltillo.com\/wp\/wp-content\/uploads\/2023\/10\/angioografo-696x478.jpg 696w, https:\/\/elperiodicodesaltillo.com\/wp\/wp-content\/uploads\/2023\/10\/angioografo-1068x733.jpg 1068w, https:\/\/elperiodicodesaltillo.com\/wp\/wp-content\/uploads\/2023\/10\/angioografo-612x420.jpg 612w, https:\/\/elperiodicodesaltillo.com\/wp\/wp-content\/uploads\/2023\/10\/angioografo.jpg 1600w\" sizes=\"auto, (max-width: 1024px) 100vw, 1024px\" \/><\/figure>\n\n\n\n<p>Destac\u00f3 que en esta sala de hemodinamia se tendr\u00e1n estudios que afectan al sistema cardiovascular, con lo que se fortalece el Programa Coahuila Cardio Protegido, dedicado a disminuir la tasa de mortalidad con enfermedades relacionadas al coraz\u00f3n.<\/p>\n\n\n\n<p>Asimismo, confirm\u00f3 que ha habido una coordinaci\u00f3n con el IMSS e ISSSTE para atender lo que aqueja a la salud y las principales demandas de las y los coahuilenses.&nbsp;<\/p>\n\n\n\n<p>Por su parte, el Secretario de Salud del Estado, Roberto Bernal G\u00f3mez, record\u00f3 que poco a poco se fue trabajando en un sistema de urgencias con m\u00e9dicos, param\u00e9dicos y ambulancias, en toda la entidad.&nbsp;<\/p>\n\n\n\n<p>Indic\u00f3 que analizando las causas de muerte, el infarto era una de ellas, y lo primero que se hizo fue equipar ambulancias, que hoy son de las mejores en el pa\u00eds, ya que pueden hacer diagn\u00f3sticos y permiten comunicaci\u00f3n con los m\u00e9dicos al momento de reconocerlo.<\/p>\n\n\n\n<p>Coment\u00f3 que Coahuila es un Estado Cardio Protegido y que son m\u00e1s de 100 edificios con esta denominaci\u00f3n; faltaban los angi\u00f3grafos, aparatos que sirven para identificar las obstrucciones del coraz\u00f3n.<\/p>\n\n\n\n<p>\u201cNing\u00fan Estado tiene esta organizaci\u00f3n, la inversi\u00f3n es de 70 millones de pesos y adecuar el \u00e1rea cost\u00f3 15 millones m\u00e1s. Ya son dos angi\u00f3grafos que vienen a fortalecer a todos los pacientes que no tienen seguridad social en la entidad\u201d, se\u00f1al\u00f3.<\/p>\n\n\n\n<p>Bernal G\u00f3mez agradeci\u00f3 al gobernador Miguel Riquelme por su apoyo y a todo el equipo de salud: \u201cDeseo que este equipo salve muchas vidas\u201d.<\/p>\n\n\n\n<p>A este evento, que se llev\u00f3 a cabo en el Hospital General de Torre\u00f3n, acudieron, adem\u00e1s, Rom\u00e1n Alberto Cepeda Gonz\u00e1lez, Alcalde de Torre\u00f3n; Ver\u00f3nica Mart\u00ednez Garc\u00eda, senadora de la Rep\u00fablica, y Antonio Guti\u00e9rrez Jard\u00f3n, diputado federal.<\/p>\n\n\n\n<p>As\u00ed como Carmen L\u00f3pez Rubio, Directora del Hospital General de Torre\u00f3n; Alberto Esteban Bazzoni Ruiz, encargado de la Sala de Hemodinamia; funcionarios estatales, municipales, personal m\u00e9dico y administrativo del nosocomio y p\u00fablico en general.<\/p>\n","protected":false},"excerpt":{"rendered":"<p>\u00b7&nbsp;&nbsp;&nbsp;&nbsp;&nbsp;&nbsp;&nbsp;La inversi\u00f3n es por 85 millones de pesos.&nbsp; Torre\u00f3n, Coahuila de Zaragoza; a 2 de Octubre de 2023.- El gobernador Miguel \u00c1ngel Riquelme Sol\u00eds inaugur\u00f3 el Angi\u00f3grafo en el Hospital General de Torre\u00f3n, cuya inversi\u00f3n es de 85 millones de pesos. En su mensaje, el Mandatario estatal agradeci\u00f3 a todo el personal de salud de [&hellip;]<\/p>\n","protected":false},"author":1,"featured_media":28378,"comment_status":"closed","ping_status":"closed","sticky":false,"template":"","format":"standard","meta":{"footnotes":""},"categories":[21],"tags":[],"class_list":["post-28377","post","type-post","status-publish","format-standard","has-post-thumbnail","hentry","category-coahuila"],"_links":{"self":[{"href":"https:\/\/elperiodicodesaltillo.com\/wp\/wp-json\/wp\/v2\/posts\/28377","targetHints":{"allow":["GET"]}}],"collection":[{"href":"https:\/\/elperiodicodesaltillo.com\/wp\/wp-json\/wp\/v2\/posts"}],"about":[{"href":"https:\/\/elperiodicodesaltillo.com\/wp\/wp-json\/wp\/v2\/types\/post"}],"author":[{"embeddable":true,"href":"https:\/\/elperiodicodesaltillo.com\/wp\/wp-json\/wp\/v2\/users\/1"}],"replies":[{"embeddable":true,"href":"https:\/\/elperiodicodesaltillo.com\/wp\/wp-json\/wp\/v2\/comments?post=28377"}],"version-history":[{"count":1,"href":"https:\/\/elperiodicodesaltillo.com\/wp\/wp-json\/wp\/v2\/posts\/28377\/revisions"}],"predecessor-version":[{"id":28379,"href":"https:\/\/elperiodicodesaltillo.com\/wp\/wp-json\/wp\/v2\/posts\/28377\/revisions\/28379"}],"wp:featuredmedia":[{"embeddable":true,"href":"https:\/\/elperiodicodesaltillo.com\/wp\/wp-json\/wp\/v2\/media\/28378"}],"wp:attachment":[{"href":"https:\/\/elperiodicodesaltillo.com\/wp\/wp-json\/wp\/v2\/media?parent=28377"}],"wp:term":[{"taxonomy":"category","embeddable":true,"href":"https:\/\/elperiodicodesaltillo.com\/wp\/wp-json\/wp\/v2\/categories?post=28377"},{"taxonomy":"post_tag","embeddable":true,"href":"https:\/\/elperiodicodesaltillo.com\/wp\/wp-json\/wp\/v2\/tags?post=28377"}],"curies":[{"name":"wp","href":"https:\/\/api.w.org\/{rel}","templated":true}]}}