{"id":28747,"date":"2023-10-23T17:24:00","date_gmt":"2023-10-23T17:24:00","guid":{"rendered":"https:\/\/elperiodicodesaltillo.com\/wp\/?p=28747"},"modified":"2023-10-25T17:25:34","modified_gmt":"2023-10-25T17:25:34","slug":"anuncia-mars-inversion-de-160-millones-de-pesos-de-tim-hortons","status":"publish","type":"post","link":"https:\/\/elperiodicodesaltillo.com\/wp\/2023\/10\/23\/anuncia-mars-inversion-de-160-millones-de-pesos-de-tim-hortons\/","title":{"rendered":"<strong>ANUNCIA MARS INVERSI\u00d3N DE 160 MILLONES DE PESOS DE TIM HORTONS<\/strong>"},"content":{"rendered":"\n<p>\u00b7&nbsp;&nbsp;&nbsp;&nbsp;&nbsp;&nbsp;<strong><em>&nbsp;La cadena iniciar\u00e1 con 6 sucursales en Torre\u00f3n, con la meta de abrir 20.<\/em><\/strong><\/p>\n\n\n\n<p>Torre\u00f3n, Coahuila de Zaragoza; a 23 de Octubre de 2023.- El gobernador Miguel \u00c1ngel Riquelme Sol\u00eds anunci\u00f3 el arribo a esta ciudad de la cadena comercial Tim Hortons, que invertir\u00e1 160 millones de pesos y arrancar\u00e1 con 6 sucursales, con la meta de llegar a 20.&nbsp;<\/p>\n\n\n\n<p>El Mandatario estatal reconoci\u00f3 que cualquier empresa, antes de instalarse en alg\u00fan lugar, hace estudios profundos, y hoy se anuncian 20 sucursales para Torre\u00f3n.<\/p>\n\n\n\n<p>Agradeci\u00f3 que hayan definido la inversi\u00f3n para La Perla de La Laguna, y que las se\u00f1ales son buenas: \u201cPor ejemplo, la llegada de Costco y la de esta empresa se dan porque tienen asegurado alcanzar sus niveles de ventas, jam\u00e1s arriesgan su capital, y sirve para que otras inversiones lleguen\u201d.<\/p>\n\n\n\n<figure class=\"wp-block-image size-large\"><img loading=\"lazy\" decoding=\"async\" width=\"1024\" height=\"631\" src=\"https:\/\/elperiodicodesaltillo.com\/wp\/wp-content\/uploads\/2023\/10\/tim-1024x631.jpg\" alt=\"\" class=\"wp-image-28748\" srcset=\"https:\/\/elperiodicodesaltillo.com\/wp\/wp-content\/uploads\/2023\/10\/tim-1024x631.jpg 1024w, https:\/\/elperiodicodesaltillo.com\/wp\/wp-content\/uploads\/2023\/10\/tim-300x185.jpg 300w, https:\/\/elperiodicodesaltillo.com\/wp\/wp-content\/uploads\/2023\/10\/tim-768x473.jpg 768w, https:\/\/elperiodicodesaltillo.com\/wp\/wp-content\/uploads\/2023\/10\/tim-1536x947.jpg 1536w, https:\/\/elperiodicodesaltillo.com\/wp\/wp-content\/uploads\/2023\/10\/tim-356x220.jpg 356w, https:\/\/elperiodicodesaltillo.com\/wp\/wp-content\/uploads\/2023\/10\/tim-696x429.jpg 696w, https:\/\/elperiodicodesaltillo.com\/wp\/wp-content\/uploads\/2023\/10\/tim-1068x658.jpg 1068w, https:\/\/elperiodicodesaltillo.com\/wp\/wp-content\/uploads\/2023\/10\/tim-682x420.jpg 682w, https:\/\/elperiodicodesaltillo.com\/wp\/wp-content\/uploads\/2023\/10\/tim.jpg 1600w\" sizes=\"auto, (max-width: 1024px) 100vw, 1024px\" \/><\/figure>\n\n\n\n<p>En el evento, se mencion\u00f3 que las siguientes sucursales, adem\u00e1s de la Independencia, estar\u00e1n ubicadas en puntos estrat\u00e9gicos de la ciudad.<\/p>\n\n\n\n<p>\u201cGracias por seleccionar Torre\u00f3n, estoy seguro que les ir\u00e1 muy bien pues vienen buenos a\u00f1os para Coahuila de la mano del Gobernador Electo, Manolo Jim\u00e9nez Salinas, que estoy seguro conservar\u00e1 la paz y la tranquilidad que hoy tiene el estado\u201d, reiter\u00f3 Riquelme Sol\u00eds.<\/p>\n\n\n\n<p>Al dar la bienvenida, Rom\u00e1n Alberto Cepeda Gonz\u00e1lez, Alcalde de Torre\u00f3n, agradeci\u00f3 la presencia del gobernador Miguel Riquelme y se dijo contento por esta inversi\u00f3n, que tiene que ver con el eje de Desarrollo Econ\u00f3mico y con el que La Laguna siga creciendo.<\/p>\n\n\n\n<p>\u201cLa fortaleza del desarrollo econ\u00f3mico de Torre\u00f3n tiene que ver con la coordinaci\u00f3n entre Estado y Municipio; hoy seguimos abriendo la puerta para que empresarios de otras latitudes piensen en Torre\u00f3n\u201d, subray\u00f3.<\/p>\n\n\n\n<p>Claudio Bres Garza, Secretario de Econom\u00eda del Estado, celebr\u00f3, junto con los empresarios presentes, lo que hoy refleja La Laguna: \u201cCon el pasar de los d\u00edas, el sembrado de toda la actividad comercial\u201d.<\/p>\n\n\n\n<p>Coment\u00f3 que la inversi\u00f3n es de 160 millones de pesos, y a cinco semanas de que termine la Administraci\u00f3n de Miguel Riquelme, dijo que la puesta en marcha de parques industriales detonar\u00e1 el crecimiento explosivo de esta franja de Coahuila.<\/p>\n\n\n\n<p>Advirti\u00f3 que la primera sucursal estar\u00e1 ubicada en Bulevar Independencia 1498, esquina con R\u00edo Lerma, en la Colonia Navarro, y estar\u00e1 ofreciendo caf\u00e9 fr\u00edo o caliente a partir del mes de diciembre.<\/p>\n\n\n\n<p>Por su parte, el Director de Desarrollo y Relaciones Institucionales de Tim Hortons, Emmanuel Hinojosa Arroyo, agradeci\u00f3 a las autoridades la recepci\u00f3n en esta tierra e inform\u00f3 que est\u00e1n motivados y entusiasmados de la apertura del mercado en Torre\u00f3n.<\/p>\n\n\n\n<p>Mencion\u00f3 que en Torre\u00f3n se buscan instalar hasta 20 sucursales en sus diferentes modalidades en los pr\u00f3ximos cuatro a\u00f1os, empezando por seis, y qu\u00e9 mejor que llegar de la mano con las autoridades, pues buscan convertirse en la cafeter\u00eda preferida y de mayor crecimiento en M\u00e9xico.&nbsp;<\/p>\n\n\n\n<p>Adem\u00e1s, Luc\u00eda L\u00f3pez Sarre, Directora de Marketing e Innovaci\u00f3n de Tim Hortons, explic\u00f3 que todo lo que hacen siempre est\u00e1 reci\u00e9n hecho y buscan hornear las mejores experiencias para todas y todos laguneros.<\/p>\n\n\n\n<p>\u201cEsta es m\u00e1s que una cafeter\u00eda, es una respuesta para todos momentos de la vida, y de la mano de socios comerciales ofrecemos una nueva alternativa. Es m\u00e1s que un viaje empresarial, pues buscamos fortalecer los lazos comunitarios\u201d, se\u00f1al\u00f3.<\/p>\n\n\n\n<p>Al anuncio de inversi\u00f3n desarrollado en el Centro de Convenciones de Torre\u00f3n, acudieron, adem\u00e1s, Ver\u00f3nica Mart\u00ednez Garc\u00eda, senadora de la Rep\u00fablica; Jos\u00e9 Antonio Guti\u00e9rrez Jard\u00f3n, diputado federal; Hugo D\u00e1vila Prado, diputado local, y Jes\u00fas Favila Sandoval, Gerente de Operaciones Tim Hortons, as\u00ed como funcionarios p\u00fablicos estatales, municipales y p\u00fablico en general.<\/p>\n","protected":false},"excerpt":{"rendered":"<p>\u00b7&nbsp;&nbsp;&nbsp;&nbsp;&nbsp;&nbsp;&nbsp;La cadena iniciar\u00e1 con 6 sucursales en Torre\u00f3n, con la meta de abrir 20. Torre\u00f3n, Coahuila de Zaragoza; a 23 de Octubre de 2023.- El gobernador Miguel \u00c1ngel Riquelme Sol\u00eds anunci\u00f3 el arribo a esta ciudad de la cadena comercial Tim Hortons, que invertir\u00e1 160 millones de pesos y arrancar\u00e1 con 6 sucursales, con la [&hellip;]<\/p>\n","protected":false},"author":1,"featured_media":28748,"comment_status":"closed","ping_status":"closed","sticky":false,"template":"","format":"standard","meta":{"footnotes":""},"categories":[21],"tags":[],"class_list":["post-28747","post","type-post","status-publish","format-standard","has-post-thumbnail","hentry","category-coahuila"],"_links":{"self":[{"href":"https:\/\/elperiodicodesaltillo.com\/wp\/wp-json\/wp\/v2\/posts\/28747","targetHints":{"allow":["GET"]}}],"collection":[{"href":"https:\/\/elperiodicodesaltillo.com\/wp\/wp-json\/wp\/v2\/posts"}],"about":[{"href":"https:\/\/elperiodicodesaltillo.com\/wp\/wp-json\/wp\/v2\/types\/post"}],"author":[{"embeddable":true,"href":"https:\/\/elperiodicodesaltillo.com\/wp\/wp-json\/wp\/v2\/users\/1"}],"replies":[{"embeddable":true,"href":"https:\/\/elperiodicodesaltillo.com\/wp\/wp-json\/wp\/v2\/comments?post=28747"}],"version-history":[{"count":1,"href":"https:\/\/elperiodicodesaltillo.com\/wp\/wp-json\/wp\/v2\/posts\/28747\/revisions"}],"predecessor-version":[{"id":28749,"href":"https:\/\/elperiodicodesaltillo.com\/wp\/wp-json\/wp\/v2\/posts\/28747\/revisions\/28749"}],"wp:featuredmedia":[{"embeddable":true,"href":"https:\/\/elperiodicodesaltillo.com\/wp\/wp-json\/wp\/v2\/media\/28748"}],"wp:attachment":[{"href":"https:\/\/elperiodicodesaltillo.com\/wp\/wp-json\/wp\/v2\/media?parent=28747"}],"wp:term":[{"taxonomy":"category","embeddable":true,"href":"https:\/\/elperiodicodesaltillo.com\/wp\/wp-json\/wp\/v2\/categories?post=28747"},{"taxonomy":"post_tag","embeddable":true,"href":"https:\/\/elperiodicodesaltillo.com\/wp\/wp-json\/wp\/v2\/tags?post=28747"}],"curies":[{"name":"wp","href":"https:\/\/api.w.org\/{rel}","templated":true}]}}