{"id":28759,"date":"2023-10-24T17:29:00","date_gmt":"2023-10-24T17:29:00","guid":{"rendered":"https:\/\/elperiodicodesaltillo.com\/wp\/?p=28759"},"modified":"2023-10-25T17:29:44","modified_gmt":"2023-10-25T17:29:44","slug":"reitera-mars-su-compromiso-por-garantizar-las-condiciones-de-seguridad-de-las-y-los-coahuilenses","status":"publish","type":"post","link":"https:\/\/elperiodicodesaltillo.com\/wp\/2023\/10\/24\/reitera-mars-su-compromiso-por-garantizar-las-condiciones-de-seguridad-de-las-y-los-coahuilenses\/","title":{"rendered":"<strong>REITERA MARS SU COMPROMISO POR GARANTIZAR LAS CONDICIONES DE SEGURIDAD DE LAS Y LOS COAHUILENSES<\/strong>"},"content":{"rendered":"\n<p>\u00b7&nbsp;&nbsp;&nbsp;&nbsp;&nbsp;&nbsp;<strong><em>Preside gobernador Miguel Riquelme ceremonia de graduaci\u00f3n de la IX Generaci\u00f3n de la Polic\u00eda Estatal.<\/em><\/strong><\/p>\n\n\n\n<p>\u00b7&nbsp;&nbsp;&nbsp;&nbsp;&nbsp;&nbsp;<strong><em>En Coahuila se han invertido m\u00e1s de 3 mil millones de pesos en materia de seguridad.<\/em><\/strong><\/p>\n\n\n\n<p>Saltillo, Coahuila de Zaragoza; a 24 de Octubre de 2023.- Con la graduaci\u00f3n hoy de 200 cadetes de la IX Generaci\u00f3n de la Polic\u00eda Estatal, en lo que va de la Administraci\u00f3n del gobernador Miguel \u00c1ngel Riquelme Sol\u00eds se han integrado a esta corporaci\u00f3n 1,358 nuevos elementos altamente preparados, y se ha capacitado a elementos de corporaciones municipales en la Universidad de Ciencias de la Seguridad.<\/p>\n\n\n\n<p>\u201cLo dije desde el inicio de mi Gobierno: nuestra m\u00e1xima prioridad ser\u00e1 garantizar las condiciones de orden p\u00fablico, tranquilidad y paz social a lo largo y ancho de nuestro territorio\u201d, mencion\u00f3 el Mandatario estatal.<\/p>\n\n\n\n<p>Destac\u00f3 que este compromiso se ha hecho realidad y cada una de las l\u00edneas de acci\u00f3n fue cumplida a cabalidad, y el rostro de la seguridad en Coahuila cambi\u00f3 de manera radical.<\/p>\n\n\n<div class=\"wp-block-image\">\n<figure class=\"aligncenter size-large is-resized\"><img loading=\"lazy\" decoding=\"async\" src=\"https:\/\/elperiodicodesaltillo.com\/wp\/wp-content\/uploads\/2023\/10\/reit-1024x721.jpg\" alt=\"\" class=\"wp-image-28760\" width=\"512\" height=\"361\" srcset=\"https:\/\/elperiodicodesaltillo.com\/wp\/wp-content\/uploads\/2023\/10\/reit-1024x721.jpg 1024w, https:\/\/elperiodicodesaltillo.com\/wp\/wp-content\/uploads\/2023\/10\/reit-300x211.jpg 300w, https:\/\/elperiodicodesaltillo.com\/wp\/wp-content\/uploads\/2023\/10\/reit-768x540.jpg 768w, https:\/\/elperiodicodesaltillo.com\/wp\/wp-content\/uploads\/2023\/10\/reit-1536x1081.jpg 1536w, https:\/\/elperiodicodesaltillo.com\/wp\/wp-content\/uploads\/2023\/10\/reit-100x70.jpg 100w, https:\/\/elperiodicodesaltillo.com\/wp\/wp-content\/uploads\/2023\/10\/reit-696x490.jpg 696w, https:\/\/elperiodicodesaltillo.com\/wp\/wp-content\/uploads\/2023\/10\/reit-1068x752.jpg 1068w, https:\/\/elperiodicodesaltillo.com\/wp\/wp-content\/uploads\/2023\/10\/reit-597x420.jpg 597w, https:\/\/elperiodicodesaltillo.com\/wp\/wp-content\/uploads\/2023\/10\/reit.jpg 1600w\" sizes=\"auto, (max-width: 512px) 100vw, 512px\" \/><\/figure>\n<\/div>\n\n\n<p>Teniendo como sede el Teatro de la Ciudad \u201cGral. Eulalio Guti\u00e9rrez Ortiz\u201d, de Ramos Arizpe, el Jefe del Ejecutivo Estatal presidi\u00f3 el evento en el que, a nombre del pueblo y Gobierno de Coahuila, expres\u00f3 su felicitaci\u00f3n y reconocimiento a los graduandos por la decisi\u00f3n y preparaci\u00f3n para dedicarse a la carrera policial.<\/p>\n\n\n\n<p>De los 200 nuevos polic\u00edas, 158 son hombres y 42 mujeres; 131 son de la Polic\u00eda Especializada; 46 de la Polic\u00eda Penitenciaria; 16 de la Polic\u00eda Complementaria, y 7 para el Centro de Comunicaciones, Control, C\u00f3mputo y Comando (C4).<\/p>\n\n\n\n<p>Riquelme Sol\u00eds coment\u00f3 que el modelo de seguridad de Coahuila, reconocido a nivel nacional, es el resultado de un largo proceso dedicado a hacer frente a los retos de la nueva realidad de nuestro pa\u00eds.<\/p>\n\n\n\n<p>Agreg\u00f3 que a pesar de las sucesivas crisis sanitaria, econ\u00f3mica, financiera y presupuestal, se han destinado a la seguridad de Coahuila m\u00e1s de 3 mil millones de pesos en su sexenio.<\/p>\n\n\n\n<p>En ese sentido, destac\u00f3 que se han fortalecido las Polic\u00edas estatales y municipales con mayor capacitaci\u00f3n, mejor equipamiento y tecnolog\u00eda de punta; se han entregado 445 nuevas patrullas, 2,160 armas y miles de paquetes de municiones.<\/p>\n\n\n\n<p>Adem\u00e1s, se han transformado los C4 enlazados a los C2 de las principales ciudades, en aut\u00e9nticos Centros Operativos y de Inteligencia, para la persecuci\u00f3n de los delincuentes.<\/p>\n\n\n\n<p>Miguel Riquelme se\u00f1al\u00f3 que en este sexenio la infraestructura militar en Coahuila cuenta con un hospital y 18 cuarteles estrat\u00e9gicamente ubicados en las cinco regiones.&nbsp;<\/p>\n\n\n\n<p>Expres\u00f3 que la \u00faltima gran inversi\u00f3n se concret\u00f3 con la puesta en operaciones del mega cuartel en Acu\u00f1a, el cual tuvo una inversi\u00f3n estatal de 480 millones de pesos.<\/p>\n\n\n\n<p>\u201cDe esta forma sostenemos un s\u00f3lido y permanente blindaje contra la delincuencia. Cada uno de los 49 intentos de civiles armados por ingresar a nuestro territorio han sido repelidos de manera inmediata y contundente por nuestras Polic\u00edas, en conjunci\u00f3n con las Fuerzas Armadas.<\/p>\n\n\n\n<p>\u201cEn cada enfrentamiento ha quedado patente el valor, honor, lealtad y patriotismo, incluso en riesgo de su propia integridad, de nuestros polic\u00edas y de los integrantes del Ej\u00e9rcito Mexicano y la Guardia Nacional\u201d, mencion\u00f3.<\/p>\n\n\n\n<p>Se\u00f1al\u00f3 que ser de los estados m\u00e1s seguros del pa\u00eds nos ha conducido a ser tambi\u00e9n de los m\u00e1s atractivos a la inversi\u00f3n productiva, nacional y del extranjero, por lo que hoy Coahuila es protagonista central del proceso de re-localizaci\u00f3n que se vive en el noreste del pa\u00eds.&nbsp;<\/p>\n\n\n\n<p>\u201cEn el sexto y \u00faltimo a\u00f1o de mi Gobierno ya registramos 64 nuevos proyectos de inversi\u00f3n\u201d, destac\u00f3.<\/p>\n\n\n\n<p>De la misma manera, exhort\u00f3 a las y los nuevos polic\u00edas estatales a cumplir con su importante misi\u00f3n con el m\u00e1s alto sentido del deber, \u00e9tica y responsabilidad.<\/p>\n\n\n\n<p>\u201cEstoy muy contento y tranquilo de que entrego un Coahuila m\u00e1s fuerte, m\u00e1s seguro, unido y en progreso\u201d, puntualiz\u00f3.&nbsp;<\/p>\n\n\n\n<p>Conmin\u00f3 a todos a que a partir del 1 de diciembre respalden el proyecto social del Gobernador Electo, Manolo Jim\u00e9nez Salinas, y defender todo lo que juntos, sociedad y Gobierno, hemos logrado.<\/p>\n\n\n\n<p>\u201cPor ning\u00fan motivo y bajo ninguna circunstancia pongamos en riesgo lo m\u00e1s preciado que tenemos y que mucho esfuerzo nos ha constado: La tranquilidad de las familias y la paz de nuestro estado\u201d, expres\u00f3 el gobernador Miguel Riquelme.<\/p>\n\n\n\n<p>Por su parte, Sonia Villarreal P\u00e9rez, titular de la Secretar\u00eda de Seguridad P\u00fablica, inform\u00f3 que durante el sexenio del gobernador Miguel Riquelme se increment\u00f3 en un 50 por ciento el estado de fuerza en la entidad; se han graduado nueve generaciones y actualmente est\u00e1 en formaci\u00f3n la d\u00e9cima, la cual estar\u00e1 lista para el servicio las primeras semanas de diciembre.<\/p>\n\n\n\n<p>Agradeci\u00f3 al Ej\u00e9rcito Mexicano, la Guardia Nacional y las fiscal\u00edas el apoyo que siempre han brindado: \u201cGracias a ello podremos entregar a las y los coahuilenses un nuevo modelo de seguridad sostenible, s\u00f3lido e integral\u201d.<\/p>\n\n\n\n<p>A nombre de los graduados, Deyanira Abigail Ch\u00e1vez Mart\u00ednez agradeci\u00f3 y reconoci\u00f3 el trabajo del gobernador Miguel Riquelme, y expres\u00f3 que tanto ella como sus compa\u00f1eros de generaci\u00f3n dar\u00e1n continuidad a los resultados alcanzados y no permitir\u00e1n que se derrumbe el muro de protecci\u00f3n que se ha logrado.<\/p>\n\n\n\n<p>En este ceremonia de Graduaci\u00f3n de la IX Generaci\u00f3n de la Polic\u00eda Estatal estuvieron presentes, adem\u00e1s, el Presidente del Tribunal Superior de Justicia, Magistrado Miguel Felipe Mery Ayup; los alcaldes de Saltillo y Ramos Arizpe, Jos\u00e9 Mar\u00eda Fraustro Siller, y Jos\u00e9 Mar\u00eda Morales Padilla; Edna D\u00e1valos Elizondo, diputada local; Fernando de las Fuentes Hern\u00e1ndez, Secretario de Gobierno, y Gerardo M\u00e1rquez Guevara, Fiscal General del Estado.<\/p>\n\n\n\n<p>Tambi\u00e9n Jos\u00e9 Luis de la Pe\u00f1a Flores, Rector de la Universidad de Ciencias de la Seguridad; Juan Carlos L\u00f3pez Reynoso, Subsecretario de Normatividad de Desarrollo Institucional, y Gabriel Alberto Mart\u00ednez L\u00f3pez, Director General de la Agencia de Investigaci\u00f3n Criminal.&nbsp;<\/p>\n\n\n\n<p>Adem\u00e1s de integrantes del Gabinete Legal y Ampliado del Ejecutivo, presidentes de \u00f3rganos aut\u00f3nomos y funcionarios municipales.<\/p>\n","protected":false},"excerpt":{"rendered":"<p>\u00b7&nbsp;&nbsp;&nbsp;&nbsp;&nbsp;&nbsp;Preside gobernador Miguel Riquelme ceremonia de graduaci\u00f3n de la IX Generaci\u00f3n de la Polic\u00eda Estatal. \u00b7&nbsp;&nbsp;&nbsp;&nbsp;&nbsp;&nbsp;En Coahuila se han invertido m\u00e1s de 3 mil millones de pesos en materia de seguridad. Saltillo, Coahuila de Zaragoza; a 24 de Octubre de 2023.- Con la graduaci\u00f3n hoy de 200 cadetes de la IX Generaci\u00f3n de la Polic\u00eda [&hellip;]<\/p>\n","protected":false},"author":1,"featured_media":28760,"comment_status":"closed","ping_status":"closed","sticky":false,"template":"","format":"standard","meta":{"footnotes":""},"categories":[21],"tags":[],"class_list":["post-28759","post","type-post","status-publish","format-standard","has-post-thumbnail","hentry","category-coahuila"],"_links":{"self":[{"href":"https:\/\/elperiodicodesaltillo.com\/wp\/wp-json\/wp\/v2\/posts\/28759","targetHints":{"allow":["GET"]}}],"collection":[{"href":"https:\/\/elperiodicodesaltillo.com\/wp\/wp-json\/wp\/v2\/posts"}],"about":[{"href":"https:\/\/elperiodicodesaltillo.com\/wp\/wp-json\/wp\/v2\/types\/post"}],"author":[{"embeddable":true,"href":"https:\/\/elperiodicodesaltillo.com\/wp\/wp-json\/wp\/v2\/users\/1"}],"replies":[{"embeddable":true,"href":"https:\/\/elperiodicodesaltillo.com\/wp\/wp-json\/wp\/v2\/comments?post=28759"}],"version-history":[{"count":1,"href":"https:\/\/elperiodicodesaltillo.com\/wp\/wp-json\/wp\/v2\/posts\/28759\/revisions"}],"predecessor-version":[{"id":28761,"href":"https:\/\/elperiodicodesaltillo.com\/wp\/wp-json\/wp\/v2\/posts\/28759\/revisions\/28761"}],"wp:featuredmedia":[{"embeddable":true,"href":"https:\/\/elperiodicodesaltillo.com\/wp\/wp-json\/wp\/v2\/media\/28760"}],"wp:attachment":[{"href":"https:\/\/elperiodicodesaltillo.com\/wp\/wp-json\/wp\/v2\/media?parent=28759"}],"wp:term":[{"taxonomy":"category","embeddable":true,"href":"https:\/\/elperiodicodesaltillo.com\/wp\/wp-json\/wp\/v2\/categories?post=28759"},{"taxonomy":"post_tag","embeddable":true,"href":"https:\/\/elperiodicodesaltillo.com\/wp\/wp-json\/wp\/v2\/tags?post=28759"}],"curies":[{"name":"wp","href":"https:\/\/api.w.org\/{rel}","templated":true}]}}