{"id":29022,"date":"2023-11-02T14:19:00","date_gmt":"2023-11-02T14:19:00","guid":{"rendered":"https:\/\/elperiodicodesaltillo.com\/wp\/?p=29022"},"modified":"2023-11-06T14:19:43","modified_gmt":"2023-11-06T14:19:43","slug":"anuncian-miguel-riquelme-y-manolo-jimenez-inicio-formal-de-la-entrega-recepcion","status":"publish","type":"post","link":"https:\/\/elperiodicodesaltillo.com\/wp\/2023\/11\/02\/anuncian-miguel-riquelme-y-manolo-jimenez-inicio-formal-de-la-entrega-recepcion\/","title":{"rendered":"<strong>ANUNCIAN MIGUEL RIQUELME Y MANOLO JIM\u00c9NEZ INICIO FORMAL DE LA ENTREGA &#8211; RECEPCI\u00d3N<\/strong>"},"content":{"rendered":"\n<p>Saltillo, Coahuila de Zaragoza; a 2 de Noviembre de 2023.- El gobernador Miguel \u00c1ngel Riquelme Sol\u00eds y el Gobernador Electo, Manolo Jim\u00e9nez Salinas, anunciaron el inicio formal de la Entrega-Recepci\u00f3n, con todas las formas jur\u00eddicas y t\u00e9cnicas que requiere un cambio de Administraci\u00f3n Estatal.<\/p>\n\n\n\n<p>Desde el Sal\u00f3n Gobernadores de Palacio de Gobierno, y luego de una reuni\u00f3n en la que estuvieron presentes integrantes del Gabinete Legal y Ampliado, as\u00ed como parte del equipo del Gobierno entrante, ambos coincidieron en que con este procedimiento responsable se da certeza a las y los coahuilenses.<\/p>\n\n\n\n<p>Informaron que se firm\u00f3 un protocolo para esta Entrega-Recepci\u00f3n y que se estableci\u00f3 un calendario para que el Gobierno entrante revise cada una de las \u00e1reas del actual Gobierno.<\/p>\n\n\n\n<figure class=\"wp-block-image size-large\"><img loading=\"lazy\" decoding=\"async\" width=\"1024\" height=\"576\" src=\"https:\/\/elperiodicodesaltillo.com\/wp\/wp-content\/uploads\/2023\/11\/anuncian-1024x576.jpg\" alt=\"\" class=\"wp-image-29023\" srcset=\"https:\/\/elperiodicodesaltillo.com\/wp\/wp-content\/uploads\/2023\/11\/anuncian-1024x576.jpg 1024w, https:\/\/elperiodicodesaltillo.com\/wp\/wp-content\/uploads\/2023\/11\/anuncian-300x169.jpg 300w, https:\/\/elperiodicodesaltillo.com\/wp\/wp-content\/uploads\/2023\/11\/anuncian-768x432.jpg 768w, https:\/\/elperiodicodesaltillo.com\/wp\/wp-content\/uploads\/2023\/11\/anuncian-696x392.jpg 696w, https:\/\/elperiodicodesaltillo.com\/wp\/wp-content\/uploads\/2023\/11\/anuncian-1068x601.jpg 1068w, https:\/\/elperiodicodesaltillo.com\/wp\/wp-content\/uploads\/2023\/11\/anuncian-747x420.jpg 747w, https:\/\/elperiodicodesaltillo.com\/wp\/wp-content\/uploads\/2023\/11\/anuncian.jpg 1280w\" sizes=\"auto, (max-width: 1024px) 100vw, 1024px\" \/><\/figure>\n\n\n\n<p>Por parte del actual Gobierno, se design\u00f3 a Fernando de las Fuentes Hern\u00e1ndez, Secretario de Gobierno, como responsable para hacer contacto con cada una de las dependencias que vaya requiriendo la nueva Administraci\u00f3n; mientras que Blas Flores Gonz\u00e1lez ser\u00e1 el Enlace del Gobierno entrante para esta transici\u00f3n.<\/p>\n\n\n\n<p>Se adelant\u00f3, adem\u00e1s, que en su momento Flores Gonz\u00e1lez ser\u00e1 designado como Jefe del Gabinete y responsable de proyectos estrat\u00e9gicos; adem\u00e1s, que Ricardo Gonz\u00e1lez ser\u00e1 el Jefe de la Oficina del Despacho de Manolo Jim\u00e9nez.<\/p>\n\n\n\n<p>El gobernador Miguel Riquelme mencion\u00f3 que el pr\u00f3ximo martes habr\u00e1 una reuni\u00f3n con parte del equipo que propuso Manolo Jim\u00e9nez en esta Entrega-Recepci\u00f3n con el Gabinete Legal y Ampliado del Gobierno saliente, para poder verificar el estatus que guarda cada una de las dependencias.&nbsp;<\/p>\n\n\n\n<p>\u201cEste formato tiene como objetivo el poder revisar los compromisos y pendientes de la Administraci\u00f3n para poder dar continuidad, a partir del 1 de diciembre, de muchos temas que son de inter\u00e9s del Estado, que se pueda proseguir la operaci\u00f3n y tener, tanto econ\u00f3mica como t\u00e9cnicamente, la operatividad, y sobre todo los recursos humanos y materiales para disponer de ello\u201d, dijo.<\/p>\n\n\n\n<p>Riquelme Sol\u00eds se\u00f1al\u00f3 que en el tema de seguridad se tendr\u00e1 una reuni\u00f3n como apartado especial, para que los operativos en el mes de diciembre puedan continuar y no se detenga en absoluto la operaci\u00f3n que la Secretar\u00eda de Seguridad P\u00fablica y la propia Fiscal\u00eda General del Estado realizan por distintos acontecimientos y por el cambio de gobierno.<\/p>\n\n\n\n<p>Reiter\u00f3 que todo lo anterior es con la finalidad de llevar a cabo la Entrega-Recepci\u00f3n de manera responsable.<\/p>\n\n\n\n<p>Agradeci\u00f3 la disposici\u00f3n del Gobernador Electo, Manolo Jim\u00e9nez, y la de todo su equipo para esta Entrega-Recepci\u00f3n.<\/p>\n\n\n\n<p>Por su parte, Jim\u00e9nez Salinas agradeci\u00f3 la apertura del gobernador Miguel Riquelme para poder realizar de manera responsable esta transici\u00f3n.<\/p>\n\n\n\n<p>\u00abHoy iniciamos formalmente las acciones de entrega y recepci\u00f3n. Desde que ganamos la elecci\u00f3n hemos estado trabajando en un gran plan para, junto con la ciudadan\u00eda, llevar a Coahuila al siguiente nivel. En un mes iniciamos una nueva y gran historia para nuestro estado\u00bb, se\u00f1al\u00f3<\/p>\n\n\n\n<p>Se\u00f1al\u00f3 que este proceso es muy positivo para nuestra gente esta buena relaci\u00f3n entre los gobiernos saliente y entrante.<\/p>\n\n\n\n<p>\u201cEstamos previendo, planeando, organizando; estamos comunicados para poder seguir trabajando para bien de nuestro Estado, con el objetivo principal de mejorar la ca\u00edda de vida de las familias de Coahuila\u201d.<\/p>\n\n\n\n<p>Asimismo, Manolo Jim\u00e9nez inform\u00f3 que su equipo de trabajo ya est\u00e1 conformado en un 75 por ciento y que en su momento lo estar\u00e1 presentando.<\/p>\n\n\n\n<p>En la reuni\u00f3n de trabajo con la que inici\u00f3 de manera formal la Entrega-Recepci\u00f3n estuvieron presentes los titulares de las secretar\u00edas de Gobierno, de Finanzas, de Fiscalizaci\u00f3n y Rendici\u00f3n de Cuentas, de Seguridad P\u00fablica, de Educaci\u00f3n, de Inclusi\u00f3n y Desarrollo Social; adem\u00e1s del Consejero Jur\u00eddico, la titular de la Secretar\u00eda T\u00e9cnica y de Planeaci\u00f3n, y el Coordinador de Comunicaci\u00f3n e Imagen Institucional.<\/p>\n","protected":false},"excerpt":{"rendered":"<p>Saltillo, Coahuila de Zaragoza; a 2 de Noviembre de 2023.- El gobernador Miguel \u00c1ngel Riquelme Sol\u00eds y el Gobernador Electo, Manolo Jim\u00e9nez Salinas, anunciaron el inicio formal de la Entrega-Recepci\u00f3n, con todas las formas jur\u00eddicas y t\u00e9cnicas que requiere un cambio de Administraci\u00f3n Estatal. Desde el Sal\u00f3n Gobernadores de Palacio de Gobierno, y luego de [&hellip;]<\/p>\n","protected":false},"author":1,"featured_media":29023,"comment_status":"closed","ping_status":"closed","sticky":false,"template":"","format":"standard","meta":{"footnotes":""},"categories":[21],"tags":[],"class_list":["post-29022","post","type-post","status-publish","format-standard","has-post-thumbnail","hentry","category-coahuila"],"_links":{"self":[{"href":"https:\/\/elperiodicodesaltillo.com\/wp\/wp-json\/wp\/v2\/posts\/29022","targetHints":{"allow":["GET"]}}],"collection":[{"href":"https:\/\/elperiodicodesaltillo.com\/wp\/wp-json\/wp\/v2\/posts"}],"about":[{"href":"https:\/\/elperiodicodesaltillo.com\/wp\/wp-json\/wp\/v2\/types\/post"}],"author":[{"embeddable":true,"href":"https:\/\/elperiodicodesaltillo.com\/wp\/wp-json\/wp\/v2\/users\/1"}],"replies":[{"embeddable":true,"href":"https:\/\/elperiodicodesaltillo.com\/wp\/wp-json\/wp\/v2\/comments?post=29022"}],"version-history":[{"count":1,"href":"https:\/\/elperiodicodesaltillo.com\/wp\/wp-json\/wp\/v2\/posts\/29022\/revisions"}],"predecessor-version":[{"id":29024,"href":"https:\/\/elperiodicodesaltillo.com\/wp\/wp-json\/wp\/v2\/posts\/29022\/revisions\/29024"}],"wp:featuredmedia":[{"embeddable":true,"href":"https:\/\/elperiodicodesaltillo.com\/wp\/wp-json\/wp\/v2\/media\/29023"}],"wp:attachment":[{"href":"https:\/\/elperiodicodesaltillo.com\/wp\/wp-json\/wp\/v2\/media?parent=29022"}],"wp:term":[{"taxonomy":"category","embeddable":true,"href":"https:\/\/elperiodicodesaltillo.com\/wp\/wp-json\/wp\/v2\/categories?post=29022"},{"taxonomy":"post_tag","embeddable":true,"href":"https:\/\/elperiodicodesaltillo.com\/wp\/wp-json\/wp\/v2\/tags?post=29022"}],"curies":[{"name":"wp","href":"https:\/\/api.w.org\/{rel}","templated":true}]}}