{"id":29301,"date":"2023-11-23T17:14:00","date_gmt":"2023-11-23T17:14:00","guid":{"rendered":"https:\/\/elperiodicodesaltillo.com\/wp\/?p=29301"},"modified":"2023-11-27T17:15:02","modified_gmt":"2023-11-27T17:15:02","slug":"con-infraestructura-de-calidad-detonamos-el-desarrollo-de-coahuila-mars","status":"publish","type":"post","link":"https:\/\/elperiodicodesaltillo.com\/wp\/2023\/11\/23\/con-infraestructura-de-calidad-detonamos-el-desarrollo-de-coahuila-mars\/","title":{"rendered":"<strong>CON INFRAESTRUCTURA DE CALIDAD, DETONAMOS EL DESARROLLO DE COAHUILA: MARS<\/strong>"},"content":{"rendered":"\n<p>Saltillo, Coahuila de Zaragoza; a 23 de Noviembre de 2023.- Durante la Administraci\u00f3n del gobernador Miguel \u00c1ngel Riquelme Sol\u00eds, en Coahuila la construcci\u00f3n de infraestructura de calidad, que mejore las condiciones de la poblaci\u00f3n, siempre ha sido un factor que permite, adem\u00e1s, seguir atrayendo inversiones.<\/p>\n\n\n\n<p>En ese sentido, cabe recordar que la inversi\u00f3n destinada para la infraestructura estrat\u00e9gica durante estos seis a\u00f1os ascendi\u00f3 a 9,218 millones de pesos.<\/p>\n\n\n\n<p>El Mandatario estatal destac\u00f3 en su momento que durante su gesti\u00f3n al frente del Ejecutivo Estatal se ha trabajado para que la infraestructura detonara el crecimiento en nuestra entidad, permitiendo un tr\u00e1nsito eficiente y seguro en todas las regiones que conforman nuestro estado.&nbsp;<\/p>\n\n\n\n<figure class=\"wp-block-image size-full\"><img loading=\"lazy\" decoding=\"async\" width=\"908\" height=\"662\" src=\"https:\/\/elperiodicodesaltillo.com\/wp\/wp-content\/uploads\/2023\/11\/dessarroll.jpg\" alt=\"\" class=\"wp-image-29302\" srcset=\"https:\/\/elperiodicodesaltillo.com\/wp\/wp-content\/uploads\/2023\/11\/dessarroll.jpg 908w, https:\/\/elperiodicodesaltillo.com\/wp\/wp-content\/uploads\/2023\/11\/dessarroll-300x219.jpg 300w, https:\/\/elperiodicodesaltillo.com\/wp\/wp-content\/uploads\/2023\/11\/dessarroll-768x560.jpg 768w, https:\/\/elperiodicodesaltillo.com\/wp\/wp-content\/uploads\/2023\/11\/dessarroll-324x235.jpg 324w, https:\/\/elperiodicodesaltillo.com\/wp\/wp-content\/uploads\/2023\/11\/dessarroll-696x507.jpg 696w, https:\/\/elperiodicodesaltillo.com\/wp\/wp-content\/uploads\/2023\/11\/dessarroll-576x420.jpg 576w\" sizes=\"auto, (max-width: 908px) 100vw, 908px\" \/><\/figure>\n\n\n\n<p>Adem\u00e1s, dijo, se promovi\u00f3 un desarrollo territorial sostenible, equilibrado y resiliente; se mejor\u00f3 la calidad de vida de la poblaci\u00f3n, y se consolid\u00f3 un estado m\u00e1s integrado y competitivo.&nbsp;<\/p>\n\n\n\n<p>Record\u00f3 que en los \u00faltimos a\u00f1os Coahuila ha enfrentado la disminuci\u00f3n de recursos, y esto llev\u00f3 al Estado a coordinar esfuerzos con los 38 Municipios, con la Iniciativa Privada y los ciudadanos, para realizar obras que representen a la poblaci\u00f3n una mejora en su calidad de vida.&nbsp;<\/p>\n\n\n\n<p>De la misma manera, Riquelme Sol\u00eds se\u00f1al\u00f3 que la inseguridad en el pa\u00eds oblig\u00f3 a blindar la entidad, por lo que se destinaron recursos para crear cuarteles y centros de operaci\u00f3n policiaca para seguir manteniendo un estado seguro.<\/p>\n\n\n\n<p>\u201cHoy, Coahuila es el estado m\u00e1s seguro del norte del pa\u00eds; tenemos la frontera m\u00e1s segura y somos una de las entidades m\u00e1s seguras de M\u00e9xico\u201d, expres\u00f3.<\/p>\n\n\n\n<p>Mencion\u00f3, adem\u00e1s, que durante estos seis a\u00f1os se realizaron obras en todo el estado.&nbsp;<\/p>\n\n\n\n<p>Extern\u00f3 que la coordinaci\u00f3n con los Municipios permiti\u00f3 pavimentar m\u00e1s de 3,100 cuadras en las colonias de Coahuila, y se modernizaron casi 500 kil\u00f3metros de carreteras y caminos ejidales en todas las regiones.<\/p>\n\n\n\n<p>\u201cEn todas las regiones de Coahuila entregamos obras que detonan el crecimiento de sus comunidades, mejoran la calidad de vida y son necesarias para el desarrollo del estado y la atracci\u00f3n de inversiones\u201d, destac\u00f3 el gobernador Miguel Riquelme.<\/p>\n","protected":false},"excerpt":{"rendered":"<p>Saltillo, Coahuila de Zaragoza; a 23 de Noviembre de 2023.- Durante la Administraci\u00f3n del gobernador Miguel \u00c1ngel Riquelme Sol\u00eds, en Coahuila la construcci\u00f3n de infraestructura de calidad, que mejore las condiciones de la poblaci\u00f3n, siempre ha sido un factor que permite, adem\u00e1s, seguir atrayendo inversiones. En ese sentido, cabe recordar que la inversi\u00f3n destinada para [&hellip;]<\/p>\n","protected":false},"author":1,"featured_media":29302,"comment_status":"closed","ping_status":"closed","sticky":false,"template":"","format":"standard","meta":{"footnotes":""},"categories":[21],"tags":[],"class_list":["post-29301","post","type-post","status-publish","format-standard","has-post-thumbnail","hentry","category-coahuila"],"_links":{"self":[{"href":"https:\/\/elperiodicodesaltillo.com\/wp\/wp-json\/wp\/v2\/posts\/29301","targetHints":{"allow":["GET"]}}],"collection":[{"href":"https:\/\/elperiodicodesaltillo.com\/wp\/wp-json\/wp\/v2\/posts"}],"about":[{"href":"https:\/\/elperiodicodesaltillo.com\/wp\/wp-json\/wp\/v2\/types\/post"}],"author":[{"embeddable":true,"href":"https:\/\/elperiodicodesaltillo.com\/wp\/wp-json\/wp\/v2\/users\/1"}],"replies":[{"embeddable":true,"href":"https:\/\/elperiodicodesaltillo.com\/wp\/wp-json\/wp\/v2\/comments?post=29301"}],"version-history":[{"count":1,"href":"https:\/\/elperiodicodesaltillo.com\/wp\/wp-json\/wp\/v2\/posts\/29301\/revisions"}],"predecessor-version":[{"id":29303,"href":"https:\/\/elperiodicodesaltillo.com\/wp\/wp-json\/wp\/v2\/posts\/29301\/revisions\/29303"}],"wp:featuredmedia":[{"embeddable":true,"href":"https:\/\/elperiodicodesaltillo.com\/wp\/wp-json\/wp\/v2\/media\/29302"}],"wp:attachment":[{"href":"https:\/\/elperiodicodesaltillo.com\/wp\/wp-json\/wp\/v2\/media?parent=29301"}],"wp:term":[{"taxonomy":"category","embeddable":true,"href":"https:\/\/elperiodicodesaltillo.com\/wp\/wp-json\/wp\/v2\/categories?post=29301"},{"taxonomy":"post_tag","embeddable":true,"href":"https:\/\/elperiodicodesaltillo.com\/wp\/wp-json\/wp\/v2\/tags?post=29301"}],"curies":[{"name":"wp","href":"https:\/\/api.w.org\/{rel}","templated":true}]}}