{"id":29346,"date":"2023-12-01T16:12:12","date_gmt":"2023-12-01T16:12:12","guid":{"rendered":"https:\/\/elperiodicodesaltillo.com\/wp\/?p=29346"},"modified":"2023-12-01T16:12:13","modified_gmt":"2023-12-01T16:12:13","slug":"vicente-lombardo-toledano","status":"publish","type":"post","link":"https:\/\/elperiodicodesaltillo.com\/wp\/2023\/12\/01\/vicente-lombardo-toledano\/","title":{"rendered":"VICENTE LOMBARDO TOLEDANO"},"content":{"rendered":"\n<p><strong><em>Fernando Rangel de Le\u00f3n.<\/em><\/strong><\/p>\n\n\n\n<p>&nbsp;&nbsp;&nbsp;&nbsp;&nbsp;&nbsp;&nbsp;&nbsp;&nbsp;&nbsp;&nbsp; Como \u00e9l mismo dec\u00eda \u201cEl hombre es fruto de la historia; pero tambi\u00e9n hace la historia\u201d; Vicente Lombardo Toledano VLT, fue producto de los tres \u00faltimos lustros del Porfiriato y de las dos primeras d\u00e9cadas de la Revoluci\u00f3n Mexicana; aprendiendo sus primeras letras en Teziutl\u00e1n, Puebla, donde naci\u00f3 el 16 de julio de 1894; junto con Manuel \u00c1vila Camacho, recibi\u00e9ndose de abogado en la hoy Facultad de Derecho en 1919, y de Doctor en Filosof\u00eda y Letras, en la UNAM; y quien junto con Manuel G\u00f3mez Mor\u00edn, Alfonso Caso (hermano del maestro de ellos Antonio Caso), Alberto V\u00e1zquez del Mercado, Te\u00f3filo Olea y Leyva, Antonio Castro Leal y Jes\u00fas Moreno Baca, formaron el grupo de los Siete Sabios; que crearon instituciones todav\u00eda vigentes.<\/p>\n\n\n\n<p>&nbsp;&nbsp;&nbsp;&nbsp;&nbsp;&nbsp;&nbsp;&nbsp;&nbsp;&nbsp;&nbsp; Como fruto de la historia VLT, fue, como \u00e9l mismo tambi\u00e9n lo dec\u00eda, un soldado de la Revoluci\u00f3n, cuyas armas de su vasto conocimiento de la historia nacional y universal y su cultura excepcional, las puso al servicio del pueblo en el momento hist\u00f3rico en que M\u00e9xico, necesitaba una explicaci\u00f3n profunda, amplia y clara de lo que estaba pasando en esa tercera transformaci\u00f3n del pa\u00eds.<\/p>\n\n\n<div class=\"wp-block-image\">\n<figure class=\"aligncenter size-large is-resized\"><img loading=\"lazy\" decoding=\"async\" src=\"https:\/\/elperiodicodesaltillo.com\/wp\/wp-content\/uploads\/2023\/12\/vicentelobardo-795x1024.jpg\" alt=\"\" class=\"wp-image-29347\" width=\"398\" height=\"512\" srcset=\"https:\/\/elperiodicodesaltillo.com\/wp\/wp-content\/uploads\/2023\/12\/vicentelobardo-795x1024.jpg 795w, https:\/\/elperiodicodesaltillo.com\/wp\/wp-content\/uploads\/2023\/12\/vicentelobardo-233x300.jpg 233w, https:\/\/elperiodicodesaltillo.com\/wp\/wp-content\/uploads\/2023\/12\/vicentelobardo-768x989.jpg 768w, https:\/\/elperiodicodesaltillo.com\/wp\/wp-content\/uploads\/2023\/12\/vicentelobardo-696x897.jpg 696w, https:\/\/elperiodicodesaltillo.com\/wp\/wp-content\/uploads\/2023\/12\/vicentelobardo-326x420.jpg 326w, https:\/\/elperiodicodesaltillo.com\/wp\/wp-content\/uploads\/2023\/12\/vicentelobardo.jpg 1034w\" sizes=\"auto, (max-width: 398px) 100vw, 398px\" \/><\/figure>\n<\/div>\n\n\n<p>&nbsp;&nbsp;&nbsp;&nbsp;&nbsp;&nbsp;&nbsp;&nbsp;&nbsp;&nbsp;&nbsp; Pero VTL, no solo fue un te\u00f3rico, sino un hombre de acci\u00f3n, creando instituciones como la Universidad Obrera de M\u00e9xico (que hoy lleva su nombre), implant\u00f3 los cursos de verano y las clases nocturnas en la Preparatoria de la UNAM, de la que fue director, fue gobernador de Puebla, asesor\u00f3 la creaci\u00f3n de sindicatos nacionales, cre\u00f3 la CTM y el Partido Popular Socialista PPS, entre otras instituciones.<\/p>\n\n\n\n<p>&nbsp;&nbsp;&nbsp;&nbsp;&nbsp;&nbsp;&nbsp;&nbsp;&nbsp;&nbsp;&nbsp; De VLT, grandes personajes de la historia, como el Premio Nobel de Literatura 1971, el poeta chileno Pablo Neruda, en 1942, se expres\u00f3 as\u00ed: \u201c\u2026Lombardo, maestro americano de libertad, que con su inquebrantable e insobornable defensa de los derechos del hombre es como una torre fortificada y alta que se divisa desde cualquier punto de nuestra extensa Am\u00e9rica\u201d; Jos\u00e9 Revueltas afirm\u00f3 que VLT es un \u201chombre hist\u00f3rico\u201d, despersonalizado; Vicente Fuentes D\u00edaz, lo consider\u00f3 como el Embajador de la Revoluci\u00f3n Mexicana; Jos\u00e9 Alvarado, lo llam\u00f3 l\u00edder continental; Antonio Castro Leal, lo considero \u201ccomo hombre recto, como ciudadano y como intelectual\u201d; Manuel Cocho Gil, lo calific\u00f3 como \u201csembrador de ideas y esperanzas\u201d; Volodia Teitelboim, dijo que fue un \u201cabridor de ruta\u201d; y as\u00ed como ellos otros muchos se refieren a VLT, como un hombre excepcional .<\/p>\n\n\n\n<p>&nbsp;&nbsp;&nbsp;&nbsp;&nbsp;&nbsp;&nbsp;&nbsp;&nbsp;&nbsp;&nbsp; Este 16 de noviembre se cumplen 55 a\u00f1os de la desaparici\u00f3n f\u00edsica de VLT; porque sus ideas sobre la transformaci\u00f3n de M\u00e9xico, todav\u00eda siguen vigentes.<\/p>\n","protected":false},"excerpt":{"rendered":"<p>Fernando Rangel de Le\u00f3n. &nbsp;&nbsp;&nbsp;&nbsp;&nbsp;&nbsp;&nbsp;&nbsp;&nbsp;&nbsp;&nbsp; Como \u00e9l mismo dec\u00eda \u201cEl hombre es fruto de la historia; pero tambi\u00e9n hace la historia\u201d; Vicente Lombardo Toledano VLT, fue producto de los tres \u00faltimos lustros del Porfiriato y de las dos primeras d\u00e9cadas de la Revoluci\u00f3n Mexicana; aprendiendo sus primeras letras en Teziutl\u00e1n, Puebla, donde naci\u00f3 el 16 [&hellip;]<\/p>\n","protected":false},"author":38,"featured_media":29347,"comment_status":"closed","ping_status":"closed","sticky":false,"template":"","format":"standard","meta":{"footnotes":""},"categories":[350],"tags":[],"class_list":["post-29346","post","type-post","status-publish","format-standard","has-post-thumbnail","hentry","category-1-de-diciembre-de-2023-ed-460"],"_links":{"self":[{"href":"https:\/\/elperiodicodesaltillo.com\/wp\/wp-json\/wp\/v2\/posts\/29346","targetHints":{"allow":["GET"]}}],"collection":[{"href":"https:\/\/elperiodicodesaltillo.com\/wp\/wp-json\/wp\/v2\/posts"}],"about":[{"href":"https:\/\/elperiodicodesaltillo.com\/wp\/wp-json\/wp\/v2\/types\/post"}],"author":[{"embeddable":true,"href":"https:\/\/elperiodicodesaltillo.com\/wp\/wp-json\/wp\/v2\/users\/38"}],"replies":[{"embeddable":true,"href":"https:\/\/elperiodicodesaltillo.com\/wp\/wp-json\/wp\/v2\/comments?post=29346"}],"version-history":[{"count":1,"href":"https:\/\/elperiodicodesaltillo.com\/wp\/wp-json\/wp\/v2\/posts\/29346\/revisions"}],"predecessor-version":[{"id":29348,"href":"https:\/\/elperiodicodesaltillo.com\/wp\/wp-json\/wp\/v2\/posts\/29346\/revisions\/29348"}],"wp:featuredmedia":[{"embeddable":true,"href":"https:\/\/elperiodicodesaltillo.com\/wp\/wp-json\/wp\/v2\/media\/29347"}],"wp:attachment":[{"href":"https:\/\/elperiodicodesaltillo.com\/wp\/wp-json\/wp\/v2\/media?parent=29346"}],"wp:term":[{"taxonomy":"category","embeddable":true,"href":"https:\/\/elperiodicodesaltillo.com\/wp\/wp-json\/wp\/v2\/categories?post=29346"},{"taxonomy":"post_tag","embeddable":true,"href":"https:\/\/elperiodicodesaltillo.com\/wp\/wp-json\/wp\/v2\/tags?post=29346"}],"curies":[{"name":"wp","href":"https:\/\/api.w.org\/{rel}","templated":true}]}}