{"id":29429,"date":"2023-12-02T02:26:03","date_gmt":"2023-12-02T02:26:03","guid":{"rendered":"https:\/\/elperiodicodesaltillo.com\/wp\/?p=29429"},"modified":"2023-12-02T02:26:04","modified_gmt":"2023-12-02T02:26:04","slug":"agradece-mars-respaldo-de-integrantes-del-subcomite-laguna-en-la-toma-de-decisiones","status":"publish","type":"post","link":"https:\/\/elperiodicodesaltillo.com\/wp\/2023\/12\/02\/agradece-mars-respaldo-de-integrantes-del-subcomite-laguna-en-la-toma-de-decisiones\/","title":{"rendered":"<strong>AGRADECE MARS RESPALDO DE INTEGRANTES DEL SUBCOMIT\u00c9 LAGUNA EN LA TOMA DE DECISIONES<\/strong>"},"content":{"rendered":"\n<p>Torre\u00f3n, Coahuila de Zaragoza; a 27 de Noviembre de 2023.- Al encabezar la \u00faltima reuni\u00f3n de Subcomit\u00e9 T\u00e9cnico Regional Covid-19, el gobernador Miguel \u00c1ngel Riquelme Sol\u00eds agradeci\u00f3 a todas y todos sus integrantes el respaldo para la toma de decisiones que fortalecieron a rubros como el de salud, el econ\u00f3mico y hasta el de seguridad, para salir de la pandemia.&nbsp;<\/p>\n\n\n\n<p>\u201cEste Subcomit\u00e9 fue muy importante para la gobernabilidad en toda la entidad, nos dio una fortaleza institucional; trat\u00e9 de gobernar para todos y de darle un equilibrio a la regi\u00f3n\u201d, extern\u00f3 el Mandatario estatal.<\/p>\n\n\n\n<p>Dijo que cuando se tiene a la sociedad detr\u00e1s y a las Fuerzas Armadas, se toman decisiones que son trascendentales y que fueron para el Estado: \u201cNo hay m\u00e1s que gratitud por su permanencia en este Subcomit\u00e9\u201d.&nbsp;<\/p>\n\n\n\n<figure class=\"wp-block-image size-large\"><img loading=\"lazy\" decoding=\"async\" width=\"1024\" height=\"701\" src=\"https:\/\/elperiodicodesaltillo.com\/wp\/wp-content\/uploads\/2023\/12\/agradece-1024x701.jpg\" alt=\"\" class=\"wp-image-29430\" srcset=\"https:\/\/elperiodicodesaltillo.com\/wp\/wp-content\/uploads\/2023\/12\/agradece-1024x701.jpg 1024w, https:\/\/elperiodicodesaltillo.com\/wp\/wp-content\/uploads\/2023\/12\/agradece-300x206.jpg 300w, https:\/\/elperiodicodesaltillo.com\/wp\/wp-content\/uploads\/2023\/12\/agradece-768x526.jpg 768w, https:\/\/elperiodicodesaltillo.com\/wp\/wp-content\/uploads\/2023\/12\/agradece-1536x1052.jpg 1536w, https:\/\/elperiodicodesaltillo.com\/wp\/wp-content\/uploads\/2023\/12\/agradece-218x150.jpg 218w, https:\/\/elperiodicodesaltillo.com\/wp\/wp-content\/uploads\/2023\/12\/agradece-696x477.jpg 696w, https:\/\/elperiodicodesaltillo.com\/wp\/wp-content\/uploads\/2023\/12\/agradece-1068x732.jpg 1068w, https:\/\/elperiodicodesaltillo.com\/wp\/wp-content\/uploads\/2023\/12\/agradece-613x420.jpg 613w, https:\/\/elperiodicodesaltillo.com\/wp\/wp-content\/uploads\/2023\/12\/agradece.jpg 1600w\" sizes=\"auto, (max-width: 1024px) 100vw, 1024px\" \/><\/figure>\n\n\n\n<p>Adem\u00e1s, expres\u00f3 que las decisiones en estas reuniones se tomaron en conjunto, y que se empat\u00f3 la ciencia con la parte econ\u00f3mica.<\/p>\n\n\n\n<p>\u201cLamentablemente se estaban perdiendo vidas por la falta de un recurso econ\u00f3mico, y aqu\u00ed fue donde siempre fuimos muy responsables, en la toma de decisiones\u201d, record\u00f3.<\/p>\n\n\n\n<p>Les exhort\u00f3 a todos a seguir sosteniendo reuniones como esta, que son de tanto provecho, y se\u00f1al\u00f3 que hasta en tanto no haya una definici\u00f3n del nuevo gobernador Manolo Jim\u00e9nez Salinas, el alcalde Rom\u00e1n Alberto Cepeda Gonz\u00e1lez se queda para continuar con un esquema de seguimiento de este Subcomit\u00e9.<\/p>\n\n\n\n<p>\u201cTodos deben impulsar un modelo de participaci\u00f3n donde est\u00e9n enterados de lo que pasa en la ciudad o la regi\u00f3n. Este formato ha dado resultados\u201d, coment\u00f3.<\/p>\n\n\n\n<p>Riquelme Sol\u00eds dijo que este a\u00f1o se podr\u00eda terminar con menos homicidios que en 2022, lo que implica pasar del cuarto al tercer lugar en competitividad, y eso debe interesar a todos, pues la inversi\u00f3n extranjera lo primero que investiga es c\u00f3mo est\u00e1 la seguridad.&nbsp;<\/p>\n\n\n\n<p>En ese sentido, sugiri\u00f3 que se vigilen las peregrinaciones y que los operativos de seguridad contin\u00faen durante esta temporada decembrina.<\/p>\n\n\n\n<p>Miguel Riquelme augur\u00f3 el mayor de los \u00e9xitos al siguiente sexenio por el bien de las y los coahuilenses.&nbsp;<\/p>\n\n\n\n<p>En su intervenci\u00f3n, el General de Brigada DEM Federico San Juan Rosales, Jefe del Estado Mayor de la XI Regi\u00f3n Militar, reconoci\u00f3 la gesti\u00f3n del Mandatario estatal y dijo que como Ej\u00e9rcito Mexicano seguir\u00e1n trabajando por la seguridad en Coahuila.&nbsp;<\/p>\n\n\n\n<p>El empresario Eduardo Murra agradeci\u00f3 a Riquelme Sol\u00eds todo lo hecho en la entidad en el tema de la seguridad, desarrollo comercial, salud, educaci\u00f3n e infraestructura, principalmente.&nbsp;<\/p>\n\n\n\n<p>\u201cLe agradezco a usted y a todo su equipo; le deseamos lo mejor, gobernador Miguel Riquelme, en el camino que decida continuar\u201d, expuso.<\/p>\n\n\n\n<p>En esta reuni\u00f3n se lleg\u00f3 al siguiente acuerdo:<\/p>\n\n\n\n<p>+ Se autoriz\u00f3 al Coliseo Centenario la realizaci\u00f3n la Gran Venta de Art\u00edculos Usados para el 2 de diciembre, y para el 8 de marzo del 2024 el Concierto de Yuridia.&nbsp;<\/p>\n\n\n\n<p>APLICAN 228 VACUNAS CONTRA EL COVID<\/p>\n\n\n\n<p>Fernando Sim\u00f3n Guti\u00e9rrez P\u00e9rez, titular de Comunicaci\u00f3n e Imagen Institucional del Estado y Coordinador de este Subcomit\u00e9, describi\u00f3 que del 21 al 24 noviembre se distribuyeron un total de 228 vacunas Abdala contra el coronavirus en la Regi\u00f3n Laguna.&nbsp;<\/p>\n\n\n\n<p>CASOS POR COVID E INFLUENZA EN COAHUILA&nbsp;<\/p>\n\n\n\n<p>Asimismo, Roberto Bernal G\u00f3mez, Secretario de Salud, coment\u00f3 que al d\u00eda de hoy se tienen cinco personas hospitalizadas por Covid-19 en la entidad, y que de influenza no se ha registrado alg\u00fan caso en Coahuila.<\/p>\n\n\n\n<p>Con respecto a la vacunaci\u00f3n contra la influenza, en la Secretar\u00eda de Salud se han aplicado 148,880 dosis; en el IMSS 178,700; en el IMSS Bienestar 30,200, y en el ISSSTE un total de 38,100.<\/p>\n\n\n\n<p>De la misma manera, Bernal G\u00f3mez coment\u00f3 que para hacer una transici\u00f3n responsable, su dependencia pondr\u00e1 a disposici\u00f3n libros blancos con el objetivo de continuar y mejorar los programas ya establecidos.<\/p>\n\n\n\n<p>Recalc\u00f3 que Coahuila se distingui\u00f3 por ser el mejor en el manejo de la pandemia y modelo en la atenci\u00f3n a servicios de urgencias; fue el primer Estado cardioprotegido y se mejoraron los principales indicadores de salud.&nbsp;<\/p>\n\n\n\n<p>A esta \u00faltima reuni\u00f3n del Subcomit\u00e9 T\u00e9cnico Laguna de la Administraci\u00f3n del gobernador Miguel Riquelme asistieron, tambi\u00e9n, Ver\u00f3nica Mart\u00ednez Garc\u00eda, senadora de la Rep\u00fablica; los alcaldes Rom\u00e1n Alberto Cepeda Gonz\u00e1lez, de Torre\u00f3n; Miguel \u00c1ngel Ram\u00edrez L\u00f3pez, de Matamoros; Hilario Escobedo de la Paz, de Viesca; David Ruiz Mej\u00eda, de San Pedro de las Colonias, y El\u00edas Portillo V\u00e1zquez, de Sierra Mojada.<\/p>\n\n\n\n<p>Adem\u00e1s, el General de Brigada DEM Federico San Juan Rosales, Jefe del Estado Mayor de la XI Regi\u00f3n Militar; Juan P\u00e9rez Ortega, Jefe de la Jurisdicci\u00f3n Sanitaria VI, y Roc\u00edo Quiroz Flores, Jefa de la Jurisdicci\u00f3n Sanitaria VII.&nbsp;<\/p>\n\n\n\n<p>As\u00ed como representantes de nosocomios p\u00fablicos y privados, c\u00e1maras y organismos empresariales, clubes deportivos, centros de espect\u00e1culos y funcionarios estatales y municipales de la Regi\u00f3n Laguna.&nbsp;<\/p>\n","protected":false},"excerpt":{"rendered":"<p>Torre\u00f3n, Coahuila de Zaragoza; a 27 de Noviembre de 2023.- Al encabezar la \u00faltima reuni\u00f3n de Subcomit\u00e9 T\u00e9cnico Regional Covid-19, el gobernador Miguel \u00c1ngel Riquelme Sol\u00eds agradeci\u00f3 a todas y todos sus integrantes el respaldo para la toma de decisiones que fortalecieron a rubros como el de salud, el econ\u00f3mico y hasta el de seguridad, [&hellip;]<\/p>\n","protected":false},"author":1,"featured_media":29430,"comment_status":"closed","ping_status":"closed","sticky":false,"template":"","format":"standard","meta":{"footnotes":""},"categories":[21],"tags":[],"class_list":["post-29429","post","type-post","status-publish","format-standard","has-post-thumbnail","hentry","category-coahuila"],"_links":{"self":[{"href":"https:\/\/elperiodicodesaltillo.com\/wp\/wp-json\/wp\/v2\/posts\/29429","targetHints":{"allow":["GET"]}}],"collection":[{"href":"https:\/\/elperiodicodesaltillo.com\/wp\/wp-json\/wp\/v2\/posts"}],"about":[{"href":"https:\/\/elperiodicodesaltillo.com\/wp\/wp-json\/wp\/v2\/types\/post"}],"author":[{"embeddable":true,"href":"https:\/\/elperiodicodesaltillo.com\/wp\/wp-json\/wp\/v2\/users\/1"}],"replies":[{"embeddable":true,"href":"https:\/\/elperiodicodesaltillo.com\/wp\/wp-json\/wp\/v2\/comments?post=29429"}],"version-history":[{"count":1,"href":"https:\/\/elperiodicodesaltillo.com\/wp\/wp-json\/wp\/v2\/posts\/29429\/revisions"}],"predecessor-version":[{"id":29431,"href":"https:\/\/elperiodicodesaltillo.com\/wp\/wp-json\/wp\/v2\/posts\/29429\/revisions\/29431"}],"wp:featuredmedia":[{"embeddable":true,"href":"https:\/\/elperiodicodesaltillo.com\/wp\/wp-json\/wp\/v2\/media\/29430"}],"wp:attachment":[{"href":"https:\/\/elperiodicodesaltillo.com\/wp\/wp-json\/wp\/v2\/media?parent=29429"}],"wp:term":[{"taxonomy":"category","embeddable":true,"href":"https:\/\/elperiodicodesaltillo.com\/wp\/wp-json\/wp\/v2\/categories?post=29429"},{"taxonomy":"post_tag","embeddable":true,"href":"https:\/\/elperiodicodesaltillo.com\/wp\/wp-json\/wp\/v2\/tags?post=29429"}],"curies":[{"name":"wp","href":"https:\/\/api.w.org\/{rel}","templated":true}]}}