{"id":29512,"date":"2023-12-05T14:00:00","date_gmt":"2023-12-05T14:00:00","guid":{"rendered":"https:\/\/elperiodicodesaltillo.com\/wp\/?p=29512"},"modified":"2023-12-06T14:27:16","modified_gmt":"2023-12-06T14:27:16","slug":"inicia-manolo-con-entrega-de-obras-en-piedras-negras","status":"publish","type":"post","link":"https:\/\/elperiodicodesaltillo.com\/wp\/2023\/12\/05\/inicia-manolo-con-entrega-de-obras-en-piedras-negras\/","title":{"rendered":"Inicia Manolo con entrega de obras en Piedras Negras"},"content":{"rendered":"\n<p class=\"has-text-align-center\"><em>100 d\u00edas pa&#8217; delante llega a la regi\u00f3n Norte<\/em><\/p>\n\n\n\n<p>Piedras Negras, Coahuila de Zaragoza; a 05 de diciembre de 2023.- En el marco del compromiso establecido con la poblaci\u00f3n coahuilense de visitar cada una de las regiones del estado, y como parte del plan de trabajo de los primeros cien d\u00edas, el gobernador Manolo Jim\u00e9nez Salinas entreg\u00f3 junto a la alcaldesa Norma Trevi\u00f1o Galindo la obra de rehabilitaci\u00f3n de la cancha de futbol profesional en la Macroplaza, donde se ejercieron recursos por 15 millones de pesos, de un total de 27 millones invertidos en obras en este municipio.<\/p>\n\n\n\n<p>\u201cEs un gusto estar con ustedes en este gran evento de pura buena vibra\u201d dijo Manolo Jim\u00e9nez y destac\u00f3 la labor de la alcaldesa Norma Trevi\u00f1o Galindo por construir espacios como este para las familias de Piedras Negras.<\/p>\n\n\n\n<p>\u201cHago el compromiso al protestar como gobernador no s\u00f3lo de seguir cuidando a mis hijos, sino tambi\u00e9n a los hijos de todas las familias. En seguridad ni un paso atr\u00e1s, vamos a robustecer nuestra seguridad en equipo con el Ej\u00e9rcito y otras instituciones, vamos a proteger a nuestro estado en equipo con todos ustedes\u201d, destac\u00f3.<\/p>\n\n\n\n<figure class=\"wp-block-gallery has-nested-images columns-default is-cropped wp-block-gallery-1 is-layout-flex wp-block-gallery-is-layout-flex\">\n<figure class=\"wp-block-image size-large\"><img loading=\"lazy\" decoding=\"async\" width=\"1024\" height=\"749\" data-id=\"29513\" src=\"https:\/\/elperiodicodesaltillo.com\/wp\/wp-content\/uploads\/2023\/12\/dias.jpg\" alt=\"\" class=\"wp-image-29513\" srcset=\"https:\/\/elperiodicodesaltillo.com\/wp\/wp-content\/uploads\/2023\/12\/dias.jpg 1024w, https:\/\/elperiodicodesaltillo.com\/wp\/wp-content\/uploads\/2023\/12\/dias-300x219.jpg 300w, https:\/\/elperiodicodesaltillo.com\/wp\/wp-content\/uploads\/2023\/12\/dias-768x562.jpg 768w, https:\/\/elperiodicodesaltillo.com\/wp\/wp-content\/uploads\/2023\/12\/dias-80x60.jpg 80w, https:\/\/elperiodicodesaltillo.com\/wp\/wp-content\/uploads\/2023\/12\/dias-696x509.jpg 696w, https:\/\/elperiodicodesaltillo.com\/wp\/wp-content\/uploads\/2023\/12\/dias-574x420.jpg 574w\" sizes=\"auto, (max-width: 1024px) 100vw, 1024px\" \/><\/figure>\n\n\n\n<figure class=\"wp-block-image size-large\"><img loading=\"lazy\" decoding=\"async\" width=\"1024\" height=\"682\" data-id=\"29514\" src=\"https:\/\/elperiodicodesaltillo.com\/wp\/wp-content\/uploads\/2023\/12\/dias1.jpg\" alt=\"\" class=\"wp-image-29514\" srcset=\"https:\/\/elperiodicodesaltillo.com\/wp\/wp-content\/uploads\/2023\/12\/dias1.jpg 1024w, https:\/\/elperiodicodesaltillo.com\/wp\/wp-content\/uploads\/2023\/12\/dias1-300x200.jpg 300w, https:\/\/elperiodicodesaltillo.com\/wp\/wp-content\/uploads\/2023\/12\/dias1-768x512.jpg 768w, https:\/\/elperiodicodesaltillo.com\/wp\/wp-content\/uploads\/2023\/12\/dias1-696x464.jpg 696w, https:\/\/elperiodicodesaltillo.com\/wp\/wp-content\/uploads\/2023\/12\/dias1-631x420.jpg 631w\" sizes=\"auto, (max-width: 1024px) 100vw, 1024px\" \/><\/figure>\n\n\n\n<figure class=\"wp-block-image size-large\"><img loading=\"lazy\" decoding=\"async\" width=\"1024\" height=\"682\" data-id=\"29515\" src=\"https:\/\/elperiodicodesaltillo.com\/wp\/wp-content\/uploads\/2023\/12\/dias2.jpg\" alt=\"\" class=\"wp-image-29515\" srcset=\"https:\/\/elperiodicodesaltillo.com\/wp\/wp-content\/uploads\/2023\/12\/dias2.jpg 1024w, https:\/\/elperiodicodesaltillo.com\/wp\/wp-content\/uploads\/2023\/12\/dias2-300x200.jpg 300w, https:\/\/elperiodicodesaltillo.com\/wp\/wp-content\/uploads\/2023\/12\/dias2-768x512.jpg 768w, https:\/\/elperiodicodesaltillo.com\/wp\/wp-content\/uploads\/2023\/12\/dias2-696x464.jpg 696w, https:\/\/elperiodicodesaltillo.com\/wp\/wp-content\/uploads\/2023\/12\/dias2-631x420.jpg 631w\" sizes=\"auto, (max-width: 1024px) 100vw, 1024px\" \/><\/figure>\n<\/figure>\n\n\n\n<p>\u201cLes quiero reiterar un compromiso: por parte de nuestro Gobierno va a haber apoyo para los j\u00f3venes deportistas, con becas vamos a impulsar ese talento, cuentan con nuestro apoyo\u201d, subray\u00f3.<\/p>\n\n\n\n<p>En el tema de obras dijo que dentro del proyecto estatal de 100 d\u00edas se impulsar\u00e1 tambi\u00e9n este municipio como al resto de la entidad para seguir construyendo la grandeza de Coahuila.<\/p>\n\n\n\n<p>\u201cLes pido de favor que trabajemos en conjunto, vamos juntos a pasos de gigante\u201d.<\/p>\n\n\n\n<p>Acompa\u00f1ado por su esposa Paola Rodr\u00edguez L\u00f3pez, el gobernador de Coahuila detall\u00f3 que en esta cancha se mejoraron las instalaciones, se instal\u00f3 pasto sint\u00e9tico, se construyeron vestidores con ba\u00f1o y una banca para los jugadores, y se realiz\u00f3 una zona de esparcimiento y descanso con mesas de picnic, para brindar esparcimiento a las familias que acuden diariamente a la Macroplaza.<\/p>\n\n\n\n<p>Durante la ceremonia el gobernador tambi\u00e9n anunci\u00f3 la entrega que se llevar\u00e1 a cabo en esta semana de las obras de Techumbre en el CBTIS 34, el Centro Comunitario en la colonia A\u00f1o 2000 y el Parque Recreativo en la Avenida Durango, que en conjunto suman recursos por alrededor de 12 millones de pesos.<\/p>\n\n\n\n<p>Jim\u00e9nez Salinas refrend\u00f3 su compromiso de encabezar un gobierno de resultados contundentes, apostando por el desarrollo parejo de todas las regiones trabajando con las alcaldesas y alcaldes, en equipo con todos los niveles de gobierno, empresarios y sociedad civil.<\/p>\n\n\n\n<p>En su intervenci\u00f3n, la Presidenta Municipal Norma Trevi\u00f1o, agradeci\u00f3 la presencia del Gobernador de Coahuila y su esposa Paola Rodr\u00edguez L\u00f3pez.<\/p>\n\n\n\n<p>\u201cLe reiteramos nuestra disposici\u00f3n de trabajar juntos de aqu\u00ed para adelante\u201d expres\u00f3 Trevi\u00f1o Galindo.<\/p>\n\n\n\n<p>Refiri\u00f3 que desde el inicio de la administraci\u00f3n municipal se hizo el compromiso de abrir espacios para la pr\u00e1ctica del deporte en beneficio de la comunidad.<\/p>\n\n\n\n<p>Reconoci\u00f3 tambi\u00e9n al gobernador y su esposa el regalo de VillaMagia, un espacio para que las familias disfruten de estas fiestas decembrinas.<\/p>\n\n\n\n<p>Acompa\u00f1aron al gobernador, Guillermo Ruiz Guerra, Diputado Local Electo; el General de Brigada D.E.M. Fidel Mondrag\u00f3n Rivero, Comandante de la 47 Zona Militar; y Franco Gonz\u00e1lez Trevi\u00f1o, Presidente Honorario del DIF de Piedras Negras.<\/p>\n","protected":false},"excerpt":{"rendered":"<p>100 d\u00edas pa&#8217; delante llega a la regi\u00f3n Norte Piedras Negras, Coahuila de Zaragoza; a 05 de diciembre de 2023.- En el marco del compromiso establecido con la poblaci\u00f3n coahuilense de visitar cada una de las regiones del estado, y como parte del plan de trabajo de los primeros cien d\u00edas, el gobernador Manolo Jim\u00e9nez [&hellip;]<\/p>\n","protected":false},"author":1,"featured_media":29513,"comment_status":"closed","ping_status":"closed","sticky":false,"template":"","format":"standard","meta":{"footnotes":""},"categories":[21],"tags":[],"class_list":["post-29512","post","type-post","status-publish","format-standard","has-post-thumbnail","hentry","category-coahuila"],"_links":{"self":[{"href":"https:\/\/elperiodicodesaltillo.com\/wp\/wp-json\/wp\/v2\/posts\/29512","targetHints":{"allow":["GET"]}}],"collection":[{"href":"https:\/\/elperiodicodesaltillo.com\/wp\/wp-json\/wp\/v2\/posts"}],"about":[{"href":"https:\/\/elperiodicodesaltillo.com\/wp\/wp-json\/wp\/v2\/types\/post"}],"author":[{"embeddable":true,"href":"https:\/\/elperiodicodesaltillo.com\/wp\/wp-json\/wp\/v2\/users\/1"}],"replies":[{"embeddable":true,"href":"https:\/\/elperiodicodesaltillo.com\/wp\/wp-json\/wp\/v2\/comments?post=29512"}],"version-history":[{"count":1,"href":"https:\/\/elperiodicodesaltillo.com\/wp\/wp-json\/wp\/v2\/posts\/29512\/revisions"}],"predecessor-version":[{"id":29516,"href":"https:\/\/elperiodicodesaltillo.com\/wp\/wp-json\/wp\/v2\/posts\/29512\/revisions\/29516"}],"wp:featuredmedia":[{"embeddable":true,"href":"https:\/\/elperiodicodesaltillo.com\/wp\/wp-json\/wp\/v2\/media\/29513"}],"wp:attachment":[{"href":"https:\/\/elperiodicodesaltillo.com\/wp\/wp-json\/wp\/v2\/media?parent=29512"}],"wp:term":[{"taxonomy":"category","embeddable":true,"href":"https:\/\/elperiodicodesaltillo.com\/wp\/wp-json\/wp\/v2\/categories?post=29512"},{"taxonomy":"post_tag","embeddable":true,"href":"https:\/\/elperiodicodesaltillo.com\/wp\/wp-json\/wp\/v2\/tags?post=29512"}],"curies":[{"name":"wp","href":"https:\/\/api.w.org\/{rel}","templated":true}]}}