{"id":29557,"date":"2023-12-08T16:12:00","date_gmt":"2023-12-08T16:12:00","guid":{"rendered":"https:\/\/elperiodicodesaltillo.com\/wp\/?p=29557"},"modified":"2023-12-11T16:13:03","modified_gmt":"2023-12-11T16:13:03","slug":"listos-los-refugios-temporales-en-la-region-sureste-ante-la-llegada-del-frente-frio-numero-16-a-coahuila","status":"publish","type":"post","link":"https:\/\/elperiodicodesaltillo.com\/wp\/2023\/12\/08\/listos-los-refugios-temporales-en-la-region-sureste-ante-la-llegada-del-frente-frio-numero-16-a-coahuila\/","title":{"rendered":"<strong>LISTOS LOS REFUGIOS TEMPORALES EN LA REGI\u00d3N SURESTE ANTE LA LLEGADA DEL FRENTE FR\u00cdO N\u00daMERO 16 A COAHUILA<\/strong>"},"content":{"rendered":"\n<p>Saltillo, Coahuila de Zaragoza,&nbsp;&nbsp;8 de diciembre de 2023. \u2013&nbsp;&nbsp;Durante este fin de semana, las diferentes regiones del estado de Coahuila se ver\u00e1n afectadas por la llegada del frente fr\u00edo n\u00famero 16, que de acuerdo a los pron\u00f3sticos del Sistema Meteorol\u00f3gico Nacional (SMN) dependiente de la Comisi\u00f3n Nacional del Agua, provocar\u00e1 descensos en las temperaturas durante la noche que oscilar\u00e1n entre los menos cinco y los cero grados cent\u00edgrados en las zonas de mayor altitud durante s\u00e1bado y domingo, as\u00ed como rachas fuertes de viento de hasta 80 kil\u00f3metros por hora, con posibles tolvaneras y torbellinos.<\/p>\n\n\n\n<p>La Subsecretar\u00eda de Protecci\u00f3n Civil de Coahuila (PC) inform\u00f3 en este sentido que ya se tienen habilitados los refugios temporales en todo el estado, operados de manera conjunta con las alcald\u00edas y las Unidades Municipales de Protecci\u00f3n Civil; para el caso de la regi\u00f3n Sureste, se cuenta con refugios en Saltillo, ubicados en el Grupo Ermita AA en calle Hidalgo 417 sur, en la zona centro; Grupo Serenidad AA en calle Maracaibo 127, colonia Lomas del Refugio; grupo \u201cMorir para empezar a vivir\u201d, en calle Primo de Verdad 120, colonia Bella Vista; Refugio de los Necesitados en calle Melchor M\u00fazquiz 472 de la zona centro y grupo Juan Diego, en calle Ojo de Agua 642, en la colonia Ojo de Agua.<\/p>\n\n\n<div class=\"wp-block-image\">\n<figure class=\"aligncenter size-large\"><img loading=\"lazy\" decoding=\"async\" width=\"614\" height=\"1024\" src=\"https:\/\/elperiodicodesaltillo.com\/wp\/wp-content\/uploads\/2023\/12\/refugios-614x1024.jpg\" alt=\"\" class=\"wp-image-29558\" srcset=\"https:\/\/elperiodicodesaltillo.com\/wp\/wp-content\/uploads\/2023\/12\/refugios-614x1024.jpg 614w, https:\/\/elperiodicodesaltillo.com\/wp\/wp-content\/uploads\/2023\/12\/refugios-180x300.jpg 180w, https:\/\/elperiodicodesaltillo.com\/wp\/wp-content\/uploads\/2023\/12\/refugios-768x1280.jpg 768w, https:\/\/elperiodicodesaltillo.com\/wp\/wp-content\/uploads\/2023\/12\/refugios-922x1536.jpg 922w, https:\/\/elperiodicodesaltillo.com\/wp\/wp-content\/uploads\/2023\/12\/refugios-696x1160.jpg 696w, https:\/\/elperiodicodesaltillo.com\/wp\/wp-content\/uploads\/2023\/12\/refugios-252x420.jpg 252w, https:\/\/elperiodicodesaltillo.com\/wp\/wp-content\/uploads\/2023\/12\/refugios.jpg 960w\" sizes=\"auto, (max-width: 614px) 100vw, 614px\" \/><\/figure>\n<\/div>\n\n\n<p>En General Cepeda, hay refugios en las oficinas de Protecci\u00f3n Civil municipal, bulevard Diana Laura sin n\u00famero y en el Comedor Municipal, en calle Hidalgo sin n\u00famero de la zona centro.<\/p>\n\n\n\n<p>En Ramos Arizpe, se localiza en la Estaci\u00f3n de Bomberos, de avenida Segunda esquina con bulevard Jaime Benavides Pompa, en el fraccionamiento Molinos del Rey.<\/p>\n\n\n\n<p>En Arteaga, en el Centro Social de avenida Rom\u00e1n Cepeda sin n\u00famero; en el consultorio del Tunal, en los salones ejidales de Escobedo, el Tunal, Huachichil y&nbsp;&nbsp;de San Antonio de las Alazanas.<\/p>\n\n\n\n<p>En Parras de la Fuente, en el Albergue Campesino \u201cGeneral L\u00e1zaro C\u00e1rdenas del R\u00edo\u201d, en la calzada del Marqu\u00e9z n\u00famero 36.<\/p>\n\n\n\n<p>Ante estas condiciones, se hace un exhorto a la poblaci\u00f3n en general para solicitar la ayuda a las autoridades estatales y de cada municipio ya sea para el traslado propio o de personas en situaci\u00f3n vulnerable hacia estos refugios, donde recibir\u00e1n cobijo y alimentos calientes mientras dure el mal clima, para lo cual, pueden llamar al n\u00famero de emergencias 9-1-1 o solicitarlo directamente a las unidades de polic\u00eda o protecci\u00f3n civil.<\/p>\n\n\n\n<p>As\u00ed mismo, se emiten recomendaciones para evitar riesgos en el interior de los domicilios, como evitar el uso de anafres o encender carb\u00f3n, le\u00f1a y gas como fuentes de calefacci\u00f3n en interiores sin contar con la ventilaci\u00f3n adecuada; en caso de no contar con calentones, evitar la entrada de aire fr\u00edo a la vivienda y abrigarse de manera adecuada y suficiente; consumir l\u00edquidos calientes y alimentos ricos en carbohidratos y vitamina C; evitar la recarga de las instalaciones el\u00e9ctricas domiciliarias, adem\u00e1s de mantenerse informado de los reportes que emita Protecci\u00f3n Civil del Estado y de las ubicaciones de los refugios temporales en la p\u00e1gina web <a href=\"http:\/\/proteccioncivil.sfpcoahuila.gob.mx\/modulo22.php?opcion=8\">http:\/\/proteccioncivil.sfpcoahuila.gob.mx\/modulo22.php?opcion=8<\/a>.<\/p>\n","protected":false},"excerpt":{"rendered":"<p>Saltillo, Coahuila de Zaragoza,&nbsp;&nbsp;8 de diciembre de 2023. \u2013&nbsp;&nbsp;Durante este fin de semana, las diferentes regiones del estado de Coahuila se ver\u00e1n afectadas por la llegada del frente fr\u00edo n\u00famero 16, que de acuerdo a los pron\u00f3sticos del Sistema Meteorol\u00f3gico Nacional (SMN) dependiente de la Comisi\u00f3n Nacional del Agua, provocar\u00e1 descensos en las temperaturas durante [&hellip;]<\/p>\n","protected":false},"author":1,"featured_media":29558,"comment_status":"closed","ping_status":"closed","sticky":false,"template":"","format":"standard","meta":{"footnotes":""},"categories":[21],"tags":[],"class_list":["post-29557","post","type-post","status-publish","format-standard","has-post-thumbnail","hentry","category-coahuila"],"_links":{"self":[{"href":"https:\/\/elperiodicodesaltillo.com\/wp\/wp-json\/wp\/v2\/posts\/29557","targetHints":{"allow":["GET"]}}],"collection":[{"href":"https:\/\/elperiodicodesaltillo.com\/wp\/wp-json\/wp\/v2\/posts"}],"about":[{"href":"https:\/\/elperiodicodesaltillo.com\/wp\/wp-json\/wp\/v2\/types\/post"}],"author":[{"embeddable":true,"href":"https:\/\/elperiodicodesaltillo.com\/wp\/wp-json\/wp\/v2\/users\/1"}],"replies":[{"embeddable":true,"href":"https:\/\/elperiodicodesaltillo.com\/wp\/wp-json\/wp\/v2\/comments?post=29557"}],"version-history":[{"count":1,"href":"https:\/\/elperiodicodesaltillo.com\/wp\/wp-json\/wp\/v2\/posts\/29557\/revisions"}],"predecessor-version":[{"id":29559,"href":"https:\/\/elperiodicodesaltillo.com\/wp\/wp-json\/wp\/v2\/posts\/29557\/revisions\/29559"}],"wp:featuredmedia":[{"embeddable":true,"href":"https:\/\/elperiodicodesaltillo.com\/wp\/wp-json\/wp\/v2\/media\/29558"}],"wp:attachment":[{"href":"https:\/\/elperiodicodesaltillo.com\/wp\/wp-json\/wp\/v2\/media?parent=29557"}],"wp:term":[{"taxonomy":"category","embeddable":true,"href":"https:\/\/elperiodicodesaltillo.com\/wp\/wp-json\/wp\/v2\/categories?post=29557"},{"taxonomy":"post_tag","embeddable":true,"href":"https:\/\/elperiodicodesaltillo.com\/wp\/wp-json\/wp\/v2\/tags?post=29557"}],"curies":[{"name":"wp","href":"https:\/\/api.w.org\/{rel}","templated":true}]}}