{"id":29712,"date":"2023-12-17T15:42:00","date_gmt":"2023-12-17T15:42:00","guid":{"rendered":"https:\/\/elperiodicodesaltillo.com\/wp\/?p=29712"},"modified":"2023-12-18T15:45:25","modified_gmt":"2023-12-18T15:45:25","slug":"refuerza-dif-coahuila-relaciones-institucionales","status":"publish","type":"post","link":"https:\/\/elperiodicodesaltillo.com\/wp\/2023\/12\/17\/refuerza-dif-coahuila-relaciones-institucionales\/","title":{"rendered":"REFUERZA DIF COAHUILA RELACIONES INSTITUCIONALES"},"content":{"rendered":"\n<ul class=\"wp-block-list\"><li><strong><em>Se re\u00fane Liliana Salinas con directora del DIF Nacional<\/em><\/strong><\/li><li><strong><em>DIF Coahuila trabajar\u00e1 de manera coordinada con los 3 \u00f3rdenes de gobierno para apoyar a las familias<\/em><\/strong><\/li><\/ul>\n\n\n\n<p>Ciudad de M\u00e9xico, 17 de diciembre de 2023.- La Presidenta Honoraria de DIF Coahuila, Liliana Salinas Vald\u00e9s, sostuvo una reuni\u00f3n de trabajo con la directora del Sistema DIF Nacional,&nbsp;&nbsp;Nuria Fern\u00e1ndez Espresate, quien junto a su equipo de directoras y directores de \u00e1rea de la dependencia, recibi\u00f3 a una delegaci\u00f3n de nuestra entidad.<\/p>\n\n\n\n<p>En el encuentro realizado en las instalaciones del Sistema Nacional para el Desarrollo Integral de la Familia, se abordaron todos los programas y acciones que desarrolla la instituci\u00f3n y que se podr\u00edan aplicar en Coahuila.<\/p>\n\n\n\n<figure class=\"wp-block-gallery has-nested-images columns-default is-cropped wp-block-gallery-1 is-layout-flex wp-block-gallery-is-layout-flex\">\n<figure class=\"wp-block-image size-large\"><img loading=\"lazy\" decoding=\"async\" width=\"773\" height=\"1024\" data-id=\"29714\" src=\"https:\/\/elperiodicodesaltillo.com\/wp\/wp-content\/uploads\/2023\/12\/dif-773x1024.jpg\" alt=\"\" class=\"wp-image-29714\" srcset=\"https:\/\/elperiodicodesaltillo.com\/wp\/wp-content\/uploads\/2023\/12\/dif-773x1024.jpg 773w, https:\/\/elperiodicodesaltillo.com\/wp\/wp-content\/uploads\/2023\/12\/dif-226x300.jpg 226w, https:\/\/elperiodicodesaltillo.com\/wp\/wp-content\/uploads\/2023\/12\/dif-768x1017.jpg 768w, https:\/\/elperiodicodesaltillo.com\/wp\/wp-content\/uploads\/2023\/12\/dif-696x922.jpg 696w, https:\/\/elperiodicodesaltillo.com\/wp\/wp-content\/uploads\/2023\/12\/dif-317x420.jpg 317w, https:\/\/elperiodicodesaltillo.com\/wp\/wp-content\/uploads\/2023\/12\/dif.jpg 1019w\" sizes=\"auto, (max-width: 773px) 100vw, 773px\" \/><\/figure>\n\n\n\n<figure class=\"wp-block-image size-large\"><img loading=\"lazy\" decoding=\"async\" width=\"1024\" height=\"617\" data-id=\"29713\" src=\"https:\/\/elperiodicodesaltillo.com\/wp\/wp-content\/uploads\/2023\/12\/dif2-1024x617.jpg\" alt=\"\" class=\"wp-image-29713\" srcset=\"https:\/\/elperiodicodesaltillo.com\/wp\/wp-content\/uploads\/2023\/12\/dif2-1024x617.jpg 1024w, https:\/\/elperiodicodesaltillo.com\/wp\/wp-content\/uploads\/2023\/12\/dif2-300x181.jpg 300w, https:\/\/elperiodicodesaltillo.com\/wp\/wp-content\/uploads\/2023\/12\/dif2-768x463.jpg 768w, https:\/\/elperiodicodesaltillo.com\/wp\/wp-content\/uploads\/2023\/12\/dif2-696x419.jpg 696w, https:\/\/elperiodicodesaltillo.com\/wp\/wp-content\/uploads\/2023\/12\/dif2-1068x643.jpg 1068w, https:\/\/elperiodicodesaltillo.com\/wp\/wp-content\/uploads\/2023\/12\/dif2-697x420.jpg 697w, https:\/\/elperiodicodesaltillo.com\/wp\/wp-content\/uploads\/2023\/12\/dif2.jpg 1350w\" sizes=\"auto, (max-width: 1024px) 100vw, 1024px\" \/><\/figure>\n<\/figure>\n\n\n\n<p>Liliana Salinas Vald\u00e9s se\u00f1al\u00f3 que el gobernador del Estado, Manolo Jim\u00e9nez Salinas, tiene la voluntad de trabajar en coordinaci\u00f3n con los tres \u00f3rdenes de gobierno, la sociedad civil y empresarios, para beneficiar a las familias coahuilenses en temas de alimentaci\u00f3n, desarrollo integral de la infancia, adolescencia, juventud, las mujeres, personas con discapacidad y adultas mayores.<\/p>\n\n\n\n<p>Adem\u00e1s, en Coahuila se trabajar\u00e1 en la salud emocional de las familias y en la prevenci\u00f3n de los riesgos psicosociales que puedan afectar su convivencia.<\/p>\n\n\n\n<p>Acompa\u00f1ada por el director general del DIF estatal, Alejandro Cepeda Vald\u00e9s y por Ivonne Espinoza Torres, directora de programas sociales,&nbsp;&nbsp;la titular del DIF en la entidad inform\u00f3 a&nbsp;&nbsp;Nuria Fern\u00e1ndez Espresate que en la etapa previa a la toma de protesta del gobernador Manolo Jim\u00e9nez Salinas se desarrollaron mesas de trabajo y diagn\u00f3stico en todas las regiones del estado, lo que permiti\u00f3 contar con un panorama claro de las acciones que se requiere emprender para apoyar de manera asertiva a las familias coahuilenses.<\/p>\n\n\n\n<p>Para ello, Liliana Salinas Vald\u00e9s se\u00f1al\u00f3 que se implementar\u00e1n diversos programas y acciones focalizados a la atenci\u00f3n de cada grupo poblacional en los 38 municipios del estado.<\/p>\n\n\n\n<p>En ese marco, subray\u00f3 que la coordinaci\u00f3n con el sistema DIF Nacional y los DIF municipales ser\u00e1 fundamental para ampliar el alcance de cada una de las estrategias dise\u00f1adas para mejorar la calidad de vida de ni\u00f1as, ni\u00f1os, adolescentes, j\u00f3venes, mujeres, personas con discapacidad y adultas mayores de Coahuila.<\/p>\n","protected":false},"excerpt":{"rendered":"<p>Se re\u00fane Liliana Salinas con directora del DIF Nacional DIF Coahuila trabajar\u00e1 de manera coordinada con los 3 \u00f3rdenes de gobierno para apoyar a las familias Ciudad de M\u00e9xico, 17 de diciembre de 2023.- La Presidenta Honoraria de DIF Coahuila, Liliana Salinas Vald\u00e9s, sostuvo una reuni\u00f3n de trabajo con la directora del Sistema DIF Nacional,&nbsp;&nbsp;Nuria [&hellip;]<\/p>\n","protected":false},"author":1,"featured_media":29714,"comment_status":"closed","ping_status":"closed","sticky":false,"template":"","format":"standard","meta":{"footnotes":""},"categories":[21],"tags":[],"class_list":["post-29712","post","type-post","status-publish","format-standard","has-post-thumbnail","hentry","category-coahuila"],"_links":{"self":[{"href":"https:\/\/elperiodicodesaltillo.com\/wp\/wp-json\/wp\/v2\/posts\/29712","targetHints":{"allow":["GET"]}}],"collection":[{"href":"https:\/\/elperiodicodesaltillo.com\/wp\/wp-json\/wp\/v2\/posts"}],"about":[{"href":"https:\/\/elperiodicodesaltillo.com\/wp\/wp-json\/wp\/v2\/types\/post"}],"author":[{"embeddable":true,"href":"https:\/\/elperiodicodesaltillo.com\/wp\/wp-json\/wp\/v2\/users\/1"}],"replies":[{"embeddable":true,"href":"https:\/\/elperiodicodesaltillo.com\/wp\/wp-json\/wp\/v2\/comments?post=29712"}],"version-history":[{"count":1,"href":"https:\/\/elperiodicodesaltillo.com\/wp\/wp-json\/wp\/v2\/posts\/29712\/revisions"}],"predecessor-version":[{"id":29715,"href":"https:\/\/elperiodicodesaltillo.com\/wp\/wp-json\/wp\/v2\/posts\/29712\/revisions\/29715"}],"wp:featuredmedia":[{"embeddable":true,"href":"https:\/\/elperiodicodesaltillo.com\/wp\/wp-json\/wp\/v2\/media\/29714"}],"wp:attachment":[{"href":"https:\/\/elperiodicodesaltillo.com\/wp\/wp-json\/wp\/v2\/media?parent=29712"}],"wp:term":[{"taxonomy":"category","embeddable":true,"href":"https:\/\/elperiodicodesaltillo.com\/wp\/wp-json\/wp\/v2\/categories?post=29712"},{"taxonomy":"post_tag","embeddable":true,"href":"https:\/\/elperiodicodesaltillo.com\/wp\/wp-json\/wp\/v2\/tags?post=29712"}],"curies":[{"name":"wp","href":"https:\/\/api.w.org\/{rel}","templated":true}]}}