{"id":29729,"date":"2023-12-19T15:55:00","date_gmt":"2023-12-19T15:55:00","guid":{"rendered":"https:\/\/elperiodicodesaltillo.com\/wp\/?p=29729"},"modified":"2023-12-20T16:17:23","modified_gmt":"2023-12-20T16:17:23","slug":"es-momento-de-inspirar-paola-rodriguez","status":"publish","type":"post","link":"https:\/\/elperiodicodesaltillo.com\/wp\/2023\/12\/19\/es-momento-de-inspirar-paola-rodriguez\/","title":{"rendered":"<strong>ES MOMENTO DE INSPIRAR: PAOLA RODR\u00cdGUEZ<\/strong>"},"content":{"rendered":"\n<p>\u00b7&nbsp;&nbsp;&nbsp;&nbsp;&nbsp;&nbsp;<strong><em>Presenta esposa del Gobernador la Oficina Inspira Coahuila<\/em><\/strong><\/p>\n\n\n\n<p>Saltillo, Coahuila de Zaragoza; a 19 de Diciembre de 2023.- El gobernador Manolo Jim\u00e9nez Salinas, junto a su esposa Paola Rodr\u00edguez L\u00f3pez, presentaron Inspira Coahuila, oficina que potencializar\u00e1 las estrategias y acciones para mejorar la calidad de vida de las familias coahuilenses a trav\u00e9s de proyectos espec\u00edficos.<\/p>\n\n\n\n<p>Desarrollada como una iniciativa de Paola Rodr\u00edguez para hacer realidad varios de los compromisos que se adquirieron en campa\u00f1a, el Mandatario estatal inform\u00f3 que Inspira contempla cinco proyectos insignia: salud mental, asociaciones civiles, educaci\u00f3n, mujeres, y j\u00f3venes.<\/p>\n\n\n<div class=\"wp-block-image\">\n<figure class=\"aligncenter size-large is-resized\"><img loading=\"lazy\" decoding=\"async\" src=\"https:\/\/elperiodicodesaltillo.com\/wp\/wp-content\/uploads\/2023\/12\/diff-1024x683.jpg\" alt=\"\" class=\"wp-image-29730\" width=\"512\" height=\"342\" srcset=\"https:\/\/elperiodicodesaltillo.com\/wp\/wp-content\/uploads\/2023\/12\/diff-1024x683.jpg 1024w, https:\/\/elperiodicodesaltillo.com\/wp\/wp-content\/uploads\/2023\/12\/diff-300x200.jpg 300w, https:\/\/elperiodicodesaltillo.com\/wp\/wp-content\/uploads\/2023\/12\/diff-768x512.jpg 768w, https:\/\/elperiodicodesaltillo.com\/wp\/wp-content\/uploads\/2023\/12\/diff-696x464.jpg 696w, https:\/\/elperiodicodesaltillo.com\/wp\/wp-content\/uploads\/2023\/12\/diff-1068x713.jpg 1068w, https:\/\/elperiodicodesaltillo.com\/wp\/wp-content\/uploads\/2023\/12\/diff-630x420.jpg 630w, https:\/\/elperiodicodesaltillo.com\/wp\/wp-content\/uploads\/2023\/12\/diff.jpg 1280w\" sizes=\"auto, (max-width: 512px) 100vw, 512px\" \/><\/figure>\n<\/div>\n\n\n<p>Para lograr sus objetivos, Inspira se coordinar\u00e1 con las diferentes \u00e1reas de Gobierno y las asociaciones civiles de nuestro Estado.<\/p>\n\n\n\n<p>Paola Rodr\u00edguez, Presidenta Honoraria de Inspira Coahuila, mencion\u00f3 que la principal misi\u00f3n de esta oficina es mejorar la calidad de vida de las y los coahuilenses.<\/p>\n\n\n\n<p>\u201cInspira Coahuila busca inspirar, generar un impacto verdadero, invitar a todos a trabajar juntos transversalmente para atender las necesidades que tiene nuestro estado que son una gran responsabilidad del Gobierno, Iniciativa Privada y sociedad en general\u201d, expres\u00f3.<\/p>\n\n\n\n<p>Dijo que estar\u00e1n trabajando de manera muy coordinada con el DIF Coahuila y con las diferentes Secretar\u00edas.<\/p>\n\n\n\n<p>Asimismo, explic\u00f3 que se trabajar\u00e1 en diferentes \u00e1reas: salud mental; organizaciones de la sociedad civil; educaci\u00f3n, con enfoque en el idioma ingl\u00e9s; impulso a las mujeres; y atenci\u00f3n a las necesidades de los j\u00f3venes.&nbsp;<\/p>\n\n\n\n<p>Manolo Jim\u00e9nez agradeci\u00f3 y felicit\u00f3 a su esposa Paola por sumarse a su Gobierno a trav\u00e9s de Inspira, a quien le expres\u00f3 su orgullo y admiraci\u00f3n por las acciones y actividades que desde tiempo atr\u00e1s realiza para ayudar a quienes m\u00e1s lo necesitan.<\/p>\n\n\n\n<p>\u00abLas cuestiones m\u00e1s sensibles que veamos en Coahuila para que t\u00fa me ayudes a abanderarlos y darles un seguimiento puntual para cumplirlos\u00bb, dijo.<\/p>\n\n\n\n<p>Manolo Jim\u00e9nez reiter\u00f3 todo su apoyo y respaldo al equipo de Inspira Coahuila, que es una parte importante del gobierno al tener la encomienda de hacer que se cumplan los compromisos con la gente.<\/p>\n\n\n\n<p>Por su parte Cecilia de la Garza Mart\u00ednez, directora general de Inspira Coahuila detall\u00f3 que en el eje de salud mental \u201cLo que sientes importa\u201d, se buscar\u00e1 garantizar que dentro de la Secretar\u00eda de Salud exista formalmente un \u00e1rea que coordine todas las estrategias.<\/p>\n\n\n\n<p>Adem\u00e1s, dijo, se trabajar\u00e1 en sumar todas las iniciativas y enfocarlas hacia un mismo camino, de tal forma que no sean esfuerzos aislados sino con impacto verdadero.&nbsp;<\/p>\n\n\n\n<p>Coment\u00f3 que se instalar\u00e1 un Consejo Estatal de Salud mental que, de entrada, aplicar\u00e1 una evaluaci\u00f3n diagn\u00f3stica a ni\u00f1os y j\u00f3venes de todo el Estado para generar estrategias enfocadas a las necesidades espec\u00edficas de cada regi\u00f3n y cada sector de la poblaci\u00f3n.<\/p>\n\n\n\n<p>Mencion\u00f3 que se garantizar\u00e1 que todos los Hospitales est\u00e9n preparados para atender los padecimientos psicol\u00f3gicos y psiqui\u00e1tricos a trav\u00e9s del C\u00f3digo 100, y el duelo perinatal con el C\u00f3digo Mariposa; adem\u00e1s, dino que se buscar\u00e1 que todas las dependencias de Gobierno est\u00e9n certificadas como Espacios Azules, lugares donde se promueva la salud mental.<\/p>\n\n\n\n<p>De la garza Mart\u00ednez anunci\u00f3 que en el eje de organismos no gubernamentales, se generar\u00e1 una ruta de trabajo en conjunto y se revisar\u00e1n proyectos que puedan ser puestos en marcha a favor de todos los coahuilenses.<\/p>\n\n\n\n<p>En el eje de educaci\u00f3n, inform\u00f3 que se trabajar\u00e1 para fortalecer el programa de ingl\u00e9s existente, fortalecer los valores familiares; se trabajar\u00e1 en las habilidades socioemocionales de ni\u00f1os y j\u00f3venes, y se ayudar\u00e1 en la regularizaci\u00f3n por el rezago derivado de la pandemia.<\/p>\n\n\n\n<p>En este eje, coment\u00f3 que las Embajadas de Estados Unidos y de Canad\u00e1, en M\u00e9xico, ser\u00e1n aliadas, y que con Ense\u00f1a por M\u00e9xico se iniciar\u00e1 un gran proyecto para llevar ingl\u00e9s a los municipios donde hoy no existe.<\/p>\n\n\n\n<p>En el eje Mujeres, se trabajar\u00e1 desde varios enfoques:<\/p>\n\n\n\n<p>&#8211; Programa de empleo y autoempleo para madres de familia para que, mientras los ni\u00f1os est\u00e1n en casa, ellas puedan tener un ingreso extra.<\/p>\n\n\n\n<p>&#8211; Empoderamiento de mujeres con educaci\u00f3n d\u00e1ndole continuidad y creciendo los programas para que las mujeres puedan estudiar prepa y licenciatura.&nbsp;<\/p>\n\n\n\n<p>&#8211; Escuela para padres y actividades sociales en familia que permitan que rescatemos los valores familiares.<\/p>\n\n\n\n<p>&#8211; Coahuila tem\u00e1tico, que incluye festividades como la navidad para generar espacios de convivencia familiar y rescatar nuestras tradiciones; por eso Villamagia fue pensada en resaltar los juguetes mexicanos adem\u00e1s de crear un espacio para compartir en familia.<\/p>\n\n\n\n<p>Agreg\u00f3 que en el eje de J\u00f3venes se trabajar\u00e1 de la mano con ellos para hacer de Coahuila un mejor estado y generar oportunidades para todos: se relanzar\u00e1 300, y viene recargado, con temas de liderazgo, emprendimiento y empleo.<\/p>\n\n\n\n<p>\u201cSe impulsar\u00e1n las carreras del futuro y las que se necesitan en nuestra regi\u00f3n para atender las diversas necesidades y se tendr\u00e1n posibilidades de becas nacionales e internacionales\u201d, inform\u00f3 Cecilia de la Garza.<\/p>\n","protected":false},"excerpt":{"rendered":"<p>\u00b7&nbsp;&nbsp;&nbsp;&nbsp;&nbsp;&nbsp;Presenta esposa del Gobernador la Oficina Inspira Coahuila Saltillo, Coahuila de Zaragoza; a 19 de Diciembre de 2023.- El gobernador Manolo Jim\u00e9nez Salinas, junto a su esposa Paola Rodr\u00edguez L\u00f3pez, presentaron Inspira Coahuila, oficina que potencializar\u00e1 las estrategias y acciones para mejorar la calidad de vida de las familias coahuilenses a trav\u00e9s de proyectos espec\u00edficos. [&hellip;]<\/p>\n","protected":false},"author":1,"featured_media":29730,"comment_status":"closed","ping_status":"closed","sticky":false,"template":"","format":"standard","meta":{"footnotes":""},"categories":[21],"tags":[],"class_list":["post-29729","post","type-post","status-publish","format-standard","has-post-thumbnail","hentry","category-coahuila"],"_links":{"self":[{"href":"https:\/\/elperiodicodesaltillo.com\/wp\/wp-json\/wp\/v2\/posts\/29729","targetHints":{"allow":["GET"]}}],"collection":[{"href":"https:\/\/elperiodicodesaltillo.com\/wp\/wp-json\/wp\/v2\/posts"}],"about":[{"href":"https:\/\/elperiodicodesaltillo.com\/wp\/wp-json\/wp\/v2\/types\/post"}],"author":[{"embeddable":true,"href":"https:\/\/elperiodicodesaltillo.com\/wp\/wp-json\/wp\/v2\/users\/1"}],"replies":[{"embeddable":true,"href":"https:\/\/elperiodicodesaltillo.com\/wp\/wp-json\/wp\/v2\/comments?post=29729"}],"version-history":[{"count":2,"href":"https:\/\/elperiodicodesaltillo.com\/wp\/wp-json\/wp\/v2\/posts\/29729\/revisions"}],"predecessor-version":[{"id":29732,"href":"https:\/\/elperiodicodesaltillo.com\/wp\/wp-json\/wp\/v2\/posts\/29729\/revisions\/29732"}],"wp:featuredmedia":[{"embeddable":true,"href":"https:\/\/elperiodicodesaltillo.com\/wp\/wp-json\/wp\/v2\/media\/29730"}],"wp:attachment":[{"href":"https:\/\/elperiodicodesaltillo.com\/wp\/wp-json\/wp\/v2\/media?parent=29729"}],"wp:term":[{"taxonomy":"category","embeddable":true,"href":"https:\/\/elperiodicodesaltillo.com\/wp\/wp-json\/wp\/v2\/categories?post=29729"},{"taxonomy":"post_tag","embeddable":true,"href":"https:\/\/elperiodicodesaltillo.com\/wp\/wp-json\/wp\/v2\/tags?post=29729"}],"curies":[{"name":"wp","href":"https:\/\/api.w.org\/{rel}","templated":true}]}}