{"id":29864,"date":"2023-12-22T18:40:00","date_gmt":"2023-12-22T18:40:00","guid":{"rendered":"https:\/\/elperiodicodesaltillo.com\/wp\/?p=29864"},"modified":"2024-01-05T18:40:54","modified_gmt":"2024-01-05T18:40:54","slug":"coahuila-unido-por-nuestras-ninas-ninos-y-jovenes-manolo-jimenez","status":"publish","type":"post","link":"https:\/\/elperiodicodesaltillo.com\/wp\/2023\/12\/22\/coahuila-unido-por-nuestras-ninas-ninos-y-jovenes-manolo-jimenez\/","title":{"rendered":"<strong>COAHUILA UNIDO POR NUESTRAS NI\u00d1AS, NI\u00d1OS Y J\u00d3VENES: MANOLO JIM\u00c9NEZ<\/strong>"},"content":{"rendered":"\n<p>Saltillo, Coahuila de Zaragoza; a 22 de Diciembre de 2023.- El gobernador Manolo Jim\u00e9nez Salinas, su esposa Paola Rodr\u00edguez L\u00f3pez e hijos, y la presidenta honoraria del DIF Coahuila, Liliana Salinas Vald\u00e9s, visitaron la Casa de las Ni\u00f1as y Ni\u00f1os en donde participaron junto a sus residentes en la tradicional posada.<\/p>\n\n\n\n<p>\u00abTuvimos una muy emotiva posada navide\u00f1a con las ni\u00f1as, ni\u00f1os, adolescentes y j\u00f3venes de la casa hogar, las casas azul y rosa. Tenemos un gran compromiso con ellas y ellos, los vamos a cuidar y proteger como lo hacemos con nuestra familia\u00bb, se\u00f1al\u00f3.&nbsp;<\/p>\n\n\n\n<p>Agreg\u00f3 que en las pr\u00f3ximas semanas se arrancar\u00e1n proyectos y obras para mejorar su estancia y su calidad de vida.&nbsp;<\/p>\n\n\n<div class=\"wp-block-image\">\n<figure class=\"aligncenter size-large is-resized\"><img loading=\"lazy\" decoding=\"async\" src=\"https:\/\/elperiodicodesaltillo.com\/wp\/wp-content\/uploads\/2024\/01\/ninos-1024x682.jpg\" alt=\"\" class=\"wp-image-29865\" width=\"512\" height=\"341\" srcset=\"https:\/\/elperiodicodesaltillo.com\/wp\/wp-content\/uploads\/2024\/01\/ninos-1024x682.jpg 1024w, https:\/\/elperiodicodesaltillo.com\/wp\/wp-content\/uploads\/2024\/01\/ninos-300x200.jpg 300w, https:\/\/elperiodicodesaltillo.com\/wp\/wp-content\/uploads\/2024\/01\/ninos-768x511.jpg 768w, https:\/\/elperiodicodesaltillo.com\/wp\/wp-content\/uploads\/2024\/01\/ninos-696x463.jpg 696w, https:\/\/elperiodicodesaltillo.com\/wp\/wp-content\/uploads\/2024\/01\/ninos-1068x711.jpg 1068w, https:\/\/elperiodicodesaltillo.com\/wp\/wp-content\/uploads\/2024\/01\/ninos-631x420.jpg 631w, https:\/\/elperiodicodesaltillo.com\/wp\/wp-content\/uploads\/2024\/01\/ninos.jpg 1080w\" sizes=\"auto, (max-width: 512px) 100vw, 512px\" \/><\/figure>\n<\/div>\n\n\n<p>\u00abNos dio mucho gusto visitarlos, sus sonrisas y abrazos nos llenaron de energ\u00eda para seguir trabajando por ustedes y por todas las familias coahuilenses\u00bb,dijo.<\/p>\n\n\n\n<p>El mandatario estatal les dese\u00f3 una Feliz Navidad y un pr\u00f3spero A\u00f1o Nuevo, y agradeci\u00f3 a todo el personal que labora en este albergue por la gran labor que desempe\u00f1an al apoyar a las ni\u00f1as, ni\u00f1os y adolescentes, ya que, dijo, es fundamental para que la sociedad progrese.<\/p>\n\n\n\n<p>De la misma manera, Jim\u00e9nez Salinas recorri\u00f3 las instalaciones del DIF Coahuila en donde salud\u00f3 a todos y todas quienes ah\u00ed trabajan y a quienes conmin\u00f3 a seguir atendiendo las necesidades de las familias coahuilenses.<\/p>\n\n\n\n<p>\u201cS\u00e9 que seguiremos haciendo equipo gobierno, sociedad civil e iniciativa privada por nuestras ni\u00f1as, ni\u00f1os y adolescentes.Soy gobernador para cuidar a mis hijos y a los hijos de todos los coahuilenses. Voy a trabajar por ustedes, para que tengan la infancia y la adolescencia que merecen\u201d, expres\u00f3 el gobernador.<\/p>\n","protected":false},"excerpt":{"rendered":"<p>Saltillo, Coahuila de Zaragoza; a 22 de Diciembre de 2023.- El gobernador Manolo Jim\u00e9nez Salinas, su esposa Paola Rodr\u00edguez L\u00f3pez e hijos, y la presidenta honoraria del DIF Coahuila, Liliana Salinas Vald\u00e9s, visitaron la Casa de las Ni\u00f1as y Ni\u00f1os en donde participaron junto a sus residentes en la tradicional posada. \u00abTuvimos una muy emotiva [&hellip;]<\/p>\n","protected":false},"author":1,"featured_media":29865,"comment_status":"closed","ping_status":"closed","sticky":false,"template":"","format":"standard","meta":{"footnotes":""},"categories":[21],"tags":[],"class_list":["post-29864","post","type-post","status-publish","format-standard","has-post-thumbnail","hentry","category-coahuila"],"_links":{"self":[{"href":"https:\/\/elperiodicodesaltillo.com\/wp\/wp-json\/wp\/v2\/posts\/29864","targetHints":{"allow":["GET"]}}],"collection":[{"href":"https:\/\/elperiodicodesaltillo.com\/wp\/wp-json\/wp\/v2\/posts"}],"about":[{"href":"https:\/\/elperiodicodesaltillo.com\/wp\/wp-json\/wp\/v2\/types\/post"}],"author":[{"embeddable":true,"href":"https:\/\/elperiodicodesaltillo.com\/wp\/wp-json\/wp\/v2\/users\/1"}],"replies":[{"embeddable":true,"href":"https:\/\/elperiodicodesaltillo.com\/wp\/wp-json\/wp\/v2\/comments?post=29864"}],"version-history":[{"count":1,"href":"https:\/\/elperiodicodesaltillo.com\/wp\/wp-json\/wp\/v2\/posts\/29864\/revisions"}],"predecessor-version":[{"id":29866,"href":"https:\/\/elperiodicodesaltillo.com\/wp\/wp-json\/wp\/v2\/posts\/29864\/revisions\/29866"}],"wp:featuredmedia":[{"embeddable":true,"href":"https:\/\/elperiodicodesaltillo.com\/wp\/wp-json\/wp\/v2\/media\/29865"}],"wp:attachment":[{"href":"https:\/\/elperiodicodesaltillo.com\/wp\/wp-json\/wp\/v2\/media?parent=29864"}],"wp:term":[{"taxonomy":"category","embeddable":true,"href":"https:\/\/elperiodicodesaltillo.com\/wp\/wp-json\/wp\/v2\/categories?post=29864"},{"taxonomy":"post_tag","embeddable":true,"href":"https:\/\/elperiodicodesaltillo.com\/wp\/wp-json\/wp\/v2\/tags?post=29864"}],"curies":[{"name":"wp","href":"https:\/\/api.w.org\/{rel}","templated":true}]}}