{"id":29888,"date":"2023-12-31T18:51:00","date_gmt":"2023-12-31T18:51:00","guid":{"rendered":"https:\/\/elperiodicodesaltillo.com\/wp\/?p=29888"},"modified":"2024-01-05T18:51:59","modified_gmt":"2024-01-05T18:51:59","slug":"vamos-juntos-con-todo-pa-delante-en-este-2024-manolo","status":"publish","type":"post","link":"https:\/\/elperiodicodesaltillo.com\/wp\/2023\/12\/31\/vamos-juntos-con-todo-pa-delante-en-este-2024-manolo\/","title":{"rendered":"<strong>VAMOS JUNTOS CON TODO PA&#8217; DELANTE EN ESTE 2024: MANOLO<\/strong>"},"content":{"rendered":"\n<p>Saltillo, Coahuila; 31 de diciembre de 2023.- El gobernador Manolo Jim\u00e9nez Salinas agradeci\u00f3 a las y los coahuilenses por todo el apoyo recibido en el 2023, y dese\u00f3 el mayor de los \u00e9xitos en este nuevo a\u00f1o 2024, en donde refrend\u00f3 su compromiso de trabajar por todas las familias de la entidad y mejorar su calidad de vida.&nbsp;<\/p>\n\n\n\n<p>\u201cHonrar\u00e9 la confianza de quienes confiaron en mi durante el 2023, y seguir\u00e9 trabajando para que este 2024 sea un gran a\u00f1o para las y los coahuilenses, en el que sentaremos las bases de un gran gobierno ciudadano, con desarrollo parejo para todas las regiones y mejorando la calidad de vida de nuestras familias, vamos juntos pa\u00b4delante en este 2024\u201d, resalt\u00f3.&nbsp;<\/p>\n\n\n<div class=\"wp-block-image\">\n<figure class=\"aligncenter size-large\"><img loading=\"lazy\" decoding=\"async\" width=\"660\" height=\"1024\" src=\"https:\/\/elperiodicodesaltillo.com\/wp\/wp-content\/uploads\/2024\/01\/vamos-660x1024.jpg\" alt=\"\" class=\"wp-image-29889\" srcset=\"https:\/\/elperiodicodesaltillo.com\/wp\/wp-content\/uploads\/2024\/01\/vamos-660x1024.jpg 660w, https:\/\/elperiodicodesaltillo.com\/wp\/wp-content\/uploads\/2024\/01\/vamos-194x300.jpg 194w, https:\/\/elperiodicodesaltillo.com\/wp\/wp-content\/uploads\/2024\/01\/vamos-768x1191.jpg 768w, https:\/\/elperiodicodesaltillo.com\/wp\/wp-content\/uploads\/2024\/01\/vamos-991x1536.jpg 991w, https:\/\/elperiodicodesaltillo.com\/wp\/wp-content\/uploads\/2024\/01\/vamos-696x1079.jpg 696w, https:\/\/elperiodicodesaltillo.com\/wp\/wp-content\/uploads\/2024\/01\/vamos-271x420.jpg 271w, https:\/\/elperiodicodesaltillo.com\/wp\/wp-content\/uploads\/2024\/01\/vamos.jpg 1032w\" sizes=\"auto, (max-width: 660px) 100vw, 660px\" \/><\/figure>\n<\/div>\n\n\n<p>A nombre suyo y de su familia, dese\u00f3 un feliz a\u00f1o nuevo, lleno de bendiciones, \u00e9xitos y con muchas oportunidades para todas y todos, y que sigan viviendo en un estado seguro y en orden.&nbsp;<\/p>\n\n\n\n<p>Se\u00f1al\u00f3 que continuar\u00e1 recorriendo todas las regiones para poner en marcha programas, obras y acciones, trabajando en equipo con la sociedad civil organizada, la academia, iniciativa privada y todos los sectores sociales para dar continuidad al proyecto de gobierno que, junto con su equipo de trabajo, delinearon desde el 2023.&nbsp;<\/p>\n\n\n\n<p>\u201cDe la mano de Dios, de mi familia, de nuestro gran equipo y de la gente, trabajaremos en este 2024 para seguir consolidando a Coahuila como el mejor lugar de M\u00e9xico para vivir con nuestras familias. Vamos firmes avanzando pa\u00b4delante, a pasos de gigante\u201d, finaliz\u00f3.<\/p>\n","protected":false},"excerpt":{"rendered":"<p>Saltillo, Coahuila; 31 de diciembre de 2023.- El gobernador Manolo Jim\u00e9nez Salinas agradeci\u00f3 a las y los coahuilenses por todo el apoyo recibido en el 2023, y dese\u00f3 el mayor de los \u00e9xitos en este nuevo a\u00f1o 2024, en donde refrend\u00f3 su compromiso de trabajar por todas las familias de la entidad y mejorar su [&hellip;]<\/p>\n","protected":false},"author":1,"featured_media":29889,"comment_status":"closed","ping_status":"closed","sticky":false,"template":"","format":"standard","meta":{"footnotes":""},"categories":[21],"tags":[],"class_list":["post-29888","post","type-post","status-publish","format-standard","has-post-thumbnail","hentry","category-coahuila"],"_links":{"self":[{"href":"https:\/\/elperiodicodesaltillo.com\/wp\/wp-json\/wp\/v2\/posts\/29888","targetHints":{"allow":["GET"]}}],"collection":[{"href":"https:\/\/elperiodicodesaltillo.com\/wp\/wp-json\/wp\/v2\/posts"}],"about":[{"href":"https:\/\/elperiodicodesaltillo.com\/wp\/wp-json\/wp\/v2\/types\/post"}],"author":[{"embeddable":true,"href":"https:\/\/elperiodicodesaltillo.com\/wp\/wp-json\/wp\/v2\/users\/1"}],"replies":[{"embeddable":true,"href":"https:\/\/elperiodicodesaltillo.com\/wp\/wp-json\/wp\/v2\/comments?post=29888"}],"version-history":[{"count":1,"href":"https:\/\/elperiodicodesaltillo.com\/wp\/wp-json\/wp\/v2\/posts\/29888\/revisions"}],"predecessor-version":[{"id":29890,"href":"https:\/\/elperiodicodesaltillo.com\/wp\/wp-json\/wp\/v2\/posts\/29888\/revisions\/29890"}],"wp:featuredmedia":[{"embeddable":true,"href":"https:\/\/elperiodicodesaltillo.com\/wp\/wp-json\/wp\/v2\/media\/29889"}],"wp:attachment":[{"href":"https:\/\/elperiodicodesaltillo.com\/wp\/wp-json\/wp\/v2\/media?parent=29888"}],"wp:term":[{"taxonomy":"category","embeddable":true,"href":"https:\/\/elperiodicodesaltillo.com\/wp\/wp-json\/wp\/v2\/categories?post=29888"},{"taxonomy":"post_tag","embeddable":true,"href":"https:\/\/elperiodicodesaltillo.com\/wp\/wp-json\/wp\/v2\/tags?post=29888"}],"curies":[{"name":"wp","href":"https:\/\/api.w.org\/{rel}","templated":true}]}}