{"id":29907,"date":"2024-01-05T14:21:00","date_gmt":"2024-01-05T14:21:00","guid":{"rendered":"https:\/\/elperiodicodesaltillo.com\/wp\/?p=29907"},"modified":"2024-01-08T14:22:50","modified_gmt":"2024-01-08T14:22:50","slug":"este-lunes-regresaran-a-clases-alrededor-de-630-mil-alumnos-de-educacion-basica","status":"publish","type":"post","link":"https:\/\/elperiodicodesaltillo.com\/wp\/2024\/01\/05\/este-lunes-regresaran-a-clases-alrededor-de-630-mil-alumnos-de-educacion-basica\/","title":{"rendered":"<strong>ESTE LUNES REGRESAR\u00c1N A CLASES ALREDEDOR DE 630 MIL ALUMNOS DE EDUCACI\u00d3N B\u00c1SICA<\/strong>"},"content":{"rendered":"\n<p>Saltillo, Coahuila de Zaragoza, a 05 de enero de 2024.-&nbsp;&nbsp;La Secretar\u00eda de Educaci\u00f3n de Coahuila inform\u00f3 que a partir de este lunes 8 de enero alrededor de 630 mil alumnos de Educaci\u00f3n B\u00e1sica reanudar\u00e1n el ciclo escolar 2023-2024, luego del per\u00edodo vacacional de Navidad y de fin de a\u00f1o.<\/p>\n\n\n\n<p>Emanuel Garza Fishburn, titular de la dependencia, agreg\u00f3 que desde el pasado mi\u00e9rcoles 3 de enero, las y los docentes asisten a tareas de capacitaci\u00f3n con el Taller Intensivo de Formaci\u00f3n Continua para Directivos y Docentes.<\/p>\n\n\n\n<p>La capacitaci\u00f3n, agreg\u00f3,&nbsp;&nbsp;forma parte de su preparaci\u00f3n profesional y dan continuidad al Ciclo Escolar 2023-2024 para la construcci\u00f3n de un proyecto educativo dentro del proceso de mejora educativa continua.<\/p>\n\n\n\n<figure class=\"wp-block-image size-full\"><img loading=\"lazy\" decoding=\"async\" width=\"683\" height=\"1024\" src=\"https:\/\/elperiodicodesaltillo.com\/wp\/wp-content\/uploads\/2024\/01\/regreso-clases.jpg\" alt=\"\" class=\"wp-image-29908\" srcset=\"https:\/\/elperiodicodesaltillo.com\/wp\/wp-content\/uploads\/2024\/01\/regreso-clases.jpg 683w, https:\/\/elperiodicodesaltillo.com\/wp\/wp-content\/uploads\/2024\/01\/regreso-clases-200x300.jpg 200w, https:\/\/elperiodicodesaltillo.com\/wp\/wp-content\/uploads\/2024\/01\/regreso-clases-280x420.jpg 280w\" sizes=\"auto, (max-width: 683px) 100vw, 683px\" \/><\/figure>\n\n\n\n<p>Garza Fishburn destac\u00f3 que adem\u00e1s de estos cursos de capacitaci\u00f3n, tambi\u00e9n se contemplaron para la segunda mitad del ciclo escolar, la suspensi\u00f3n de clases por la reuni\u00f3n del Consejo T\u00e9cnico Escolar (CTE) el pr\u00f3ximo viernes 26 de enero.<\/p>\n\n\n\n<p>De igual forma, para el lunes 5 de febrero por la conmemoraci\u00f3n de la Promulgaci\u00f3n de la Constituci\u00f3n de 1917.<\/p>\n\n\n\n<p>Por otra parte, el Secretario de Educaci\u00f3n de Coahuila dijo que tambi\u00e9n se consider\u00f3 el asueto escolar del 25 de marzo al 5 de abril por el per\u00edodo vacacional de Semana Santa.<\/p>\n\n\n\n<p>Mientras que en mayo habr\u00e1 suspensi\u00f3n de labores docentes los d\u00edas primero, 15 y el 31, as\u00ed como el viernes 28 de junio por la reuni\u00f3n del Consejo&nbsp;&nbsp;T\u00e9cnico Escolar.<\/p>\n\n\n\n<p>Finalmente, confirm\u00f3 que el martes 16 de julio pr\u00f3ximo ser\u00e1 el fin de cursos y del presente ciclo escolar.<\/p>\n","protected":false},"excerpt":{"rendered":"<p>Saltillo, Coahuila de Zaragoza, a 05 de enero de 2024.-&nbsp;&nbsp;La Secretar\u00eda de Educaci\u00f3n de Coahuila inform\u00f3 que a partir de este lunes 8 de enero alrededor de 630 mil alumnos de Educaci\u00f3n B\u00e1sica reanudar\u00e1n el ciclo escolar 2023-2024, luego del per\u00edodo vacacional de Navidad y de fin de a\u00f1o. Emanuel Garza Fishburn, titular de la [&hellip;]<\/p>\n","protected":false},"author":1,"featured_media":29908,"comment_status":"closed","ping_status":"closed","sticky":false,"template":"","format":"standard","meta":{"footnotes":""},"categories":[21],"tags":[],"class_list":["post-29907","post","type-post","status-publish","format-standard","has-post-thumbnail","hentry","category-coahuila"],"_links":{"self":[{"href":"https:\/\/elperiodicodesaltillo.com\/wp\/wp-json\/wp\/v2\/posts\/29907","targetHints":{"allow":["GET"]}}],"collection":[{"href":"https:\/\/elperiodicodesaltillo.com\/wp\/wp-json\/wp\/v2\/posts"}],"about":[{"href":"https:\/\/elperiodicodesaltillo.com\/wp\/wp-json\/wp\/v2\/types\/post"}],"author":[{"embeddable":true,"href":"https:\/\/elperiodicodesaltillo.com\/wp\/wp-json\/wp\/v2\/users\/1"}],"replies":[{"embeddable":true,"href":"https:\/\/elperiodicodesaltillo.com\/wp\/wp-json\/wp\/v2\/comments?post=29907"}],"version-history":[{"count":1,"href":"https:\/\/elperiodicodesaltillo.com\/wp\/wp-json\/wp\/v2\/posts\/29907\/revisions"}],"predecessor-version":[{"id":29909,"href":"https:\/\/elperiodicodesaltillo.com\/wp\/wp-json\/wp\/v2\/posts\/29907\/revisions\/29909"}],"wp:featuredmedia":[{"embeddable":true,"href":"https:\/\/elperiodicodesaltillo.com\/wp\/wp-json\/wp\/v2\/media\/29908"}],"wp:attachment":[{"href":"https:\/\/elperiodicodesaltillo.com\/wp\/wp-json\/wp\/v2\/media?parent=29907"}],"wp:term":[{"taxonomy":"category","embeddable":true,"href":"https:\/\/elperiodicodesaltillo.com\/wp\/wp-json\/wp\/v2\/categories?post=29907"},{"taxonomy":"post_tag","embeddable":true,"href":"https:\/\/elperiodicodesaltillo.com\/wp\/wp-json\/wp\/v2\/tags?post=29907"}],"curies":[{"name":"wp","href":"https:\/\/api.w.org\/{rel}","templated":true}]}}