{"id":30080,"date":"2024-01-19T02:00:00","date_gmt":"2024-01-19T02:00:00","guid":{"rendered":"https:\/\/elperiodicodesaltillo.com\/wp\/?p=30080"},"modified":"2024-01-31T02:01:08","modified_gmt":"2024-01-31T02:01:08","slug":"reitera-manolo-su-disposicion-y-apoyo-al-presidente-en-acciones-humanitarias-de-la-region-carbonifera","status":"publish","type":"post","link":"https:\/\/elperiodicodesaltillo.com\/wp\/2024\/01\/19\/reitera-manolo-su-disposicion-y-apoyo-al-presidente-en-acciones-humanitarias-de-la-region-carbonifera\/","title":{"rendered":"<strong>REITERA MANOLO SU DISPOSICI\u00d3N Y APOYO AL PRESIDENTE EN ACCIONES HUMANITARIAS DE LA REGI\u00d3N CARBONIFERA<\/strong>"},"content":{"rendered":"\n<p>\u00b7&nbsp;&nbsp;&nbsp;&nbsp;&nbsp;&nbsp;<strong><em>Acompa\u00f1a Gobernador de Coahuila al Presidente de M\u00e9xico en las reuniones celebradas en las minas Pasta de Conchos y El Pinabete<\/em><\/strong><\/p>\n\n\n\n<p>Sabinas, Coahuila de Zaragoza; a 19 de enero de 2024.- El gobernador de Coahuila, Manolo Jim\u00e9nez Salinas, acompa\u00f1\u00f3 al presidente Andr\u00e9s Manuel L\u00f3pez Obrador a la supervisi\u00f3n de los trabajos en las minas Pasta de Conchos y El Pinabete, para la recuperaci\u00f3n de los restos de los mineros, as\u00ed como a las reuniones con sus familiares, en donde reiter\u00f3 su compromiso de trabajo coordinado para alcanzar los acuerdos que la Federaci\u00f3n estableci\u00f3 con las familias.<\/p>\n\n\n\n<p>En ambas reuniones, se dio un informe por parte del Gobierno Federal sobre los avances en los trabajos de rescate de los restos de los mineros, tanto de los 63 de Pasta de Conchos como de los 10 del Pinabete.<\/p>\n\n\n\n<figure class=\"wp-block-image size-large\"><img loading=\"lazy\" decoding=\"async\" width=\"1024\" height=\"682\" src=\"https:\/\/elperiodicodesaltillo.com\/wp\/wp-content\/uploads\/2024\/01\/manolopresi-1024x682.jpg\" alt=\"\" class=\"wp-image-30081\" srcset=\"https:\/\/elperiodicodesaltillo.com\/wp\/wp-content\/uploads\/2024\/01\/manolopresi-1024x682.jpg 1024w, https:\/\/elperiodicodesaltillo.com\/wp\/wp-content\/uploads\/2024\/01\/manolopresi-300x200.jpg 300w, https:\/\/elperiodicodesaltillo.com\/wp\/wp-content\/uploads\/2024\/01\/manolopresi-768x512.jpg 768w, https:\/\/elperiodicodesaltillo.com\/wp\/wp-content\/uploads\/2024\/01\/manolopresi-696x464.jpg 696w, https:\/\/elperiodicodesaltillo.com\/wp\/wp-content\/uploads\/2024\/01\/manolopresi-1068x711.jpg 1068w, https:\/\/elperiodicodesaltillo.com\/wp\/wp-content\/uploads\/2024\/01\/manolopresi-631x420.jpg 631w, https:\/\/elperiodicodesaltillo.com\/wp\/wp-content\/uploads\/2024\/01\/manolopresi.jpg 1081w\" sizes=\"auto, (max-width: 1024px) 100vw, 1024px\" \/><\/figure>\n\n\n\n<p>\u00abEn el Gobierno del Estado de Coahuila reiteramos nuestra disposici\u00f3n y total colaboraci\u00f3n con el Presidente de M\u00e9xico para apoyar en estas acciones humanitarias\u00bb, se\u00f1al\u00f3 Jim\u00e9nez Salinas.<\/p>\n\n\n\n<p>A los familiares se les explic\u00f3 que las labores de rescate avanzan conforme a lo proyectado, y que se espera finalicen antes de termine la presente administraci\u00f3n federal.<\/p>\n\n\n\n<p>Adem\u00e1s, L\u00f3pez Obrador se comprometi\u00f3 a reunirse con las familias en Palacio Nacional en el mes de abril, y regresar a la regi\u00f3n carbon\u00edfera de Coahuila en el mes de junio.<\/p>\n\n\n\n<p>Manolo Jim\u00e9nez le reiter\u00f3 a Andr\u00e9s Manuel L\u00f3pez Obrador su total disposici\u00f3n de colaborar con las instancias federales en todo lo que sea de su competencia, para poder cumplirle a las familias afectadas.<\/p>\n\n\n\n<p>En estas reuniones estuvieron presentes, adem\u00e1s, Luisa Mar\u00eda Alcalde, secretaria de Gobernaci\u00f3n; Manuel Bartlett, director general de la CFE; el secretario del Trabajo y Previsi\u00f3n Social, Marath Bola\u00f1os; Rom\u00e1n Meyer, secretario de Desarrollo Agrario, Territorial y Urbano; Laura Vel\u00e1zquez, coordinadora Nacional de Protecci\u00f3n Civil; Nazira Zogbi Castro, secretaria del Trabajo en Coahuila y&nbsp;&nbsp;Gerardo M\u00e1rquez Guevara, Fiscal General del Estado.<\/p>\n","protected":false},"excerpt":{"rendered":"<p>\u00b7&nbsp;&nbsp;&nbsp;&nbsp;&nbsp;&nbsp;Acompa\u00f1a Gobernador de Coahuila al Presidente de M\u00e9xico en las reuniones celebradas en las minas Pasta de Conchos y El Pinabete Sabinas, Coahuila de Zaragoza; a 19 de enero de 2024.- El gobernador de Coahuila, Manolo Jim\u00e9nez Salinas, acompa\u00f1\u00f3 al presidente Andr\u00e9s Manuel L\u00f3pez Obrador a la supervisi\u00f3n de los trabajos en las minas Pasta [&hellip;]<\/p>\n","protected":false},"author":1,"featured_media":30081,"comment_status":"closed","ping_status":"closed","sticky":false,"template":"","format":"standard","meta":{"footnotes":""},"categories":[21],"tags":[],"class_list":["post-30080","post","type-post","status-publish","format-standard","has-post-thumbnail","hentry","category-coahuila"],"_links":{"self":[{"href":"https:\/\/elperiodicodesaltillo.com\/wp\/wp-json\/wp\/v2\/posts\/30080","targetHints":{"allow":["GET"]}}],"collection":[{"href":"https:\/\/elperiodicodesaltillo.com\/wp\/wp-json\/wp\/v2\/posts"}],"about":[{"href":"https:\/\/elperiodicodesaltillo.com\/wp\/wp-json\/wp\/v2\/types\/post"}],"author":[{"embeddable":true,"href":"https:\/\/elperiodicodesaltillo.com\/wp\/wp-json\/wp\/v2\/users\/1"}],"replies":[{"embeddable":true,"href":"https:\/\/elperiodicodesaltillo.com\/wp\/wp-json\/wp\/v2\/comments?post=30080"}],"version-history":[{"count":1,"href":"https:\/\/elperiodicodesaltillo.com\/wp\/wp-json\/wp\/v2\/posts\/30080\/revisions"}],"predecessor-version":[{"id":30082,"href":"https:\/\/elperiodicodesaltillo.com\/wp\/wp-json\/wp\/v2\/posts\/30080\/revisions\/30082"}],"wp:featuredmedia":[{"embeddable":true,"href":"https:\/\/elperiodicodesaltillo.com\/wp\/wp-json\/wp\/v2\/media\/30081"}],"wp:attachment":[{"href":"https:\/\/elperiodicodesaltillo.com\/wp\/wp-json\/wp\/v2\/media?parent=30080"}],"wp:term":[{"taxonomy":"category","embeddable":true,"href":"https:\/\/elperiodicodesaltillo.com\/wp\/wp-json\/wp\/v2\/categories?post=30080"},{"taxonomy":"post_tag","embeddable":true,"href":"https:\/\/elperiodicodesaltillo.com\/wp\/wp-json\/wp\/v2\/tags?post=30080"}],"curies":[{"name":"wp","href":"https:\/\/api.w.org\/{rel}","templated":true}]}}