{"id":30121,"date":"2024-01-28T02:18:00","date_gmt":"2024-01-28T02:18:00","guid":{"rendered":"https:\/\/elperiodicodesaltillo.com\/wp\/?p=30121"},"modified":"2024-01-31T02:19:22","modified_gmt":"2024-01-31T02:19:22","slug":"gracias-a-la-seguridad-coahuila-avanza-a-pasos-de-gigante-en-turismo-carretero","status":"publish","type":"post","link":"https:\/\/elperiodicodesaltillo.com\/wp\/2024\/01\/28\/gracias-a-la-seguridad-coahuila-avanza-a-pasos-de-gigante-en-turismo-carretero\/","title":{"rendered":"<strong>GRACIAS A LA SEGURIDAD, COAHUILA AVANZA A PASOS DE GIGANTE EN TURISMO CARRETERO<\/strong>"},"content":{"rendered":"\n<p>\u00b7&nbsp;&nbsp;&nbsp;&nbsp;&nbsp;&nbsp;<strong><em>Asisten miles de bikers de todo el pa\u00eds a la XIX Bendici\u00f3n de Cascos en Parras<\/em><\/strong><\/p>\n\n\n\n<p>Parras de la Fuente, Coahuila de Zaragoza; a 28 de enero de 2024.- Resultado de la seguridad que se vive en Coahuila, el turismo carretero se consolida en la entidad, y mantiene su atracci\u00f3n para la realizaci\u00f3n de eventos como la Bendici\u00f3n de Cascos Parras 2024 en su XIX edici\u00f3n, con la asistencia de m\u00e1s de cinco mil motociclistas de todo el pa\u00eds y el sur de Estados Unidos.<\/p>\n\n\n\n<p>Las actividades iniciaron el pasado&nbsp;&nbsp;26 de enero y concluyeron este domingo; generaron una derrama econ\u00f3mica de 10 millones de pesos.<\/p>\n\n\n\n<figure class=\"wp-block-image size-large\"><img loading=\"lazy\" decoding=\"async\" width=\"1024\" height=\"682\" src=\"https:\/\/elperiodicodesaltillo.com\/wp\/wp-content\/uploads\/2024\/01\/turismo-1024x682.jpg\" alt=\"\" class=\"wp-image-30122\" srcset=\"https:\/\/elperiodicodesaltillo.com\/wp\/wp-content\/uploads\/2024\/01\/turismo-1024x682.jpg 1024w, https:\/\/elperiodicodesaltillo.com\/wp\/wp-content\/uploads\/2024\/01\/turismo-300x200.jpg 300w, https:\/\/elperiodicodesaltillo.com\/wp\/wp-content\/uploads\/2024\/01\/turismo-768x512.jpg 768w, https:\/\/elperiodicodesaltillo.com\/wp\/wp-content\/uploads\/2024\/01\/turismo-1536x1023.jpg 1536w, https:\/\/elperiodicodesaltillo.com\/wp\/wp-content\/uploads\/2024\/01\/turismo-696x464.jpg 696w, https:\/\/elperiodicodesaltillo.com\/wp\/wp-content\/uploads\/2024\/01\/turismo-1068x712.jpg 1068w, https:\/\/elperiodicodesaltillo.com\/wp\/wp-content\/uploads\/2024\/01\/turismo-630x420.jpg 630w, https:\/\/elperiodicodesaltillo.com\/wp\/wp-content\/uploads\/2024\/01\/turismo.jpg 1600w\" sizes=\"auto, (max-width: 1024px) 100vw, 1024px\" \/><\/figure>\n\n\n\n<p>Culminaron con la tradicional misa donde se bendijeron los cascos y las motocicletas de los participantes.&nbsp;<\/p>\n\n\n\n<p>Con la representaci\u00f3n del Gobernador Manolo Jim\u00e9nez Salinas, la Secretaria de Turismo y Desarrollo de Pueblos M\u00e1gicos, Cristina Amezcua Gonz\u00e1lez, encabez\u00f3&nbsp;&nbsp;la Bendici\u00f3n de Cascos, donde resalt\u00f3 el clima de paz y seguridad en Coahuila.<\/p>\n\n\n\n<p>\u201cEl compromiso del Gobernador Manolo Jim\u00e9nez en seguridad y desarrollo econ\u00f3mico, se reflejan en la llegada de inversiones privadas y m\u00e1s empleos, as\u00ed como en eventos tur\u00edsticos como la Bendici\u00f3n de Cascos que fortalecen la econom\u00eda de Parras y del estado\u201d, se\u00f1al\u00f3 Amezcua Gonz\u00e1lez.<\/p>\n\n\n\n<p>Hay inversiones del Gobierno del Estado, continu\u00f3, en infraestructura carretera como la rehabilitaci\u00f3n de la autopista Premier Agujita-Allende:<\/p>\n\n\n\n<p>\u201cCoahuila avanza en turismo carretero a pasos de gigante y seguiremos sorprendiendo al mundo con nuestros ocho Pueblos M\u00e1gicos, los atractivos tur\u00edsticos que tenemos, y las gratas experiencias que ofrecemos a turistas y visitantes\u201d, afirm\u00f3.<\/p>\n\n\n\n<p>Los motociclistas consideran una tradici\u00f3n rodar a Parras el \u00faltimo fin de semana del mes de enero para recibir la bendici\u00f3n de sus cascos y as\u00ed empezar con las rodadas del a\u00f1o.<\/p>\n\n\n\n<p>Esta ceremonia fue iniciada por Enrique Mart\u00ednez y Jos\u00e9 Chavira, motociclistas de La Laguna de Coahuila en el 2005, una congregaci\u00f3n biker tradicional y considerada como la segunda m\u00e1s grande de M\u00e9xico por la cantidad de personas que asisten.<\/p>\n\n\n\n<p>En el evento se rif\u00f3 una motocicleta, en la que Gobierno del Estado hizo un aporte, y se entregaron reconocimientos a V\u00edctor Estrada por su presencia ininterrumpida en la Bendici\u00f3n de Cascos y a Emilio Cervera, presidente del Moto Club Camellos por su Trayectoria Biker e impulso al motociclismo en M\u00e9xico.<\/p>\n\n\n\n<p>El mensaje de bienvenida estuvo a cargo del Alcalde de Parras, Fernando Orozco, qui\u00e9n resalt\u00f3 el clima de seguridad en Coahuila, que brinda el gobierno de Manolo Jim\u00e9nez y que permite la realizaci\u00f3n de este tipo de eventos masivos.&nbsp;<\/p>\n\n\n\n<p>Exhort\u00f3 a las y los motociclistas a que sigan haciendo de Parras el Pueblo M\u00e1gico m\u00e1s visitado del norte del pa\u00eds.<\/p>\n\n\n\n<p>Por su parte, Olga Lara, presidenta de la OCV Parras, reconoci\u00f3 el trabajo en equipo para hacer posible este evento y el cual representa el primero del a\u00f1o con esta importante derrama econ\u00f3mica. \u201cLos esperamos en el 2025, expres\u00f3.<\/p>\n\n\n\n<p>La bendici\u00f3n fue otorgada por el Padre Jos\u00e9 Julio Aretia.<\/p>\n","protected":false},"excerpt":{"rendered":"<p>\u00b7&nbsp;&nbsp;&nbsp;&nbsp;&nbsp;&nbsp;Asisten miles de bikers de todo el pa\u00eds a la XIX Bendici\u00f3n de Cascos en Parras Parras de la Fuente, Coahuila de Zaragoza; a 28 de enero de 2024.- Resultado de la seguridad que se vive en Coahuila, el turismo carretero se consolida en la entidad, y mantiene su atracci\u00f3n para la realizaci\u00f3n de eventos [&hellip;]<\/p>\n","protected":false},"author":1,"featured_media":30122,"comment_status":"closed","ping_status":"closed","sticky":false,"template":"","format":"standard","meta":{"footnotes":""},"categories":[21],"tags":[],"class_list":["post-30121","post","type-post","status-publish","format-standard","has-post-thumbnail","hentry","category-coahuila"],"_links":{"self":[{"href":"https:\/\/elperiodicodesaltillo.com\/wp\/wp-json\/wp\/v2\/posts\/30121","targetHints":{"allow":["GET"]}}],"collection":[{"href":"https:\/\/elperiodicodesaltillo.com\/wp\/wp-json\/wp\/v2\/posts"}],"about":[{"href":"https:\/\/elperiodicodesaltillo.com\/wp\/wp-json\/wp\/v2\/types\/post"}],"author":[{"embeddable":true,"href":"https:\/\/elperiodicodesaltillo.com\/wp\/wp-json\/wp\/v2\/users\/1"}],"replies":[{"embeddable":true,"href":"https:\/\/elperiodicodesaltillo.com\/wp\/wp-json\/wp\/v2\/comments?post=30121"}],"version-history":[{"count":1,"href":"https:\/\/elperiodicodesaltillo.com\/wp\/wp-json\/wp\/v2\/posts\/30121\/revisions"}],"predecessor-version":[{"id":30123,"href":"https:\/\/elperiodicodesaltillo.com\/wp\/wp-json\/wp\/v2\/posts\/30121\/revisions\/30123"}],"wp:featuredmedia":[{"embeddable":true,"href":"https:\/\/elperiodicodesaltillo.com\/wp\/wp-json\/wp\/v2\/media\/30122"}],"wp:attachment":[{"href":"https:\/\/elperiodicodesaltillo.com\/wp\/wp-json\/wp\/v2\/media?parent=30121"}],"wp:term":[{"taxonomy":"category","embeddable":true,"href":"https:\/\/elperiodicodesaltillo.com\/wp\/wp-json\/wp\/v2\/categories?post=30121"},{"taxonomy":"post_tag","embeddable":true,"href":"https:\/\/elperiodicodesaltillo.com\/wp\/wp-json\/wp\/v2\/tags?post=30121"}],"curies":[{"name":"wp","href":"https:\/\/api.w.org\/{rel}","templated":true}]}}