{"id":30265,"date":"2024-02-01T13:58:00","date_gmt":"2024-02-01T13:58:00","guid":{"rendered":"https:\/\/elperiodicodesaltillo.com\/wp\/?p=30265"},"modified":"2024-02-07T13:59:29","modified_gmt":"2024-02-07T13:59:29","slug":"llega-manolo-con-pavimento-y-agua-a-la-carbonifera","status":"publish","type":"post","link":"https:\/\/elperiodicodesaltillo.com\/wp\/2024\/02\/01\/llega-manolo-con-pavimento-y-agua-a-la-carbonifera\/","title":{"rendered":"<strong>LLEGA MANOLO CON PAVIMENTO Y AGUA A LA CARBON\u00cdFERA<\/strong>"},"content":{"rendered":"\n<p>\u00b7&nbsp;&nbsp;&nbsp;&nbsp;&nbsp;&nbsp;<strong><em>Anuncia obras por 50 millones de pesos para la regi\u00f3n<\/em><\/strong><\/p>\n\n\n\n<p>Regi\u00f3n Carbon\u00edfera, Coahuila; 01 de febrero de 2024.- Durante gira de trabajo por la regi\u00f3n Carbon\u00edfera, el gobernador Manolo Jim\u00e9nez Salinas arranc\u00f3 obras sociales por el orden de los 50 millones de pesos en los municipios de San Juan de Sabinas, M\u00fazquiz y Sabinas, en donde reiter\u00f3 su compromiso de desarrollar obras, programas y acciones para bien de las familias coahuilenses.&nbsp;<\/p>\n\n\n\n<p>A dos meses de gobierno, Jim\u00e9nez Salinas destac\u00f3 que en el programa \u201c100 D\u00edas Pa&#8217; delante\u201d se han iniciado importantes acciones de seguridad, infraestructura sostenible, educativas, de salud y desarrollo social, entre muchas otras, en todas las regiones del estado.&nbsp;<\/p>\n\n\n\n<figure class=\"wp-block-image size-large\"><img loading=\"lazy\" decoding=\"async\" width=\"1024\" height=\"682\" src=\"https:\/\/elperiodicodesaltillo.com\/wp\/wp-content\/uploads\/2024\/02\/carbonifera-1024x682.jpg\" alt=\"\" class=\"wp-image-30266\" srcset=\"https:\/\/elperiodicodesaltillo.com\/wp\/wp-content\/uploads\/2024\/02\/carbonifera-1024x682.jpg 1024w, https:\/\/elperiodicodesaltillo.com\/wp\/wp-content\/uploads\/2024\/02\/carbonifera-300x200.jpg 300w, https:\/\/elperiodicodesaltillo.com\/wp\/wp-content\/uploads\/2024\/02\/carbonifera-768x512.jpg 768w, https:\/\/elperiodicodesaltillo.com\/wp\/wp-content\/uploads\/2024\/02\/carbonifera-696x464.jpg 696w, https:\/\/elperiodicodesaltillo.com\/wp\/wp-content\/uploads\/2024\/02\/carbonifera-1068x711.jpg 1068w, https:\/\/elperiodicodesaltillo.com\/wp\/wp-content\/uploads\/2024\/02\/carbonifera-631x420.jpg 631w, https:\/\/elperiodicodesaltillo.com\/wp\/wp-content\/uploads\/2024\/02\/carbonifera.jpg 1081w\" sizes=\"auto, (max-width: 1024px) 100vw, 1024px\" \/><\/figure>\n\n\n\n<p>Pidi\u00f3 a los habitantes de estos municipios, as\u00ed como a las alcaldesas y al alcalde, seguir trabajando unidos para potencializar las acciones y mejorar la calidad de vida de la gente.<\/p>\n\n\n\n<p>\u201cHay un punto de encuentro entre todas y todos, y ese punto de encuentro es que le vaya bien a nuestras comunidades y a Coahuila\u201d, mencion\u00f3.<\/p>\n\n\n\n<p>Manolo Jim\u00e9nez reiter\u00f3 que la mejor manera de honrar la confianza que las y los coahuilenses tuvieron en \u00e9l es cumpliendo, y record\u00f3 que ya se puso en marcha el programa alimentario, y que pr\u00f3ximamente iniciar\u00e1 un gran proyecto de salud en todo Coahuila, as\u00ed como acciones de abastecimiento de agua para esta regi\u00f3n.<\/p>\n\n\n\n<p>Anunci\u00f3, adem\u00e1s, que con la estrategia Coahuila Global aprovechar\u00e1n el nearshoring para atraer empresas a la regi\u00f3n Carbon\u00edfera y generar m\u00e1s y mejores empleos, y diversificar as\u00ed la econom\u00eda regional.<\/p>\n\n\n\n<p>Adem\u00e1s, coment\u00f3 que se apuntalar\u00e1 la seguridad en todas las regiones con la compra de m\u00e1s patrullas y la construcci\u00f3n y rehabilitaci\u00f3n de cuarteles.&nbsp;<\/p>\n\n\n\n<p>En San Juan de Sabinas, el Mandatario estatal arranc\u00f3 la construcci\u00f3n de la techumbre estructural en la Secundaria T\u00e9cnica No. 27 \u201cRa\u00fal Castellano Jim\u00e9nez\u201d, en la que se invierten 3.2 millones de pesos, y anunci\u00f3 m\u00e1s obras para este municipio con una inversi\u00f3n total de 10 millones de pesos.&nbsp;<\/p>\n\n\n\n<p>El alcalde Mario Alberto L\u00f3pez G\u00e1mez resalt\u00f3 que vienen muchas m\u00e1s obras para San Juan de Sabinas gracias a la buena comunicaci\u00f3n y mancuerna con el gobernador Manolo Jim\u00e9nez Salinas.<\/p>\n\n\n\n<p>\u201cGobernador, estamos a la orden para trabajar con el gobierno estatal y lograr un impacto positivo en la vida de toda nuestra comunidad\u201d, mencion\u00f3.<\/p>\n\n\n\n<p>En M\u00fazquiz&nbsp;&nbsp;se pusieron en marcha obras de pavimentaci\u00f3n y recarpeteo de varias calles, en donde se invertir\u00e1n 2.5 millones de pesos de un total de 10 millones de pesos que se destinar\u00e1n para diversas obras y acciones del programa \u201cObras Sociales a Pasos de Gigante\u201d.<\/p>\n\n\n\n<p>V\u00edctor Manuel Hern\u00e1ndez Obreg\u00f3n, secretario del Ayuntamiento reconoci\u00f3 y agradeci\u00f3 todos los beneficios que este d\u00eda el gobernador anunci\u00f3 para M\u00fazquiz, los cuales, dijo, sin duda abonar\u00e1n a la rehabilitaci\u00f3n de la infraestructura del municipio.<\/p>\n\n\n\n<p>\u201cAqu\u00ed siempre encontrar\u00e1 la mejor disposici\u00f3n y los recursos necesarios para beneficio de todos los que aqu\u00ed habitamos\u201d, expres\u00f3.<\/p>\n\n\n\n<p>De la misma manera, en Cloete, municipio de Sabinas, Manolo Jim\u00e9nez dio el banderazo de arranque de la pavimentaci\u00f3n y recarpeteo de 26 cuadras, trabajos en los que se aplicar\u00e1n 9.6 millones de pesos, al tiempo de anunciar una inversi\u00f3n de alrededor de 20 millones de pesos en obras de agua, al comentar que se construir\u00e1n tanques de agua en Cloete y Agujita para atender esta necesidad de los habitantes de estas comunidades.<\/p>\n\n\n\n<p>\u201cVamos a hacer, en este sexenio, el programa de agua potable m\u00e1s grande en la historia de Sabinas, \u00a1es un compromiso y lo vamos a cumplir!\u201d, enfatiz\u00f3.<\/p>\n\n\n\n<p>La alcaldesa Diana Haro Mart\u00ednez agradeci\u00f3 al gobernador Manolo Jim\u00e9nez por la gran inversi\u00f3n que realiza el Gobierno Estatal en este municipio, con las que Sabinas, dijo, da un paso adelante para recuperar su esplendor.<\/p>\n\n\n\n<p>Le reiter\u00f3 todo su compromiso y respaldo de labor coordinada, y asegur\u00f3 que seguir\u00e1 trabajando incansablemente por el bien de Sabinas y de Coahuila.<\/p>\n\n\n\n<p>Beneficiarios de estos tres municipios coincidieron en que las obras que este d\u00eda puso en marcha y las que anunci\u00f3 Manolo Jim\u00e9nez, son acciones prioritarias que responden a los compromisos de campa\u00f1a que realiz\u00f3 el ahora Gobernador, con las que podr\u00e1n mejorar la calidad de vida de sus familias.<\/p>\n\n\n\n<p>En esta gira de trabajo acompa\u00f1aron a Manolo Jim\u00e9nez, diputados locales, funcionarios estatales y municipales, l\u00edderes sociales, empresarios y&nbsp;&nbsp;habitantes de estas comunidades.<\/p>\n","protected":false},"excerpt":{"rendered":"<p>\u00b7&nbsp;&nbsp;&nbsp;&nbsp;&nbsp;&nbsp;Anuncia obras por 50 millones de pesos para la regi\u00f3n Regi\u00f3n Carbon\u00edfera, Coahuila; 01 de febrero de 2024.- Durante gira de trabajo por la regi\u00f3n Carbon\u00edfera, el gobernador Manolo Jim\u00e9nez Salinas arranc\u00f3 obras sociales por el orden de los 50 millones de pesos en los municipios de San Juan de Sabinas, M\u00fazquiz y Sabinas, en [&hellip;]<\/p>\n","protected":false},"author":1,"featured_media":30266,"comment_status":"closed","ping_status":"closed","sticky":false,"template":"","format":"standard","meta":{"footnotes":""},"categories":[21],"tags":[],"class_list":["post-30265","post","type-post","status-publish","format-standard","has-post-thumbnail","hentry","category-coahuila"],"_links":{"self":[{"href":"https:\/\/elperiodicodesaltillo.com\/wp\/wp-json\/wp\/v2\/posts\/30265","targetHints":{"allow":["GET"]}}],"collection":[{"href":"https:\/\/elperiodicodesaltillo.com\/wp\/wp-json\/wp\/v2\/posts"}],"about":[{"href":"https:\/\/elperiodicodesaltillo.com\/wp\/wp-json\/wp\/v2\/types\/post"}],"author":[{"embeddable":true,"href":"https:\/\/elperiodicodesaltillo.com\/wp\/wp-json\/wp\/v2\/users\/1"}],"replies":[{"embeddable":true,"href":"https:\/\/elperiodicodesaltillo.com\/wp\/wp-json\/wp\/v2\/comments?post=30265"}],"version-history":[{"count":1,"href":"https:\/\/elperiodicodesaltillo.com\/wp\/wp-json\/wp\/v2\/posts\/30265\/revisions"}],"predecessor-version":[{"id":30267,"href":"https:\/\/elperiodicodesaltillo.com\/wp\/wp-json\/wp\/v2\/posts\/30265\/revisions\/30267"}],"wp:featuredmedia":[{"embeddable":true,"href":"https:\/\/elperiodicodesaltillo.com\/wp\/wp-json\/wp\/v2\/media\/30266"}],"wp:attachment":[{"href":"https:\/\/elperiodicodesaltillo.com\/wp\/wp-json\/wp\/v2\/media?parent=30265"}],"wp:term":[{"taxonomy":"category","embeddable":true,"href":"https:\/\/elperiodicodesaltillo.com\/wp\/wp-json\/wp\/v2\/categories?post=30265"},{"taxonomy":"post_tag","embeddable":true,"href":"https:\/\/elperiodicodesaltillo.com\/wp\/wp-json\/wp\/v2\/tags?post=30265"}],"curies":[{"name":"wp","href":"https:\/\/api.w.org\/{rel}","templated":true}]}}