{"id":30375,"date":"2024-02-14T17:35:00","date_gmt":"2024-02-14T17:35:00","guid":{"rendered":"https:\/\/elperiodicodesaltillo.com\/wp\/?p=30375"},"modified":"2024-02-15T17:36:06","modified_gmt":"2024-02-15T17:36:06","slug":"recibe-equipo-de-basquetbol-femenil-las-lobas-de-la-uadec-el-premio-al-merito-deportivo-municipal","status":"publish","type":"post","link":"https:\/\/elperiodicodesaltillo.com\/wp\/2024\/02\/14\/recibe-equipo-de-basquetbol-femenil-las-lobas-de-la-uadec-el-premio-al-merito-deportivo-municipal\/","title":{"rendered":"<strong>Recibe Equipo de Basquetbol Femenil \u201cLas Lobas\u201d de la UAdeC el Premio al M\u00e9rito Deportivo Municipal<\/strong>"},"content":{"rendered":"\n<p>SALTILLO, Coahuila. 14 de febrero de 2024. El equipo de b\u00e1squetbol femenil Las Lobas de la Universidad Aut\u00f3noma de Coahuila fue galardonado con el Premio Municipal al M\u00e9rito Deportivo, en la categor\u00eda de \u201cEquipo\u201d, de manos del alcalde de Saltillo, Jos\u00e9 Mar\u00eda Fraustro Siller.<\/p>\n\n\n\n<p>El Premio al M\u00e9rito Deportivo tiene como objetivo reconocer a quienes por su participaci\u00f3n han destacado en eventos deportivos a nivel local, nacional e internacional, por ello las Lobas de la UAdeC se hicieron acreedoras al premio en reconocimiento a su ascenso a la primera divisi\u00f3n de la Asociaci\u00f3n de Baloncesto Estudiantil (ABE).<\/p>\n\n\n\n<figure class=\"wp-block-image size-large\"><img loading=\"lazy\" decoding=\"async\" width=\"1024\" height=\"682\" src=\"https:\/\/elperiodicodesaltillo.com\/wp\/wp-content\/uploads\/2024\/02\/Lobas-de-la-UAdeC-Reciben-el-Premio-al-Merito-Deportivo-_3-1024x682.jpg\" alt=\"\" class=\"wp-image-30376\" srcset=\"https:\/\/elperiodicodesaltillo.com\/wp\/wp-content\/uploads\/2024\/02\/Lobas-de-la-UAdeC-Reciben-el-Premio-al-Merito-Deportivo-_3-1024x682.jpg 1024w, https:\/\/elperiodicodesaltillo.com\/wp\/wp-content\/uploads\/2024\/02\/Lobas-de-la-UAdeC-Reciben-el-Premio-al-Merito-Deportivo-_3-300x200.jpg 300w, https:\/\/elperiodicodesaltillo.com\/wp\/wp-content\/uploads\/2024\/02\/Lobas-de-la-UAdeC-Reciben-el-Premio-al-Merito-Deportivo-_3-768x512.jpg 768w, https:\/\/elperiodicodesaltillo.com\/wp\/wp-content\/uploads\/2024\/02\/Lobas-de-la-UAdeC-Reciben-el-Premio-al-Merito-Deportivo-_3-696x464.jpg 696w, https:\/\/elperiodicodesaltillo.com\/wp\/wp-content\/uploads\/2024\/02\/Lobas-de-la-UAdeC-Reciben-el-Premio-al-Merito-Deportivo-_3-1068x712.jpg 1068w, https:\/\/elperiodicodesaltillo.com\/wp\/wp-content\/uploads\/2024\/02\/Lobas-de-la-UAdeC-Reciben-el-Premio-al-Merito-Deportivo-_3-630x420.jpg 630w, https:\/\/elperiodicodesaltillo.com\/wp\/wp-content\/uploads\/2024\/02\/Lobas-de-la-UAdeC-Reciben-el-Premio-al-Merito-Deportivo-_3.jpg 1280w\" sizes=\"auto, (max-width: 1024px) 100vw, 1024px\" \/><\/figure>\n\n\n\n<p>Este logro fue el resultado de su destacada participaci\u00f3n en la Liga ABE 2023, donde se coronaron subcampeonas tras vencer al Tecnol\u00f3gico de Monterrey sede Aguascalientes en la semifinal del Campeonato Nacional Femenil.<\/p>\n\n\n\n<p>El entrenador del equipo, Juan Garc\u00eda Mart\u00ednez, destac\u00f3 que para el equipo este premio y su avance en la liga representan grandes logros, porque es la primera vez que la Aut\u00f3noma de Coahuila alcanza la primera divisi\u00f3n en este deporte.<\/p>\n\n\n\n<p>Se\u00f1al\u00f3 que ahora, el objetivo es mantenerse en la primera divisi\u00f3n y consolidar su posici\u00f3n como un equipo destacado a nivel nacional, atrayendo talento y atenci\u00f3n hacia la Universidad Aut\u00f3noma de Coahuila.<\/p>\n\n\n\n<p>Agradeci\u00f3 el apoyo del rector Octavio Pimentel Mart\u00ednez, as\u00ed como a las autoridades municipales por el reconocimiento y alent\u00f3 a la comunidad universitaria a apoyar al equipo por la dedicaci\u00f3n y el esfuerzo de las jugadoras en cada partido.<\/p>\n\n\n\n<p>Para compartir este logro invit\u00f3 a la comunidad universitaria y p\u00fablico en general a acudir el pr\u00f3ximo 21 de febrero a las 20:00 horas al Gimnasio de la Unidad Deportiva Universitaria, en donde Las Lobas enfrentar\u00e1n a Las Borregas del Tecnol\u00f3gico de Monterrey Campus Quer\u00e9taro; el juego ser\u00e1 transmitido por la p\u00e1gina oficial de Facebook de la Universidad Aut\u00f3noma de Coahuila.<\/p>\n","protected":false},"excerpt":{"rendered":"<p>SALTILLO, Coahuila. 14 de febrero de 2024. El equipo de b\u00e1squetbol femenil Las Lobas de la Universidad Aut\u00f3noma de Coahuila fue galardonado con el Premio Municipal al M\u00e9rito Deportivo, en la categor\u00eda de \u201cEquipo\u201d, de manos del alcalde de Saltillo, Jos\u00e9 Mar\u00eda Fraustro Siller. El Premio al M\u00e9rito Deportivo tiene como objetivo reconocer a quienes [&hellip;]<\/p>\n","protected":false},"author":1,"featured_media":30376,"comment_status":"closed","ping_status":"closed","sticky":false,"template":"","format":"standard","meta":{"footnotes":""},"categories":[23],"tags":[],"class_list":["post-30375","post","type-post","status-publish","format-standard","has-post-thumbnail","hentry","category-universidad"],"_links":{"self":[{"href":"https:\/\/elperiodicodesaltillo.com\/wp\/wp-json\/wp\/v2\/posts\/30375","targetHints":{"allow":["GET"]}}],"collection":[{"href":"https:\/\/elperiodicodesaltillo.com\/wp\/wp-json\/wp\/v2\/posts"}],"about":[{"href":"https:\/\/elperiodicodesaltillo.com\/wp\/wp-json\/wp\/v2\/types\/post"}],"author":[{"embeddable":true,"href":"https:\/\/elperiodicodesaltillo.com\/wp\/wp-json\/wp\/v2\/users\/1"}],"replies":[{"embeddable":true,"href":"https:\/\/elperiodicodesaltillo.com\/wp\/wp-json\/wp\/v2\/comments?post=30375"}],"version-history":[{"count":1,"href":"https:\/\/elperiodicodesaltillo.com\/wp\/wp-json\/wp\/v2\/posts\/30375\/revisions"}],"predecessor-version":[{"id":30377,"href":"https:\/\/elperiodicodesaltillo.com\/wp\/wp-json\/wp\/v2\/posts\/30375\/revisions\/30377"}],"wp:featuredmedia":[{"embeddable":true,"href":"https:\/\/elperiodicodesaltillo.com\/wp\/wp-json\/wp\/v2\/media\/30376"}],"wp:attachment":[{"href":"https:\/\/elperiodicodesaltillo.com\/wp\/wp-json\/wp\/v2\/media?parent=30375"}],"wp:term":[{"taxonomy":"category","embeddable":true,"href":"https:\/\/elperiodicodesaltillo.com\/wp\/wp-json\/wp\/v2\/categories?post=30375"},{"taxonomy":"post_tag","embeddable":true,"href":"https:\/\/elperiodicodesaltillo.com\/wp\/wp-json\/wp\/v2\/tags?post=30375"}],"curies":[{"name":"wp","href":"https:\/\/api.w.org\/{rel}","templated":true}]}}