{"id":30568,"date":"2024-02-26T13:59:00","date_gmt":"2024-02-26T13:59:00","guid":{"rendered":"https:\/\/elperiodicodesaltillo.com\/wp\/?p=30568"},"modified":"2024-02-27T14:01:21","modified_gmt":"2024-02-27T14:01:21","slug":"instalan-comision-de-blindaje-electoral-en-coahuila","status":"publish","type":"post","link":"https:\/\/elperiodicodesaltillo.com\/wp\/2024\/02\/26\/instalan-comision-de-blindaje-electoral-en-coahuila\/","title":{"rendered":"<strong>INSTALAN COMISI\u00d3N DE BLINDAJE ELECTORAL EN COAHUILA<\/strong>"},"content":{"rendered":"\n<p>Saltillo, Coahuila de Zaragoza; a 26 de febrero de 2024.- El gobernador Manolo Jim\u00e9nez Salinas encabez\u00f3 la sesi\u00f3n en la que se instal\u00f3 la Comisi\u00f3n de Blindaje Electoral en el Estado, misma que tiene como objetivo vigilar la correcta aplicaci\u00f3n y manejo de los programas sociales durante el proceso electoral 2024.<\/p>\n\n\n\n<p>Para ello, se realizar\u00e1n giras por las distintas regiones del estado para realizar pl\u00e1ticas dirigidas a los servidores p\u00fablicos estatales y municipales en materia electoral, obligaciones de los servidores p\u00fablicos, entre otras, a cargo del Instituto Electoral de Coahuila, la Fiscal\u00eda Especializada y la Secretar\u00eda de Fiscalizaci\u00f3n y Rendici\u00f3n de Cuentas.<\/p>\n\n\n\n<figure class=\"wp-block-gallery has-nested-images columns-default is-cropped wp-block-gallery-1 is-layout-flex wp-block-gallery-is-layout-flex\">\n<figure class=\"wp-block-image size-large\"><img loading=\"lazy\" decoding=\"async\" width=\"1024\" height=\"682\" data-id=\"30569\" src=\"https:\/\/elperiodicodesaltillo.com\/wp\/wp-content\/uploads\/2024\/02\/blindaje-1024x682.jpg\" alt=\"\" class=\"wp-image-30569\" srcset=\"https:\/\/elperiodicodesaltillo.com\/wp\/wp-content\/uploads\/2024\/02\/blindaje-1024x682.jpg 1024w, https:\/\/elperiodicodesaltillo.com\/wp\/wp-content\/uploads\/2024\/02\/blindaje-300x200.jpg 300w, https:\/\/elperiodicodesaltillo.com\/wp\/wp-content\/uploads\/2024\/02\/blindaje-768x512.jpg 768w, https:\/\/elperiodicodesaltillo.com\/wp\/wp-content\/uploads\/2024\/02\/blindaje-696x464.jpg 696w, https:\/\/elperiodicodesaltillo.com\/wp\/wp-content\/uploads\/2024\/02\/blindaje-1068x711.jpg 1068w, https:\/\/elperiodicodesaltillo.com\/wp\/wp-content\/uploads\/2024\/02\/blindaje-631x420.jpg 631w, https:\/\/elperiodicodesaltillo.com\/wp\/wp-content\/uploads\/2024\/02\/blindaje.jpg 1081w\" sizes=\"auto, (max-width: 1024px) 100vw, 1024px\" \/><\/figure>\n\n\n\n<figure class=\"wp-block-image size-large\"><img loading=\"lazy\" decoding=\"async\" width=\"1024\" height=\"682\" data-id=\"30570\" src=\"https:\/\/elperiodicodesaltillo.com\/wp\/wp-content\/uploads\/2024\/02\/blindaje1-1024x682.jpg\" alt=\"\" class=\"wp-image-30570\" srcset=\"https:\/\/elperiodicodesaltillo.com\/wp\/wp-content\/uploads\/2024\/02\/blindaje1-1024x682.jpg 1024w, https:\/\/elperiodicodesaltillo.com\/wp\/wp-content\/uploads\/2024\/02\/blindaje1-300x200.jpg 300w, https:\/\/elperiodicodesaltillo.com\/wp\/wp-content\/uploads\/2024\/02\/blindaje1-768x512.jpg 768w, https:\/\/elperiodicodesaltillo.com\/wp\/wp-content\/uploads\/2024\/02\/blindaje1-696x464.jpg 696w, https:\/\/elperiodicodesaltillo.com\/wp\/wp-content\/uploads\/2024\/02\/blindaje1-1068x711.jpg 1068w, https:\/\/elperiodicodesaltillo.com\/wp\/wp-content\/uploads\/2024\/02\/blindaje1-631x420.jpg 631w, https:\/\/elperiodicodesaltillo.com\/wp\/wp-content\/uploads\/2024\/02\/blindaje1.jpg 1081w\" sizes=\"auto, (max-width: 1024px) 100vw, 1024px\" \/><\/figure>\n<\/figure>\n\n\n\n<p>\u201cEste evento tiene qu\u00e9 ver con la institucionalidad de Coahuila, de lo que somos y de lo que hemos sido desde hace muchos a\u00f1os\u201d, coment\u00f3 el Mandatario estatal, y destac\u00f3 que a ra\u00edz que nuestro estado siempre ha respetado las instituciones, hoy existe el Ej\u00e9rcito Mexicano.<\/p>\n\n\n\n<p>Destac\u00f3 que en esta Comisi\u00f3n de Blindaje Electoral est\u00e1n todos quienes tienen que ver con mantener y cuidar las instituciones en Coahuila.<\/p>\n\n\n\n<p>Manolo Jim\u00e9nez dijo que esa coordinaci\u00f3n, ese respeto y engranaje que hay entre todas y todos, es lo que les permite sentarse en una sola mesa, de manera muy civilizada, y hacer un compromiso conjunto que tiene que ver con el respeto a las elecciones en el estado.<\/p>\n\n\n\n<p>\u201cEstamos convencidos que, quienes ejercemos un cargo p\u00fablico, debemos dar el ejemplo; si queremos que m\u00e1s gente respete las elecciones, que haya una elecci\u00f3n en paz y tranquilidad, con civilidad pol\u00edtica\u201d, manifest\u00f3.<\/p>\n\n\n\n<p>El Gobernador del Estado se\u00f1al\u00f3 que hoy es un d\u00eda muy importante, con un mensaje profundo, de que en Coahuila, quienes ejercen alg\u00fan cargo en alguna de las instituciones, se pueden poner de acuerdo en un objetivo com\u00fan.<\/p>\n\n\n\n<p>Explic\u00f3 que esta coordinaci\u00f3n, este trabajo en equipo entre instituciones, en nuestro estado tambi\u00e9n se da en muchos otros temas importantes para la comunidad, como lo es en la seguridad, en donde no hay colores de partidos, hay instituciones municipales, estatales, federales, que est\u00e1n sumamente coordinadas para mantener la paz y la tranquilidad de las familias coahuilenses.<\/p>\n\n\n\n<p>\u201cCuidar la democracia es algo que nos debe de interesar y de ocupar a todas y a todos los que estamos presentes\u201d, subray\u00f3 Manolo Jim\u00e9nez.<\/p>\n\n\n\n<p>La diputada Luz Elena Morales N\u00fa\u00f1ez, presidenta de la Junta de Gobierno del Congreso local, manifest\u00f3 que desde la pluralidad de ideolog\u00edas del Congreso del Estado, les es grato formar parte de esta Comisi\u00f3n donde asumen el compromiso de promover la imparcialidad y transparencia del proceso electoral, especialmente ante las instituciones que manejan recursos p\u00fablicos, para promover la observancia de la ley electoral.<\/p>\n\n\n\n<p>\u201cLa defensa de nuestra democracia es tarea de todas y todos, y con trabajo coordinado podemos asegurar que las pr\u00f3ximas elecciones en nuestro estado se desarrollen en un ambiente de imparcialidad, equidad, armon\u00eda y transparencia\u201d, afirm\u00f3.&nbsp;<\/p>\n\n\n\n<p>\u00d3scar Pimentel Gonz\u00e1lez, secretario de Gobierno, mencion\u00f3 que el prop\u00f3sito de la Comisi\u00f3n de Blindaje Electoral es resguardar la integridad del proceso electoral y garantizar la imparcialidad durante las pr\u00f3ximas elecciones.<\/p>\n\n\n\n<p>Record\u00f3 que el proceso inicia el 1 de marzo, para quienes pretenden formar parte de la Legislatura federal; y el 1 de abril, para quienes competir\u00e1n por las alcald\u00edas.<\/p>\n\n\n\n<p>\u201cUn proceso electoral que garantice la equidad de los participantes y la certeza de respeto a la voluntad ciudadana en condiciones de paz y seguridad, es el compromiso que hoy asumimos\u201d, se\u00f1al\u00f3.&nbsp;<\/p>\n\n\n\n<p>Por su parte, Miguel Felipe Mery Ayup, magistrado presidente del Tribunal Superior de Justicia, destac\u00f3 la importancia de la instalaci\u00f3n de esta Comisi\u00f3n de Blindaje que conforman autoridades de distintos \u00f3rdenes de gobierno, donde cada uno asume la responsabilidad para garantizar un proceso electoral \u00edntegro y ejemplar, que fortalezca las instituciones democr\u00e1ticas de este estado.<\/p>\n\n\n\n<p>El magistrado presidente del Tribunal Electoral de Coahuila, Sergio D\u00edaz Rend\u00f3n, refrend\u00f3 su compromiso por consolidar la impartici\u00f3n de justicia electoral a trav\u00e9s de la protecci\u00f3n de los derechos pol\u00edtico electorales de los actores pol\u00edticos y de la ciudadan\u00eda en general, en especial, de las mujeres y de las personas integrantes de las grupos vulnerables.<\/p>\n\n\n\n<p>Integran tambi\u00e9n esta Comisi\u00f3n, Rodr\u00edgo Germ\u00e1n Paredes Lozano, Consejero Presidente del Instituto Electoral de Coahuila; Jos\u00e9 Luis V\u00e1zquez L\u00f3pez, vocal ejecutivo de la Junta Local del INE en Coahuila; Gerardo M\u00e1rquez Guevara, Fiscal General del Estado; Elma Marisol Mart\u00ednez Gonz\u00e1lez, secretaria de Fiscalizaci\u00f3n y Rendici\u00f3n de Cuentas.<\/p>\n\n\n\n<p>Alcaldes y alcaldesas de los 38 municipios del estado; funcionarios estatales y municipales; diputados locales.<\/p>\n","protected":false},"excerpt":{"rendered":"<p>Saltillo, Coahuila de Zaragoza; a 26 de febrero de 2024.- El gobernador Manolo Jim\u00e9nez Salinas encabez\u00f3 la sesi\u00f3n en la que se instal\u00f3 la Comisi\u00f3n de Blindaje Electoral en el Estado, misma que tiene como objetivo vigilar la correcta aplicaci\u00f3n y manejo de los programas sociales durante el proceso electoral 2024. Para ello, se realizar\u00e1n [&hellip;]<\/p>\n","protected":false},"author":1,"featured_media":30570,"comment_status":"closed","ping_status":"closed","sticky":false,"template":"","format":"standard","meta":{"footnotes":""},"categories":[21],"tags":[],"class_list":["post-30568","post","type-post","status-publish","format-standard","has-post-thumbnail","hentry","category-coahuila"],"_links":{"self":[{"href":"https:\/\/elperiodicodesaltillo.com\/wp\/wp-json\/wp\/v2\/posts\/30568","targetHints":{"allow":["GET"]}}],"collection":[{"href":"https:\/\/elperiodicodesaltillo.com\/wp\/wp-json\/wp\/v2\/posts"}],"about":[{"href":"https:\/\/elperiodicodesaltillo.com\/wp\/wp-json\/wp\/v2\/types\/post"}],"author":[{"embeddable":true,"href":"https:\/\/elperiodicodesaltillo.com\/wp\/wp-json\/wp\/v2\/users\/1"}],"replies":[{"embeddable":true,"href":"https:\/\/elperiodicodesaltillo.com\/wp\/wp-json\/wp\/v2\/comments?post=30568"}],"version-history":[{"count":1,"href":"https:\/\/elperiodicodesaltillo.com\/wp\/wp-json\/wp\/v2\/posts\/30568\/revisions"}],"predecessor-version":[{"id":30571,"href":"https:\/\/elperiodicodesaltillo.com\/wp\/wp-json\/wp\/v2\/posts\/30568\/revisions\/30571"}],"wp:featuredmedia":[{"embeddable":true,"href":"https:\/\/elperiodicodesaltillo.com\/wp\/wp-json\/wp\/v2\/media\/30570"}],"wp:attachment":[{"href":"https:\/\/elperiodicodesaltillo.com\/wp\/wp-json\/wp\/v2\/media?parent=30568"}],"wp:term":[{"taxonomy":"category","embeddable":true,"href":"https:\/\/elperiodicodesaltillo.com\/wp\/wp-json\/wp\/v2\/categories?post=30568"},{"taxonomy":"post_tag","embeddable":true,"href":"https:\/\/elperiodicodesaltillo.com\/wp\/wp-json\/wp\/v2\/tags?post=30568"}],"curies":[{"name":"wp","href":"https:\/\/api.w.org\/{rel}","templated":true}]}}