{"id":30762,"date":"2024-03-06T14:48:25","date_gmt":"2024-03-06T14:48:25","guid":{"rendered":"https:\/\/elperiodicodesaltillo.com\/wp\/?p=30762"},"modified":"2024-03-06T14:48:26","modified_gmt":"2024-03-06T14:48:26","slug":"se-registran-candidatos-para-la-direccion-de-asuntos-academicos-planeacion-y-la-tesoreria-general-en-la-uadec","status":"publish","type":"post","link":"https:\/\/elperiodicodesaltillo.com\/wp\/2024\/03\/06\/se-registran-candidatos-para-la-direccion-de-asuntos-academicos-planeacion-y-la-tesoreria-general-en-la-uadec\/","title":{"rendered":"<strong>Se Registran Candidatos para la Direcci\u00f3n de Asuntos Acad\u00e9micos, Planeaci\u00f3n y la Tesorer\u00eda General en la UAdeC<\/strong>"},"content":{"rendered":"\n<p>SALTILLO, Coahuila. 5 de marzo de 2024. &nbsp;En cumplimiento a los art\u00edculos 29 y 90 del Estatuto Universitario y la Ley Org\u00e1nica de la Universidad Aut\u00f3noma de Coahuila, los interesados en ocupar los cargos de Director de Asuntos Acad\u00e9micos, Director de Planeaci\u00f3n y Tesorero General para el per\u00edodo 2024-2027, presentaron este martes, su solicitud y plan de trabajo en el Despacho de la Rector\u00eda.<\/p>\n\n\n\n<p>En presencia del rector de la m\u00e1xima casa de estudios, como presidente ex oficio del Consejo Universitario, Octavio Pimentel Mart\u00ednez y el secretario general, V\u00edctor S\u00e1nchez Vald\u00e9s, los candidatos que atendieron la convocatoria de registro, emitida desde el pasado 4 de marzo y vigente al 8 del mismo, entregaron cuatro requisitos entre ellos el curr\u00edculum, el plan de trabajo, la declaratoria 3 de 3 contra la violencia de g\u00e9nero y la carta de intenci\u00f3n.<\/p>\n\n\n\n<figure class=\"wp-block-gallery has-nested-images columns-default is-cropped wp-block-gallery-1 is-layout-flex wp-block-gallery-is-layout-flex\">\n<figure class=\"wp-block-image size-large\"><img loading=\"lazy\" decoding=\"async\" width=\"1024\" height=\"683\" data-id=\"30764\" src=\"https:\/\/elperiodicodesaltillo.com\/wp\/wp-content\/uploads\/2024\/03\/Registro-Aspirantes-a-Direccion-de-Planeacion-Asuntos-Academicos-y-Tesoreria-_1-1024x683.jpg\" alt=\"\" class=\"wp-image-30764\" srcset=\"https:\/\/elperiodicodesaltillo.com\/wp\/wp-content\/uploads\/2024\/03\/Registro-Aspirantes-a-Direccion-de-Planeacion-Asuntos-Academicos-y-Tesoreria-_1-1024x683.jpg 1024w, https:\/\/elperiodicodesaltillo.com\/wp\/wp-content\/uploads\/2024\/03\/Registro-Aspirantes-a-Direccion-de-Planeacion-Asuntos-Academicos-y-Tesoreria-_1-300x200.jpg 300w, https:\/\/elperiodicodesaltillo.com\/wp\/wp-content\/uploads\/2024\/03\/Registro-Aspirantes-a-Direccion-de-Planeacion-Asuntos-Academicos-y-Tesoreria-_1-768x512.jpg 768w, https:\/\/elperiodicodesaltillo.com\/wp\/wp-content\/uploads\/2024\/03\/Registro-Aspirantes-a-Direccion-de-Planeacion-Asuntos-Academicos-y-Tesoreria-_1-1536x1024.jpg 1536w, https:\/\/elperiodicodesaltillo.com\/wp\/wp-content\/uploads\/2024\/03\/Registro-Aspirantes-a-Direccion-de-Planeacion-Asuntos-Academicos-y-Tesoreria-_1-2048x1365.jpg 2048w, https:\/\/elperiodicodesaltillo.com\/wp\/wp-content\/uploads\/2024\/03\/Registro-Aspirantes-a-Direccion-de-Planeacion-Asuntos-Academicos-y-Tesoreria-_1-696x464.jpg 696w, https:\/\/elperiodicodesaltillo.com\/wp\/wp-content\/uploads\/2024\/03\/Registro-Aspirantes-a-Direccion-de-Planeacion-Asuntos-Academicos-y-Tesoreria-_1-1068x712.jpg 1068w, https:\/\/elperiodicodesaltillo.com\/wp\/wp-content\/uploads\/2024\/03\/Registro-Aspirantes-a-Direccion-de-Planeacion-Asuntos-Academicos-y-Tesoreria-_1-630x420.jpg 630w\" sizes=\"auto, (max-width: 1024px) 100vw, 1024px\" \/><\/figure>\n\n\n\n<figure class=\"wp-block-image size-large\"><img loading=\"lazy\" decoding=\"async\" width=\"1024\" height=\"683\" data-id=\"30763\" src=\"https:\/\/elperiodicodesaltillo.com\/wp\/wp-content\/uploads\/2024\/03\/Registro-Aspirantes-a-Direccion-de-Planeacion-Asuntos-Academicos-y-Tesoreria-_10-1024x683.jpg\" alt=\"\" class=\"wp-image-30763\" srcset=\"https:\/\/elperiodicodesaltillo.com\/wp\/wp-content\/uploads\/2024\/03\/Registro-Aspirantes-a-Direccion-de-Planeacion-Asuntos-Academicos-y-Tesoreria-_10-1024x683.jpg 1024w, https:\/\/elperiodicodesaltillo.com\/wp\/wp-content\/uploads\/2024\/03\/Registro-Aspirantes-a-Direccion-de-Planeacion-Asuntos-Academicos-y-Tesoreria-_10-300x200.jpg 300w, https:\/\/elperiodicodesaltillo.com\/wp\/wp-content\/uploads\/2024\/03\/Registro-Aspirantes-a-Direccion-de-Planeacion-Asuntos-Academicos-y-Tesoreria-_10-768x512.jpg 768w, https:\/\/elperiodicodesaltillo.com\/wp\/wp-content\/uploads\/2024\/03\/Registro-Aspirantes-a-Direccion-de-Planeacion-Asuntos-Academicos-y-Tesoreria-_10-1536x1024.jpg 1536w, https:\/\/elperiodicodesaltillo.com\/wp\/wp-content\/uploads\/2024\/03\/Registro-Aspirantes-a-Direccion-de-Planeacion-Asuntos-Academicos-y-Tesoreria-_10-2048x1365.jpg 2048w, https:\/\/elperiodicodesaltillo.com\/wp\/wp-content\/uploads\/2024\/03\/Registro-Aspirantes-a-Direccion-de-Planeacion-Asuntos-Academicos-y-Tesoreria-_10-696x464.jpg 696w, https:\/\/elperiodicodesaltillo.com\/wp\/wp-content\/uploads\/2024\/03\/Registro-Aspirantes-a-Direccion-de-Planeacion-Asuntos-Academicos-y-Tesoreria-_10-1068x712.jpg 1068w, https:\/\/elperiodicodesaltillo.com\/wp\/wp-content\/uploads\/2024\/03\/Registro-Aspirantes-a-Direccion-de-Planeacion-Asuntos-Academicos-y-Tesoreria-_10-630x420.jpg 630w\" sizes=\"auto, (max-width: 1024px) 100vw, 1024px\" \/><\/figure>\n<\/figure>\n\n\n\n<p>Al candidato para la direcci\u00f3n de Planeaci\u00f3n, Jes\u00fas Alberto Montalvo, a la candidata para la direcci\u00f3n de Asuntos Acad\u00e9micos Martha Adriana Centeno Aranda y al candidato a Tesorero General, Evaristo Alf\u00e9rez Rodr\u00edguez, se les hizo entrega de la constancia de registro para que inicien su campa\u00f1a entre los integrantes del Honorable Consejo Universitario, y sean sometidas ante el pleno el pr\u00f3ximo 20 de marzo.<\/p>\n\n\n\n<p>La convocatoria establece que las y los postulantes deber\u00e1n registrarse y presentar la solicitud por escrito del 4 al 8 de marzo en las oficinas de la Rector\u00eda, ubicadas en Blvd. V. Carranza s\/n, esquina con Salvador Gonz\u00e1lez Lobo en la colonia Rep\u00fablica Oriente, C.P. 25280 (Saltillo, Coahuila), en horario de 9:00 a 15:00 horas.<\/p>\n\n\n\n<p>Asimismo, deber\u00e1n incluir de manera impresa y en formato electr\u00f3nico, su propuesta de plan de trabajo, su curr\u00edculum vitae, la carta intenci\u00f3n y la declaratoria firmada de 3 de 3 contra la violencia de g\u00e9nero, lo cual ser\u00e1\u0301 entregado para revisi\u00f3n a las y los consejeros universitarios; el o la aspirante deber\u00e1 comprometerse a asistir a la sesi\u00f3n del H. Consejo Universitario convocada con el prop\u00f3sito de elegir: director (a) de Planeaci\u00f3n, director (a) de Asuntos Acad\u00e9micos y Tesorero (a) de la Universidad Aut\u00f3noma de Coahuila.<\/p>\n\n\n\n<p>Esto con el fin de exponer al pleno, una breve rese\u00f1a de la propuesta del plan de trabajo y para el caso que deba interrog\u00e1rsele; ser\u00e1n electos las y los aspirantes que obtengan la mayor\u00eda de los votos de los consejeros presentes, ya que en el mismo acto se tomar\u00e1 la protesta correspondiente para el ejercicio 2024-2027, a quien resulte favorecido con la decisi\u00f3n del H. Consejo.<\/p>\n\n\n\n<p>Martha Adriana Centeno Aranda, es doctora en Derecho Penal, y se ha desempe\u00f1ado como directora de la Facultad de Derecho en la Unidad Torre\u00f3n (2020-2024); Jes\u00fas Alberto Montalvo Morales es Doctor en Administraci\u00f3n y Alta Direcci\u00f3n; fue director de planeaci\u00f3n de 2021 a 2024, y director de la Facultad de Ciencias de la Administraci\u00f3n Unidad Saltillo (2014-2018).<\/p>\n\n\n\n<p>Por su parte, Evaristo Alf\u00e9rez Rodr\u00edguez es doctor en Ciencias de la Educaci\u00f3n, de 2022- 2024 fue director de la Facultad de Sistemas US (2022-2024), y ha trabajado en la direcci\u00f3n de Asuntos Acad\u00e9micos y en la Coordinaci\u00f3n de Vinculaci\u00f3n e Innovaci\u00f3n Productiva.<\/p>\n\n\n\n<p>El rector Octavio Pimentel Mart\u00ednez, reafirm\u00f3 que la convocatoria permanecer\u00e1 abierta hasta el pr\u00f3ximo viernes 8 de marzo; exhort\u00f3 a la y los candidatos a que en apego a la legalidad y al Estatuto Universitario desarrollen su campa\u00f1a en orden y con respeto a la Universidad Aut\u00f3noma de Coahuila, para que promuevan entre las y los integrantes del Consejo Universitario su plan de trabajo.<\/p>\n","protected":false},"excerpt":{"rendered":"<p>SALTILLO, Coahuila. 5 de marzo de 2024. &nbsp;En cumplimiento a los art\u00edculos 29 y 90 del Estatuto Universitario y la Ley Org\u00e1nica de la Universidad Aut\u00f3noma de Coahuila, los interesados en ocupar los cargos de Director de Asuntos Acad\u00e9micos, Director de Planeaci\u00f3n y Tesorero General para el per\u00edodo 2024-2027, presentaron este martes, su solicitud y [&hellip;]<\/p>\n","protected":false},"author":1,"featured_media":30764,"comment_status":"closed","ping_status":"closed","sticky":false,"template":"","format":"standard","meta":{"footnotes":""},"categories":[23],"tags":[],"class_list":["post-30762","post","type-post","status-publish","format-standard","has-post-thumbnail","hentry","category-universidad"],"_links":{"self":[{"href":"https:\/\/elperiodicodesaltillo.com\/wp\/wp-json\/wp\/v2\/posts\/30762","targetHints":{"allow":["GET"]}}],"collection":[{"href":"https:\/\/elperiodicodesaltillo.com\/wp\/wp-json\/wp\/v2\/posts"}],"about":[{"href":"https:\/\/elperiodicodesaltillo.com\/wp\/wp-json\/wp\/v2\/types\/post"}],"author":[{"embeddable":true,"href":"https:\/\/elperiodicodesaltillo.com\/wp\/wp-json\/wp\/v2\/users\/1"}],"replies":[{"embeddable":true,"href":"https:\/\/elperiodicodesaltillo.com\/wp\/wp-json\/wp\/v2\/comments?post=30762"}],"version-history":[{"count":1,"href":"https:\/\/elperiodicodesaltillo.com\/wp\/wp-json\/wp\/v2\/posts\/30762\/revisions"}],"predecessor-version":[{"id":30765,"href":"https:\/\/elperiodicodesaltillo.com\/wp\/wp-json\/wp\/v2\/posts\/30762\/revisions\/30765"}],"wp:featuredmedia":[{"embeddable":true,"href":"https:\/\/elperiodicodesaltillo.com\/wp\/wp-json\/wp\/v2\/media\/30764"}],"wp:attachment":[{"href":"https:\/\/elperiodicodesaltillo.com\/wp\/wp-json\/wp\/v2\/media?parent=30762"}],"wp:term":[{"taxonomy":"category","embeddable":true,"href":"https:\/\/elperiodicodesaltillo.com\/wp\/wp-json\/wp\/v2\/categories?post=30762"},{"taxonomy":"post_tag","embeddable":true,"href":"https:\/\/elperiodicodesaltillo.com\/wp\/wp-json\/wp\/v2\/tags?post=30762"}],"curies":[{"name":"wp","href":"https:\/\/api.w.org\/{rel}","templated":true}]}}