{"id":30869,"date":"2024-03-14T19:51:47","date_gmt":"2024-03-14T19:51:47","guid":{"rendered":"https:\/\/elperiodicodesaltillo.com\/wp\/?p=30869"},"modified":"2024-03-14T19:51:47","modified_gmt":"2024-03-14T19:51:47","slug":"para-los-mas-de-mil-600-alumnos-y-74-docentes-refrenda-su-compromiso-la-directora-del-ateneo-fuente-nayely-mery-gonzalez","status":"publish","type":"post","link":"https:\/\/elperiodicodesaltillo.com\/wp\/2024\/03\/14\/para-los-mas-de-mil-600-alumnos-y-74-docentes-refrenda-su-compromiso-la-directora-del-ateneo-fuente-nayely-mery-gonzalez\/","title":{"rendered":"Para los m\u00e1s de mil 600 Alumnos y 74 Docentes Refrenda su Compromiso la directora del Ateneo Fuente Nayely Mery Gonz\u00e1lez"},"content":{"rendered":"\n<p>SALTILLO, Coahuila. 13 de marzo de 2024. Al tomar protesta como directora del Ateneo Fuente de la Universidad Aut\u00f3noma de Coahuila, Nayely Mery Gonz\u00e1lez, refrend\u00f3 su compromiso de trabar en beneficio de los m\u00e1s de mil 600 alumnos y 74 docentes, personal administrativo y manual que forman parte de la emblem\u00e1tica instituci\u00f3n.<\/p>\n\n\n\n<p>Lo anterior, en el Lobby del Ateneo, en donde el rector de la m\u00e1xima casa de estudios Octavio Pimentel Mart\u00ednez, realiz\u00f3 la ceremonia de protocolo con fundamento en el Art\u00edculo 80 del Estatuto Universitario para tomar la protesta a quien el pasado 21 de febrero obtuvo el triunfo en el proceso electoral con el respaldo de 859 votos, siendo electa como la segunda mujer en estar al frente del plantel para el periodo 2024-2027.<\/p>\n\n\n\n<figure class=\"wp-block-gallery has-nested-images columns-default is-cropped wp-block-gallery-1 is-layout-flex wp-block-gallery-is-layout-flex\">\n<figure class=\"wp-block-image size-large\"><img loading=\"lazy\" decoding=\"async\" width=\"1024\" height=\"683\" data-id=\"30871\" src=\"https:\/\/elperiodicodesaltillo.com\/wp\/wp-content\/uploads\/2024\/03\/Toma-Protesta-Nueva-Directora-Ateneo-Fuente-_5-1024x683.jpeg\" alt=\"\" class=\"wp-image-30871\" srcset=\"https:\/\/elperiodicodesaltillo.com\/wp\/wp-content\/uploads\/2024\/03\/Toma-Protesta-Nueva-Directora-Ateneo-Fuente-_5-1024x683.jpeg 1024w, https:\/\/elperiodicodesaltillo.com\/wp\/wp-content\/uploads\/2024\/03\/Toma-Protesta-Nueva-Directora-Ateneo-Fuente-_5-300x200.jpeg 300w, https:\/\/elperiodicodesaltillo.com\/wp\/wp-content\/uploads\/2024\/03\/Toma-Protesta-Nueva-Directora-Ateneo-Fuente-_5-768x512.jpeg 768w, https:\/\/elperiodicodesaltillo.com\/wp\/wp-content\/uploads\/2024\/03\/Toma-Protesta-Nueva-Directora-Ateneo-Fuente-_5-1536x1024.jpeg 1536w, https:\/\/elperiodicodesaltillo.com\/wp\/wp-content\/uploads\/2024\/03\/Toma-Protesta-Nueva-Directora-Ateneo-Fuente-_5-2048x1365.jpeg 2048w, https:\/\/elperiodicodesaltillo.com\/wp\/wp-content\/uploads\/2024\/03\/Toma-Protesta-Nueva-Directora-Ateneo-Fuente-_5-696x464.jpeg 696w, https:\/\/elperiodicodesaltillo.com\/wp\/wp-content\/uploads\/2024\/03\/Toma-Protesta-Nueva-Directora-Ateneo-Fuente-_5-1068x712.jpeg 1068w, https:\/\/elperiodicodesaltillo.com\/wp\/wp-content\/uploads\/2024\/03\/Toma-Protesta-Nueva-Directora-Ateneo-Fuente-_5-630x420.jpeg 630w\" sizes=\"auto, (max-width: 1024px) 100vw, 1024px\" \/><\/figure>\n\n\n\n<figure class=\"wp-block-image size-large\"><img loading=\"lazy\" decoding=\"async\" width=\"1024\" height=\"683\" data-id=\"30870\" src=\"https:\/\/elperiodicodesaltillo.com\/wp\/wp-content\/uploads\/2024\/03\/Toma-Protesta-Nueva-Directora-Ateneo-Fuente-_6-1024x683.jpeg\" alt=\"\" class=\"wp-image-30870\" srcset=\"https:\/\/elperiodicodesaltillo.com\/wp\/wp-content\/uploads\/2024\/03\/Toma-Protesta-Nueva-Directora-Ateneo-Fuente-_6-1024x683.jpeg 1024w, https:\/\/elperiodicodesaltillo.com\/wp\/wp-content\/uploads\/2024\/03\/Toma-Protesta-Nueva-Directora-Ateneo-Fuente-_6-300x200.jpeg 300w, https:\/\/elperiodicodesaltillo.com\/wp\/wp-content\/uploads\/2024\/03\/Toma-Protesta-Nueva-Directora-Ateneo-Fuente-_6-768x512.jpeg 768w, https:\/\/elperiodicodesaltillo.com\/wp\/wp-content\/uploads\/2024\/03\/Toma-Protesta-Nueva-Directora-Ateneo-Fuente-_6-1536x1024.jpeg 1536w, https:\/\/elperiodicodesaltillo.com\/wp\/wp-content\/uploads\/2024\/03\/Toma-Protesta-Nueva-Directora-Ateneo-Fuente-_6-2048x1365.jpeg 2048w, https:\/\/elperiodicodesaltillo.com\/wp\/wp-content\/uploads\/2024\/03\/Toma-Protesta-Nueva-Directora-Ateneo-Fuente-_6-696x464.jpeg 696w, https:\/\/elperiodicodesaltillo.com\/wp\/wp-content\/uploads\/2024\/03\/Toma-Protesta-Nueva-Directora-Ateneo-Fuente-_6-1068x712.jpeg 1068w, https:\/\/elperiodicodesaltillo.com\/wp\/wp-content\/uploads\/2024\/03\/Toma-Protesta-Nueva-Directora-Ateneo-Fuente-_6-630x420.jpeg 630w\" sizes=\"auto, (max-width: 1024px) 100vw, 1024px\" \/><\/figure>\n<\/figure>\n\n\n\n<p>Asisti\u00f3 la encargada del Despacho de la Coordinaci\u00f3n de Unidad Saltillo, Cyntia Galv\u00e1n Esparza, como invitados especiales la subsecretaria de Educaci\u00f3n Media Superior de la Secretar\u00eda de Educaci\u00f3n P\u00fablica en Coahuila, Azucena Ramos Ramos, el alcalde de Arteaga, Ramiro Dur\u00e1n, Garc\u00eda, ex directores del Ateneo, entre ellos la primera mujer directora del plantel Mar\u00eda Antonieta Valero Gil, y el Lic. Armando Fuentes Aguirre \u201cCat\u00f3n\u201d, entre otros.<\/p>\n\n\n\n<p>En su mensaje, el Rector afirm\u00f3 que es el tiempo de las mujeres, por ello se congratula de tomar la protesta a un Nayely Mery, luego de un proceso electoral que ya concluy\u00f3 por lo que exhort\u00f3 a las y los atene\u00edstas a unirse y trabajar en equipo, darle la vuelta a la p\u00e1gina y crecer de la mano todas y todos porque en la Universidad Aut\u00f3noma de Coahuila sabes hacer bien las cosas.<\/p>\n\n\n\n<p>Pimentel Mart\u00ednez, exhort\u00f3 a la comunidad atene\u00edsta a trabajar por un proyecto de unidad, en el que todos hagamos la labor de la mejor manera, en favor del plantel y de la m\u00e1xima casa de estudios, con di\u00e1logo, apertura, respeto, para un crecimiento com\u00fan, en equipo por los Lobos de la Aut\u00f3noma de Coahuila.<\/p>\n\n\n\n<p>Por su parte, la directora Nayeli Mery, agradeci\u00f3 el respaldo de la comunidad atene\u00edsta, para lograr ser la segunda mujer directora del Ateneo Fuente en sus 156 a\u00f1os de historia, por lo cual refrend\u00f3 su compromiso de trabajo para desarrollar proyectos y propuestas que beneficien a la comunidad universitaria, principalmente para las y los alumnos.<\/p>\n\n\n\n<p>\u201cEstoy convencida que el trabajo en equipo consigue grandes resultados, por lo que me comprometo a trabajar todos los d\u00edas de la mano con cada uno de los integramos esta gran instituci\u00f3n y de esta universidad, con el respaldo permanente del rector Octavio Pimentel y la administraci\u00f3n central\u201d, expres\u00f3 la directora del Ateneo Fuente.<\/p>\n\n\n\n<p>Acord\u00f3 en desarrollar proyectos y apoyos que sumen al crecimiento acad\u00e9mico, cultural art\u00edstico, deportivo y de infraestructura del glorioso Ateneo Fuente, espacio diverso donde todas y todos son bienvenidos, en donde se respeta la diversidad y equidad de g\u00e9nero, con el firme compromiso de seguir creciendo para generar precedentes y abrir el camino a las nuevas generaciones de mujeres atene\u00edstas y universitarias.<\/p>\n","protected":false},"excerpt":{"rendered":"<p>SALTILLO, Coahuila. 13 de marzo de 2024. Al tomar protesta como directora del Ateneo Fuente de la Universidad Aut\u00f3noma de Coahuila, Nayely Mery Gonz\u00e1lez, refrend\u00f3 su compromiso de trabar en beneficio de los m\u00e1s de mil 600 alumnos y 74 docentes, personal administrativo y manual que forman parte de la emblem\u00e1tica instituci\u00f3n. Lo anterior, en [&hellip;]<\/p>\n","protected":false},"author":1,"featured_media":30871,"comment_status":"closed","ping_status":"closed","sticky":false,"template":"","format":"standard","meta":{"footnotes":""},"categories":[23],"tags":[],"class_list":["post-30869","post","type-post","status-publish","format-standard","has-post-thumbnail","hentry","category-universidad"],"_links":{"self":[{"href":"https:\/\/elperiodicodesaltillo.com\/wp\/wp-json\/wp\/v2\/posts\/30869","targetHints":{"allow":["GET"]}}],"collection":[{"href":"https:\/\/elperiodicodesaltillo.com\/wp\/wp-json\/wp\/v2\/posts"}],"about":[{"href":"https:\/\/elperiodicodesaltillo.com\/wp\/wp-json\/wp\/v2\/types\/post"}],"author":[{"embeddable":true,"href":"https:\/\/elperiodicodesaltillo.com\/wp\/wp-json\/wp\/v2\/users\/1"}],"replies":[{"embeddable":true,"href":"https:\/\/elperiodicodesaltillo.com\/wp\/wp-json\/wp\/v2\/comments?post=30869"}],"version-history":[{"count":1,"href":"https:\/\/elperiodicodesaltillo.com\/wp\/wp-json\/wp\/v2\/posts\/30869\/revisions"}],"predecessor-version":[{"id":30872,"href":"https:\/\/elperiodicodesaltillo.com\/wp\/wp-json\/wp\/v2\/posts\/30869\/revisions\/30872"}],"wp:featuredmedia":[{"embeddable":true,"href":"https:\/\/elperiodicodesaltillo.com\/wp\/wp-json\/wp\/v2\/media\/30871"}],"wp:attachment":[{"href":"https:\/\/elperiodicodesaltillo.com\/wp\/wp-json\/wp\/v2\/media?parent=30869"}],"wp:term":[{"taxonomy":"category","embeddable":true,"href":"https:\/\/elperiodicodesaltillo.com\/wp\/wp-json\/wp\/v2\/categories?post=30869"},{"taxonomy":"post_tag","embeddable":true,"href":"https:\/\/elperiodicodesaltillo.com\/wp\/wp-json\/wp\/v2\/tags?post=30869"}],"curies":[{"name":"wp","href":"https:\/\/api.w.org\/{rel}","templated":true}]}}