{"id":31923,"date":"2024-05-17T03:53:08","date_gmt":"2024-05-17T03:53:08","guid":{"rendered":"https:\/\/elperiodicodesaltillo.com\/wp\/?p=31923"},"modified":"2024-05-19T03:53:28","modified_gmt":"2024-05-19T03:53:28","slug":"sigamos-juntos-construyendo-coahuila-manolo","status":"publish","type":"post","link":"https:\/\/elperiodicodesaltillo.com\/wp\/2024\/05\/17\/sigamos-juntos-construyendo-coahuila-manolo\/","title":{"rendered":"SIGAMOS JUNTOS CONSTRUYENDO COAHUILA: MANOLO"},"content":{"rendered":"\n<p>\u00b7&nbsp;&nbsp;&nbsp;&nbsp;&nbsp;&nbsp;<strong><em>Clausura Gobernador de Coahuila Tercer Foro Inmobiliario del Norte en Torre\u00f3n<\/em><\/strong><\/p>\n\n\n\n<p>Torre\u00f3n, Coahuila de Zaragoza; 17 de mayo de 2024.- Al clausurar el Tercer Foro Inmobiliario del Norte \u201cEl Poder de Construir el Futuro de M\u00e9xico\u201d, el gobernador Manolo Jim\u00e9nez Salinas destac\u00f3 el trabajo en equipo entre sociedad civil, gobierno e iniciativa privada para avanzar m\u00e1s r\u00e1pido en el desarrollo.<\/p>\n\n\n\n<p>Durante el foro organizado por la C\u00e1mara Nacional de la Industria de Desarrollo y Promoci\u00f3n de Vivienda (Canadevi) Delegaci\u00f3n Comarca Lagunera, el mandatario estatal destac\u00f3 la uni\u00f3n empresarial para la atracci\u00f3n de inversiones y el fortalecimiento de esta industria.<\/p>\n\n\n<div class=\"wp-block-image\">\n<figure class=\"aligncenter size-large is-resized\"><img loading=\"lazy\" decoding=\"async\" width=\"1024\" height=\"682\" src=\"https:\/\/elperiodicodesaltillo.com\/wp\/wp-content\/uploads\/2024\/05\/elpoder-1024x682.jpg\" alt=\"\" class=\"wp-image-31924\" style=\"width:500px\" srcset=\"https:\/\/elperiodicodesaltillo.com\/wp\/wp-content\/uploads\/2024\/05\/elpoder-1024x682.jpg 1024w, https:\/\/elperiodicodesaltillo.com\/wp\/wp-content\/uploads\/2024\/05\/elpoder-300x200.jpg 300w, https:\/\/elperiodicodesaltillo.com\/wp\/wp-content\/uploads\/2024\/05\/elpoder-768x512.jpg 768w, https:\/\/elperiodicodesaltillo.com\/wp\/wp-content\/uploads\/2024\/05\/elpoder-1536x1023.jpg 1536w, https:\/\/elperiodicodesaltillo.com\/wp\/wp-content\/uploads\/2024\/05\/elpoder-696x464.jpg 696w, https:\/\/elperiodicodesaltillo.com\/wp\/wp-content\/uploads\/2024\/05\/elpoder-1068x712.jpg 1068w, https:\/\/elperiodicodesaltillo.com\/wp\/wp-content\/uploads\/2024\/05\/elpoder-630x420.jpg 630w, https:\/\/elperiodicodesaltillo.com\/wp\/wp-content\/uploads\/2024\/05\/elpoder.jpg 1600w\" sizes=\"auto, (max-width: 1024px) 100vw, 1024px\" \/><\/figure>\n<\/div>\n\n\n<p>Resalt\u00f3 que el trabajo conjunto permite que la entidad sea de las m\u00e1s seguras de M\u00e9xico,&nbsp;&nbsp;y que, como gobierno, est\u00e1n enfocados en generar las condiciones para que m\u00e1s empresas lleguen a instalarse y de ah\u00ed la importancia de este foro.&nbsp;<\/p>\n\n\n\n<p>\u201cLos inversionistas nos dicen que viene a Coahuila porque hay seguridad, estabilidad laboral, Estado de Derecho, porque tenemos calidad de vida y porque en lo acad\u00e9mico est\u00e1n en sinton\u00eda las universidades y la Industria; esto es muy importante cuidarlo porque no es obra de la casualidad que se tengan estas condiciones, es un trabajo muy bien sincronizado entre los que estamos aqu\u00ed; reitero mi compromiso con la Canadevi y otras c\u00e1maras, siempre seremos facilitadores de todo aquel que quiera invertir, crecer y emprender en nuestro Estado\u201d.<\/p>\n\n\n\n<p>Dio a conocer que en la reciente gira de promoci\u00f3n a Asia, Coahuila y Durango hicieron alianza para seguir trayendo m\u00e1s inversi\u00f3n a esta \u00e1rea y a finales de mayo se tendr\u00e1 una reuni\u00f3n con el Embajador de Estados Unidos, Ken Salazar, para hacer un plan de acci\u00f3n que siga impulsando a esta tierra, \u201cen suma, el nearshoring es una realidad, que es una oportunidad de vida\u201d.<\/p>\n\n\n\n<p>El presidente de Canadevi, Jos\u00e9 Pi\u00f1a \u00c1lvarez sostuvo que se reunieron a todas las personas interesadas en el sector inmobiliario en esta tercera edici\u00f3n, toda vez que es importante para el sector econ\u00f3mico tanto regional como nacional estar unidos e informados.&nbsp;<\/p>\n\n\n\n<p>Durante los d\u00edas 16 y 17 de mayo se dieron cita en el Centro de Convenciones de Torre\u00f3n desarrolladores inmobiliarios comerciales, industriales y de servicios, desarrolladores de vivienda, ejecutivos del sector de la construcci\u00f3n, arquitectos, ingenieros civiles y de otras ramas interesados en esta rama.&nbsp;<\/p>\n\n\n\n<p>En el encuentro inmobiliario m\u00e1s importante del norte de M\u00e9xico se compartieron conocimientos sobre el sector para tomar decisiones m\u00e1s informados, aprovechar las oportunidades y enfrentar los retos que se presentan.&nbsp;<\/p>\n\n\n\n<p>Entre los asistentes a la clausura estuvieron Rom\u00e1n Cepeda Gonz\u00e1lez, Alcalde de Torre\u00f3n; Ver\u00f3nica Mart\u00ednez Garc\u00eda, Senadora de la Rep\u00fablica; Luis Eduardo Olivares Mart\u00ednez, Director General de ProCoahuila y Arturo Ort\u00edz Gal\u00e1n, subsecretario de Desarrollo Econ\u00f3mico del Estado de Durango.<\/p>\n","protected":false},"excerpt":{"rendered":"<p>\u00b7&nbsp;&nbsp;&nbsp;&nbsp;&nbsp;&nbsp;Clausura Gobernador de Coahuila Tercer Foro Inmobiliario del Norte en Torre\u00f3n Torre\u00f3n, Coahuila de Zaragoza; 17 de mayo de 2024.- Al clausurar el Tercer Foro Inmobiliario del Norte \u201cEl Poder de Construir el Futuro de M\u00e9xico\u201d, el gobernador Manolo Jim\u00e9nez Salinas destac\u00f3 el trabajo en equipo entre sociedad civil, gobierno e iniciativa privada para avanzar [&hellip;]<\/p>\n","protected":false},"author":1,"featured_media":31924,"comment_status":"closed","ping_status":"closed","sticky":false,"template":"","format":"standard","meta":{"footnotes":""},"categories":[21],"tags":[],"class_list":["post-31923","post","type-post","status-publish","format-standard","has-post-thumbnail","hentry","category-coahuila"],"_links":{"self":[{"href":"https:\/\/elperiodicodesaltillo.com\/wp\/wp-json\/wp\/v2\/posts\/31923","targetHints":{"allow":["GET"]}}],"collection":[{"href":"https:\/\/elperiodicodesaltillo.com\/wp\/wp-json\/wp\/v2\/posts"}],"about":[{"href":"https:\/\/elperiodicodesaltillo.com\/wp\/wp-json\/wp\/v2\/types\/post"}],"author":[{"embeddable":true,"href":"https:\/\/elperiodicodesaltillo.com\/wp\/wp-json\/wp\/v2\/users\/1"}],"replies":[{"embeddable":true,"href":"https:\/\/elperiodicodesaltillo.com\/wp\/wp-json\/wp\/v2\/comments?post=31923"}],"version-history":[{"count":1,"href":"https:\/\/elperiodicodesaltillo.com\/wp\/wp-json\/wp\/v2\/posts\/31923\/revisions"}],"predecessor-version":[{"id":31925,"href":"https:\/\/elperiodicodesaltillo.com\/wp\/wp-json\/wp\/v2\/posts\/31923\/revisions\/31925"}],"wp:featuredmedia":[{"embeddable":true,"href":"https:\/\/elperiodicodesaltillo.com\/wp\/wp-json\/wp\/v2\/media\/31924"}],"wp:attachment":[{"href":"https:\/\/elperiodicodesaltillo.com\/wp\/wp-json\/wp\/v2\/media?parent=31923"}],"wp:term":[{"taxonomy":"category","embeddable":true,"href":"https:\/\/elperiodicodesaltillo.com\/wp\/wp-json\/wp\/v2\/categories?post=31923"},{"taxonomy":"post_tag","embeddable":true,"href":"https:\/\/elperiodicodesaltillo.com\/wp\/wp-json\/wp\/v2\/tags?post=31923"}],"curies":[{"name":"wp","href":"https:\/\/api.w.org\/{rel}","templated":true}]}}