{"id":32634,"date":"2024-07-04T16:23:10","date_gmt":"2024-07-04T16:23:10","guid":{"rendered":"https:\/\/elperiodicodesaltillo.com\/wp\/?p=32634"},"modified":"2024-07-10T17:43:35","modified_gmt":"2024-07-10T17:43:35","slug":"tenemos-grandes-proyectos-para-el-proximo-ciclo-escolar-manolo","status":"publish","type":"post","link":"https:\/\/elperiodicodesaltillo.com\/wp\/2024\/07\/04\/tenemos-grandes-proyectos-para-el-proximo-ciclo-escolar-manolo\/","title":{"rendered":"TENEMOS GRANDES PROYECTOS PARA EL PR\u00d3XIMO CICLO ESCOLAR: MANOLO"},"content":{"rendered":"\n<p>\u00b7&nbsp;&nbsp;&nbsp;&nbsp;&nbsp;&nbsp;<strong><em>Entrega Gobernador reconocimientos a ni\u00f1as y ni\u00f1os ganadores de la Olimpiada del Conocimiento<\/em><\/strong><\/p>\n\n\n\n<p>Saltillo, Coahuila de Zaragoza; a 4 de julio de 2024.- El Gobernador Manolo Jim\u00e9nez Salinas premi\u00f3 a las ni\u00f1as y ni\u00f1os ganadores de la Olimpiada del Conocimiento Infantil 2024, en ceremonia en la que destac\u00f3 que Coahuila tiene presente y futuro gracias a la brillante ni\u00f1ez y juventud de todas las regiones de la entidad.&nbsp;<\/p>\n\n\n\n<p>\u00abMe dio mucho gusto saludar&nbsp;&nbsp;y reconocer a nuestras ni\u00f1as y ni\u00f1os coahuilenses ganadores de la Olimpiada del Conocimiento. Muchas felicidades a ustedes, a sus pap\u00e1s y maestros, nos sentimos muy orgullosos por este gran logro. Para nuestro gobierno, la educaci\u00f3n es una prioridad y es una de las herramientas m\u00e1s poderosas para que nuestros ni\u00f1os, adolescentes y j\u00f3venes puedan prosperar\u00bb, se\u00f1al\u00f3.&nbsp;<\/p>\n\n\n<div class=\"wp-block-image\">\n<figure class=\"aligncenter size-large is-resized\"><img loading=\"lazy\" decoding=\"async\" width=\"1024\" height=\"682\" src=\"https:\/\/elperiodicodesaltillo.com\/wp\/wp-content\/uploads\/2024\/07\/proyectos-1024x682.jpg\" alt=\"\" class=\"wp-image-32635\" style=\"width:500px\" srcset=\"https:\/\/elperiodicodesaltillo.com\/wp\/wp-content\/uploads\/2024\/07\/proyectos-1024x682.jpg 1024w, https:\/\/elperiodicodesaltillo.com\/wp\/wp-content\/uploads\/2024\/07\/proyectos-300x200.jpg 300w, https:\/\/elperiodicodesaltillo.com\/wp\/wp-content\/uploads\/2024\/07\/proyectos-768x512.jpg 768w, https:\/\/elperiodicodesaltillo.com\/wp\/wp-content\/uploads\/2024\/07\/proyectos-1536x1023.jpg 1536w, https:\/\/elperiodicodesaltillo.com\/wp\/wp-content\/uploads\/2024\/07\/proyectos-696x464.jpg 696w, https:\/\/elperiodicodesaltillo.com\/wp\/wp-content\/uploads\/2024\/07\/proyectos-1068x712.jpg 1068w, https:\/\/elperiodicodesaltillo.com\/wp\/wp-content\/uploads\/2024\/07\/proyectos-630x420.jpg 630w, https:\/\/elperiodicodesaltillo.com\/wp\/wp-content\/uploads\/2024\/07\/proyectos.jpg 1600w\" sizes=\"auto, (max-width: 1024px) 100vw, 1024px\" \/><\/figure>\n<\/div>\n\n\n<p>Agreg\u00f3 que el mayor tesoro que puede tener una ciudad, un estado o un pa\u00eds son sus fuerzas b\u00e1sicas, en referencia a las ni\u00f1as, ni\u00f1os y j\u00f3venes, y agreg\u00f3 que quienes recibieron reconocimientos hoy, son orgullo y ejemplo para todas y todos los estudiantes del estado.<\/p>\n\n\n\n<p>De igual manera, felicit\u00f3 y reconoci\u00f3 el gran trabajo de maestras, maestros y directivos, as\u00ed como de las familias de todos los galardonados y de los estudiantes de Coahuila en general.<\/p>\n\n\n\n<p>\u201cCuentan con nosotros. Todo lo que estamos planeando y estamos haciendo es para bien de Coahuila, y el tema educativo para nosotros es bien importante; por eso, en el pr\u00f3ximo ciclo escolar empezamos con nuevos proyectos, programas y obras en materia educativa que se empezar\u00e1n a detonar en el mes de agosto\u201d, inform\u00f3.<\/p>\n\n\n\n<p>Record\u00f3 que en los primeros meses de su gobierno estuvieron impulsando proyectos de infraestructura, impulsando la parte econ\u00f3mica con la llegada de m\u00e1s inversiones y empleo a todas las regiones de la entidad; adem\u00e1s de seguir fortaleciendo el modelo de seguridad de Coahuila, con un trabajo permanente y coordinado entre las diversas corporaciones de seguridad en nuestro estado.<\/p>\n\n\n\n<p>Emanuel Garza Fishburn, secretario de Educaci\u00f3n, record\u00f3 que la Olimpiada del Conocimiento Infantil tiene el prop\u00f3sito de reconocer el aprovechamiento escolar de alumnas y alumnos de sexto grado de primaria, tanto de escuelas urbanas como rurales.<\/p>\n\n\n\n<p>Mencion\u00f3 que los alumnos fueron evaluados en las materias de Matem\u00e1ticas, Espa\u00f1ol, Ciencias Naturales, Historia y Geograf\u00eda, y que fueron 19 las ni\u00f1as y ni\u00f1os ganadores del proceso en el que participaron en total m\u00e1s de 54 mil alumnos.<\/p>\n\n\n\n<p>Por su parte, Jos\u00e9 Mar\u00eda Fraustro Siller, alcalde de Saltillo expres\u00f3 que&nbsp;&nbsp;se reconoce a 19 ni\u00f1as y ni\u00f1os estudiantes que d\u00eda a d\u00eda se ocupan de hacer lo que les corresponde con esmero, dedicaci\u00f3n y disciplina, que hacen valer el esfuerzo de sus maestras y maestros.<\/p>\n\n\n\n<p>Acompa\u00f1aron al gobernador en este evento, adem\u00e1s, \u00c1lvaro Moreira Vald\u00e9s, diputado local; Emelie \u00c1valos Guijarro, en representaci\u00f3n de los alumnos ganadores; Jorge Alberto Salcido Portillo, subsecretario de Educaci\u00f3n B\u00e1sica; Roberto de los Santos Mart\u00ednez, director de Escuelas Primarias, Alcira de Jes\u00fas V\u00e1squez Corral, coordinadora Territorial para el Servicio Educativo del CONAFE en el Estado de Coahuila; Jes\u00fas Azael Ramos Flores, alumno participante de esta olimpiada.<\/p>\n","protected":false},"excerpt":{"rendered":"<p>\u00b7&nbsp;&nbsp;&nbsp;&nbsp;&nbsp;&nbsp;Entrega Gobernador reconocimientos a ni\u00f1as y ni\u00f1os ganadores de la Olimpiada del Conocimiento Saltillo, Coahuila de Zaragoza; a 4 de julio de 2024.- El Gobernador Manolo Jim\u00e9nez Salinas premi\u00f3 a las ni\u00f1as y ni\u00f1os ganadores de la Olimpiada del Conocimiento Infantil 2024, en ceremonia en la que destac\u00f3 que Coahuila tiene presente y futuro gracias [&hellip;]<\/p>\n","protected":false},"author":1,"featured_media":32635,"comment_status":"closed","ping_status":"closed","sticky":false,"template":"","format":"standard","meta":{"footnotes":""},"categories":[21],"tags":[],"class_list":["post-32634","post","type-post","status-publish","format-standard","has-post-thumbnail","hentry","category-coahuila"],"_links":{"self":[{"href":"https:\/\/elperiodicodesaltillo.com\/wp\/wp-json\/wp\/v2\/posts\/32634","targetHints":{"allow":["GET"]}}],"collection":[{"href":"https:\/\/elperiodicodesaltillo.com\/wp\/wp-json\/wp\/v2\/posts"}],"about":[{"href":"https:\/\/elperiodicodesaltillo.com\/wp\/wp-json\/wp\/v2\/types\/post"}],"author":[{"embeddable":true,"href":"https:\/\/elperiodicodesaltillo.com\/wp\/wp-json\/wp\/v2\/users\/1"}],"replies":[{"embeddable":true,"href":"https:\/\/elperiodicodesaltillo.com\/wp\/wp-json\/wp\/v2\/comments?post=32634"}],"version-history":[{"count":1,"href":"https:\/\/elperiodicodesaltillo.com\/wp\/wp-json\/wp\/v2\/posts\/32634\/revisions"}],"predecessor-version":[{"id":32636,"href":"https:\/\/elperiodicodesaltillo.com\/wp\/wp-json\/wp\/v2\/posts\/32634\/revisions\/32636"}],"wp:featuredmedia":[{"embeddable":true,"href":"https:\/\/elperiodicodesaltillo.com\/wp\/wp-json\/wp\/v2\/media\/32635"}],"wp:attachment":[{"href":"https:\/\/elperiodicodesaltillo.com\/wp\/wp-json\/wp\/v2\/media?parent=32634"}],"wp:term":[{"taxonomy":"category","embeddable":true,"href":"https:\/\/elperiodicodesaltillo.com\/wp\/wp-json\/wp\/v2\/categories?post=32634"},{"taxonomy":"post_tag","embeddable":true,"href":"https:\/\/elperiodicodesaltillo.com\/wp\/wp-json\/wp\/v2\/tags?post=32634"}],"curies":[{"name":"wp","href":"https:\/\/api.w.org\/{rel}","templated":true}]}}