{"id":32770,"date":"2024-07-14T17:49:34","date_gmt":"2024-07-14T17:49:34","guid":{"rendered":"https:\/\/elperiodicodesaltillo.com\/wp\/?p=32770"},"modified":"2024-07-16T17:50:27","modified_gmt":"2024-07-16T17:50:27","slug":"fortalece-inspira-coahuila-emociones-de-ninas-y-ninos","status":"publish","type":"post","link":"https:\/\/elperiodicodesaltillo.com\/wp\/2024\/07\/14\/fortalece-inspira-coahuila-emociones-de-ninas-y-ninos\/","title":{"rendered":"FORTALECE INSPIRA COAHUILA EMOCIONES DE NI\u00d1AS Y NI\u00d1OS"},"content":{"rendered":"\n<p>&#8211;&nbsp;&nbsp;&nbsp;&nbsp;&nbsp;&nbsp;&nbsp;&nbsp;&nbsp;&nbsp;&nbsp;&nbsp;&nbsp;&nbsp;Como parte de una serie de acciones dentro del gran programa de Salud Mental, llevan a ni\u00f1as y ni\u00f1os de todas las regiones a ver la pel\u00edcula Intensamente 2.<\/p>\n\n\n\n<p>Saltillo, Coahuila de Zaragoza; a 14 de julio de 2024.- Como parte de una serie de acciones que se implementan dentro de la gran estrategia de salud mental que ha detonado el Gobierno del Estado, Inspira Coahuila ha generado diversas actividades que permiten atender esta problem\u00e1tica de manera transversal e integral en conjunto con las diferentes dependencias estatales.<\/p>\n\n\n\n<p>Inspira Coahuila llev\u00f3 a ni\u00f1as y ni\u00f1os de segundo y tercer grado de primaria de todas las regiones a ver la pel\u00edcula Intensamente 2, filme que habla sobre la importancia de entender e identificar las emociones desde una perspectiva infantil.&nbsp;<\/p>\n\n\n\n<figure class=\"wp-block-gallery has-nested-images columns-default is-cropped wp-block-gallery-1 is-layout-flex wp-block-gallery-is-layout-flex\">\n<figure class=\"wp-block-image size-large\"><img loading=\"lazy\" decoding=\"async\" width=\"1024\" height=\"682\" data-id=\"32771\" src=\"https:\/\/elperiodicodesaltillo.com\/wp\/wp-content\/uploads\/2024\/07\/inspira-2-1024x682.jpg\" alt=\"\" class=\"wp-image-32771\" srcset=\"https:\/\/elperiodicodesaltillo.com\/wp\/wp-content\/uploads\/2024\/07\/inspira-2-1024x682.jpg 1024w, https:\/\/elperiodicodesaltillo.com\/wp\/wp-content\/uploads\/2024\/07\/inspira-2-300x200.jpg 300w, https:\/\/elperiodicodesaltillo.com\/wp\/wp-content\/uploads\/2024\/07\/inspira-2-768x512.jpg 768w, https:\/\/elperiodicodesaltillo.com\/wp\/wp-content\/uploads\/2024\/07\/inspira-2-696x464.jpg 696w, https:\/\/elperiodicodesaltillo.com\/wp\/wp-content\/uploads\/2024\/07\/inspira-2-1068x712.jpg 1068w, https:\/\/elperiodicodesaltillo.com\/wp\/wp-content\/uploads\/2024\/07\/inspira-2-630x420.jpg 630w, https:\/\/elperiodicodesaltillo.com\/wp\/wp-content\/uploads\/2024\/07\/inspira-2.jpg 1280w\" sizes=\"auto, (max-width: 1024px) 100vw, 1024px\" \/><\/figure>\n\n\n\n<figure class=\"wp-block-image size-large\"><img loading=\"lazy\" decoding=\"async\" width=\"1024\" height=\"682\" data-id=\"32772\" src=\"https:\/\/elperiodicodesaltillo.com\/wp\/wp-content\/uploads\/2024\/07\/inspira2-1024x682.jpg\" alt=\"\" class=\"wp-image-32772\" srcset=\"https:\/\/elperiodicodesaltillo.com\/wp\/wp-content\/uploads\/2024\/07\/inspira2-1024x682.jpg 1024w, https:\/\/elperiodicodesaltillo.com\/wp\/wp-content\/uploads\/2024\/07\/inspira2-300x200.jpg 300w, https:\/\/elperiodicodesaltillo.com\/wp\/wp-content\/uploads\/2024\/07\/inspira2-768x512.jpg 768w, https:\/\/elperiodicodesaltillo.com\/wp\/wp-content\/uploads\/2024\/07\/inspira2-696x464.jpg 696w, https:\/\/elperiodicodesaltillo.com\/wp\/wp-content\/uploads\/2024\/07\/inspira2-1068x712.jpg 1068w, https:\/\/elperiodicodesaltillo.com\/wp\/wp-content\/uploads\/2024\/07\/inspira2-630x420.jpg 630w, https:\/\/elperiodicodesaltillo.com\/wp\/wp-content\/uploads\/2024\/07\/inspira2.jpg 1280w\" sizes=\"auto, (max-width: 1024px) 100vw, 1024px\" \/><\/figure>\n<\/figure>\n\n\n\n<p>Dentro de esta actividad, el gobernador Manolo Jim\u00e9nez Salinas junto a su esposa Paola Rodr\u00edguez L\u00f3pez, presidenta honoraria de Inspira, as\u00ed como sus hijos, convivieron con un grupo de ni\u00f1as y ni\u00f1os con quienes vieron esta pel\u00edcula.<\/p>\n\n\n\n<p>\u201cInspira nos ayuda a darle seguimiento a los proyectos y programas insignia de nuestro gobierno, y el de la atenci\u00f3n a la salud mental de las y los coahuilenses es uno de ellos\u201d, expres\u00f3 el mandatario estatal.<\/p>\n\n\n\n<p>Por su parte, Paola Rodr\u00edguez coment\u00f3 que para Inspira Coahuila es sumamente importante ense\u00f1ar a los ni\u00f1os a cuidar su salud mental, y el reconocimiento de las emociones es una manera de empezar. Dijo que esta pel\u00edcula les ayuda en esa intenci\u00f3n.&nbsp;<\/p>\n\n\n\n<p>Agreg\u00f3 que, en coordinaci\u00f3n con la cadena Cin\u00e9polis,&nbsp;&nbsp;se estar\u00e1n llevando a cabo dentro de esta actividad funciones en todas las regiones de Coahuila, en las que m\u00e1s de dos mil 500 ni\u00f1as y ni\u00f1os podr\u00e1n ver est\u00e1 pel\u00edcula de manera gratuita.<\/p>\n\n\n\n<p>Paola Rodr\u00edguez mencion\u00f3 que previo a cada funci\u00f3n se les hace ver a las ni\u00f1as y ni\u00f1os que el sentir emociones es normal. Que a veces nos gustan, a veces no tanto, pero que todas nos ayudan a entender lo que pasa a nuestro alrededor.<\/p>\n\n\n\n<p>Record\u00f3 que Inspira Coahuila trabaja inicialmente en cinco ejes estrat\u00e9gicos: salud mental, j\u00f3venes, mujeres, educaci\u00f3n y organismos de la sociedad civil.<\/p>\n\n\n\n<p>M\u00e1s all\u00e1 de la experiencia de ir al cine, es una oportunidad para que los ni\u00f1os y ni\u00f1as aprendan a reconocer sus emociones y adem\u00e1s de ponerles nombres, se familiaricen y sepan c\u00f3mo reaccionar al sentirlas.<\/p>\n\n\n\n<p>Al finalizar la pel\u00edcula hacen una actividad identificando la emoci\u00f3n que sienten en ese momento.<\/p>\n","protected":false},"excerpt":{"rendered":"<p>&#8211;&nbsp;&nbsp;&nbsp;&nbsp;&nbsp;&nbsp;&nbsp;&nbsp;&nbsp;&nbsp;&nbsp;&nbsp;&nbsp;&nbsp;Como parte de una serie de acciones dentro del gran programa de Salud Mental, llevan a ni\u00f1as y ni\u00f1os de todas las regiones a ver la pel\u00edcula Intensamente 2. Saltillo, Coahuila de Zaragoza; a 14 de julio de 2024.- Como parte de una serie de acciones que se implementan dentro de la gran estrategia de [&hellip;]<\/p>\n","protected":false},"author":1,"featured_media":32771,"comment_status":"closed","ping_status":"closed","sticky":false,"template":"","format":"standard","meta":{"footnotes":""},"categories":[21],"tags":[],"class_list":["post-32770","post","type-post","status-publish","format-standard","has-post-thumbnail","hentry","category-coahuila"],"_links":{"self":[{"href":"https:\/\/elperiodicodesaltillo.com\/wp\/wp-json\/wp\/v2\/posts\/32770","targetHints":{"allow":["GET"]}}],"collection":[{"href":"https:\/\/elperiodicodesaltillo.com\/wp\/wp-json\/wp\/v2\/posts"}],"about":[{"href":"https:\/\/elperiodicodesaltillo.com\/wp\/wp-json\/wp\/v2\/types\/post"}],"author":[{"embeddable":true,"href":"https:\/\/elperiodicodesaltillo.com\/wp\/wp-json\/wp\/v2\/users\/1"}],"replies":[{"embeddable":true,"href":"https:\/\/elperiodicodesaltillo.com\/wp\/wp-json\/wp\/v2\/comments?post=32770"}],"version-history":[{"count":1,"href":"https:\/\/elperiodicodesaltillo.com\/wp\/wp-json\/wp\/v2\/posts\/32770\/revisions"}],"predecessor-version":[{"id":32773,"href":"https:\/\/elperiodicodesaltillo.com\/wp\/wp-json\/wp\/v2\/posts\/32770\/revisions\/32773"}],"wp:featuredmedia":[{"embeddable":true,"href":"https:\/\/elperiodicodesaltillo.com\/wp\/wp-json\/wp\/v2\/media\/32771"}],"wp:attachment":[{"href":"https:\/\/elperiodicodesaltillo.com\/wp\/wp-json\/wp\/v2\/media?parent=32770"}],"wp:term":[{"taxonomy":"category","embeddable":true,"href":"https:\/\/elperiodicodesaltillo.com\/wp\/wp-json\/wp\/v2\/categories?post=32770"},{"taxonomy":"post_tag","embeddable":true,"href":"https:\/\/elperiodicodesaltillo.com\/wp\/wp-json\/wp\/v2\/tags?post=32770"}],"curies":[{"name":"wp","href":"https:\/\/api.w.org\/{rel}","templated":true}]}}