{"id":32827,"date":"2024-07-20T17:17:13","date_gmt":"2024-07-20T17:17:13","guid":{"rendered":"https:\/\/elperiodicodesaltillo.com\/wp\/?p=32827"},"modified":"2024-07-27T17:18:35","modified_gmt":"2024-07-27T17:18:35","slug":"promueve-inspira-coahuila-la-atencion-de-salud-mental-de-las-y-los-coahuilenses","status":"publish","type":"post","link":"https:\/\/elperiodicodesaltillo.com\/wp\/2024\/07\/20\/promueve-inspira-coahuila-la-atencion-de-salud-mental-de-las-y-los-coahuilenses\/","title":{"rendered":"PROMUEVE INSPIRA COAHUILA LA ATENCI\u00d3N DE SALUD MENTAL DE LAS Y LOS COAHUILENSES"},"content":{"rendered":"\n<p>\u00b7&nbsp;&nbsp;&nbsp;&nbsp;&nbsp;&nbsp;<strong><em>La Unidad M\u00f3vil de Salud Mental ya ha visitado los 38 municipios del Estado<\/em><\/strong><\/p>\n\n\n\n<p>Saltillo, Coahuila de Zaragoza; a 20 de julio de 2024.- Paola Rodr\u00edguez L\u00f3pez, presidenta honoraria de la Oficina Inspira Coahuila, destac\u00f3 que la unidad m\u00f3vil de salud mental ya ha recorrido los 38 municipios de las cinco regiones de la entidad, con las que se apoya de manera gratuita en la identificaci\u00f3n y atenci\u00f3n oportuna de padecimientos relacionados con la salud mental.<\/p>\n\n\n\n<figure class=\"wp-block-image size-large\"><img loading=\"lazy\" decoding=\"async\" width=\"1024\" height=\"691\" src=\"https:\/\/elperiodicodesaltillo.com\/wp\/wp-content\/uploads\/2024\/07\/inspirasalud-1024x691.jpg\" alt=\"\" class=\"wp-image-32826\" srcset=\"https:\/\/elperiodicodesaltillo.com\/wp\/wp-content\/uploads\/2024\/07\/inspirasalud-1024x691.jpg 1024w, https:\/\/elperiodicodesaltillo.com\/wp\/wp-content\/uploads\/2024\/07\/inspirasalud-300x203.jpg 300w, https:\/\/elperiodicodesaltillo.com\/wp\/wp-content\/uploads\/2024\/07\/inspirasalud-768x519.jpg 768w, https:\/\/elperiodicodesaltillo.com\/wp\/wp-content\/uploads\/2024\/07\/inspirasalud-1536x1037.jpg 1536w, https:\/\/elperiodicodesaltillo.com\/wp\/wp-content\/uploads\/2024\/07\/inspirasalud-2048x1383.jpg 2048w, https:\/\/elperiodicodesaltillo.com\/wp\/wp-content\/uploads\/2024\/07\/inspirasalud-696x470.jpg 696w, https:\/\/elperiodicodesaltillo.com\/wp\/wp-content\/uploads\/2024\/07\/inspirasalud-1068x721.jpg 1068w, https:\/\/elperiodicodesaltillo.com\/wp\/wp-content\/uploads\/2024\/07\/inspirasalud-622x420.jpg 622w\" sizes=\"auto, (max-width: 1024px) 100vw, 1024px\" \/><\/figure>\n\n\n\n<p>La esposa del gobernador Manolo Jim\u00e9nez Salinas inform\u00f3 que en la unidad m\u00f3vil de salud mental se da informaci\u00f3n en general acerca de s\u00edntomas de depresi\u00f3n y ansiedad. Abund\u00f3 que si una persona considera que necesita apoyo, se hace un tamizaje que determina si est\u00e1 en riesgo bajo, medio o alto y, dependiendo del resultado, se da orientaci\u00f3n ah\u00ed mismo en la unidad o se canaliza con el psic\u00f3logo m\u00e1s cercano.&nbsp;<\/p>\n\n\n\n<p>\u201cEsto se<\/p>\n\n\n\n<p>&nbsp;hace en colaboraci\u00f3n con la Secretar\u00eda de Salud y sus Centros Comunitarios de Salud Mental y Adicciones (CECOSAMA), DIF y sus CAIF, as\u00ed como a trav\u00e9s de las Jurisdicciones Sanitarias\u201d, explic\u00f3.&nbsp;<\/p>\n\n\n\n<p>Rodr\u00edguez L\u00f3pez agreg\u00f3 que luego de que la unidad m\u00f3vil se va a otro municipio, se le da seguimiento a las personas que fueron canalizadas para atenci\u00f3n.<\/p>\n\n\n\n<p>Record\u00f3, adem\u00e1s, que la instalaci\u00f3n del Consejo Estatal de Salud Mental y Adicciones, as\u00ed como los Subcomit\u00e9s instalados en las cinco regiones de la entidad, en coordinaci\u00f3n con distintas dependencias e instituciones del orden p\u00fablico y privado, atienden estos padecimientos.<\/p>\n\n\n\n<p>Lo anterior con el objetivo de promocionar, prevenir y atender los padecimientos mentales, para reducir la mortalidad, morbilidad y discapacidad atribuida a los trastornos y adicciones.<\/p>\n\n\n\n<p>Paola Rodr\u00edguez reiter\u00f3 que es prioridad para el gobierno que encabeza Manolo Jim\u00e9nez Salinas la atenci\u00f3n y prevenci\u00f3n de la salud mental, por lo que seguir\u00e1n impulsando, a trav\u00e9s de las diferentes dependencias, las estrategias y acciones para atender esta problem\u00e1tica.<\/p>\n","protected":false},"excerpt":{"rendered":"<p>\u00b7&nbsp;&nbsp;&nbsp;&nbsp;&nbsp;&nbsp;La Unidad M\u00f3vil de Salud Mental ya ha visitado los 38 municipios del Estado Saltillo, Coahuila de Zaragoza; a 20 de julio de 2024.- Paola Rodr\u00edguez L\u00f3pez, presidenta honoraria de la Oficina Inspira Coahuila, destac\u00f3 que la unidad m\u00f3vil de salud mental ya ha recorrido los 38 municipios de las cinco regiones de la entidad, [&hellip;]<\/p>\n","protected":false},"author":1,"featured_media":32826,"comment_status":"closed","ping_status":"closed","sticky":false,"template":"","format":"standard","meta":{"footnotes":""},"categories":[21],"tags":[],"class_list":["post-32827","post","type-post","status-publish","format-standard","has-post-thumbnail","hentry","category-coahuila"],"_links":{"self":[{"href":"https:\/\/elperiodicodesaltillo.com\/wp\/wp-json\/wp\/v2\/posts\/32827","targetHints":{"allow":["GET"]}}],"collection":[{"href":"https:\/\/elperiodicodesaltillo.com\/wp\/wp-json\/wp\/v2\/posts"}],"about":[{"href":"https:\/\/elperiodicodesaltillo.com\/wp\/wp-json\/wp\/v2\/types\/post"}],"author":[{"embeddable":true,"href":"https:\/\/elperiodicodesaltillo.com\/wp\/wp-json\/wp\/v2\/users\/1"}],"replies":[{"embeddable":true,"href":"https:\/\/elperiodicodesaltillo.com\/wp\/wp-json\/wp\/v2\/comments?post=32827"}],"version-history":[{"count":1,"href":"https:\/\/elperiodicodesaltillo.com\/wp\/wp-json\/wp\/v2\/posts\/32827\/revisions"}],"predecessor-version":[{"id":32828,"href":"https:\/\/elperiodicodesaltillo.com\/wp\/wp-json\/wp\/v2\/posts\/32827\/revisions\/32828"}],"wp:featuredmedia":[{"embeddable":true,"href":"https:\/\/elperiodicodesaltillo.com\/wp\/wp-json\/wp\/v2\/media\/32826"}],"wp:attachment":[{"href":"https:\/\/elperiodicodesaltillo.com\/wp\/wp-json\/wp\/v2\/media?parent=32827"}],"wp:term":[{"taxonomy":"category","embeddable":true,"href":"https:\/\/elperiodicodesaltillo.com\/wp\/wp-json\/wp\/v2\/categories?post=32827"},{"taxonomy":"post_tag","embeddable":true,"href":"https:\/\/elperiodicodesaltillo.com\/wp\/wp-json\/wp\/v2\/tags?post=32827"}],"curies":[{"name":"wp","href":"https:\/\/api.w.org\/{rel}","templated":true}]}}