{"id":33271,"date":"2024-08-18T16:53:32","date_gmt":"2024-08-18T16:53:32","guid":{"rendered":"https:\/\/elperiodicodesaltillo.com\/wp\/?p=33271"},"modified":"2024-08-19T16:54:01","modified_gmt":"2024-08-19T16:54:01","slug":"tendra-manolo-importante-gira-de-trabajo-en-texas","status":"publish","type":"post","link":"https:\/\/elperiodicodesaltillo.com\/wp\/2024\/08\/18\/tendra-manolo-importante-gira-de-trabajo-en-texas\/","title":{"rendered":"TENDR\u00c1 MANOLO IMPORTANTE GIRA DE TRABAJO EN TEXAS"},"content":{"rendered":"\n<p>\u00b7&nbsp;&nbsp;&nbsp;&nbsp;&nbsp;&nbsp;<strong><em>Dentro de su itinerario, visitar\u00e1 la Casa de Gobierno de Texas para reunirse con el gobernador Greg Abbott<\/em><\/strong><\/p>\n\n\n\n<p>Saltillo, Coahuila de Zaragoza; a 18 de agosto de 2024.- Como parte de las acciones del eje de trabajo Coahuila Global, el gobernador Manolo Jim\u00e9nez Salinas tendr\u00e1 una importante gira de trabajo por el estado de Texas, entidad americana con la que se comparten 200 a\u00f1os de historia.<\/p>\n\n\n\n<p>Jim\u00e9nez Salinas destac\u00f3 que adem\u00e1s de reforzar la relaci\u00f3n bilateral con Texas, tendr\u00e1 una gira de promoci\u00f3n econ\u00f3mica y cultural en las ciudades de Austin, San Antonio y Houston.<\/p>\n\n\n\n<figure class=\"wp-block-image size-large\"><img loading=\"lazy\" decoding=\"async\" width=\"1024\" height=\"682\" src=\"https:\/\/elperiodicodesaltillo.com\/wp\/wp-content\/uploads\/2024\/08\/gira-1024x682.jpg\" alt=\"\" class=\"wp-image-33272\" srcset=\"https:\/\/elperiodicodesaltillo.com\/wp\/wp-content\/uploads\/2024\/08\/gira-1024x682.jpg 1024w, https:\/\/elperiodicodesaltillo.com\/wp\/wp-content\/uploads\/2024\/08\/gira-300x200.jpg 300w, https:\/\/elperiodicodesaltillo.com\/wp\/wp-content\/uploads\/2024\/08\/gira-768x512.jpg 768w, https:\/\/elperiodicodesaltillo.com\/wp\/wp-content\/uploads\/2024\/08\/gira-1536x1023.jpg 1536w, https:\/\/elperiodicodesaltillo.com\/wp\/wp-content\/uploads\/2024\/08\/gira-696x464.jpg 696w, https:\/\/elperiodicodesaltillo.com\/wp\/wp-content\/uploads\/2024\/08\/gira-1068x712.jpg 1068w, https:\/\/elperiodicodesaltillo.com\/wp\/wp-content\/uploads\/2024\/08\/gira-630x420.jpg 630w, https:\/\/elperiodicodesaltillo.com\/wp\/wp-content\/uploads\/2024\/08\/gira.jpg 1600w\" sizes=\"auto, (max-width: 1024px) 100vw, 1024px\" \/><\/figure>\n\n\n\n<p>\u201cTexas es una potencia econ\u00f3mica a nivel mundial y tenemos que aprovechar la ventaja que tenemos de ser vecinos. El Gobernador Abbott ha reiterado estar en la mejor disposici\u00f3n de trabajar de manera conjunta con nuestra administraci\u00f3n para llevar a cabo acciones en temas de inter\u00e9s mutuo que beneficien a ambas entidades\u201d, mencion\u00f3 el Gobernador de Coahuila.<\/p>\n\n\n\n<p>Adem\u00e1s, Jim\u00e9nez Salinas sostendr\u00e1 mesas de trabajo con integrantes de c\u00e1maras de comercio y empresarios con intereses en Coahuila, as\u00ed como con organizadores del Rodeo de Houston, a fin de hacer del Festival Rodeo Saltillo el evento insignia de la regi\u00f3n Sureste.<\/p>\n\n\n\n<p>El mandatario coahuilense destac\u00f3 que la econom\u00eda de Texas es una de las tres m\u00e1s importantes de Estados Unidos y una de las diez m\u00e1s grandes del mundo; coment\u00f3 que el ser vecinos, abre una gran oportunidad para llevar desarrollo econ\u00f3mico parejo a todas las regiones de Coahuila.<\/p>\n\n\n\n<p>Jim\u00e9nez Salinas record\u00f3 que para conmemorar el Bicentenario de la fundaci\u00f3n del Estado de Coahuila-Tejas, se han estado realizando una serie de actividades en todas las regiones de nuestra entidad, en coordinaci\u00f3n con el gobierno de Texas.<\/p>\n\n\n\n<p>\u201cEstamos listos para llevar la relaci\u00f3n Coahuila-Texas al siguiente nivel, y con el trabajo en equipo y la disposici\u00f3n del gobernador Abbott, estoy seguro que empataremos una agenda de trabajo que redunde en acciones para mejorar la calidad de vida de nuestras familias\u201d, subray\u00f3 Manolo Jim\u00e9nez.<\/p>\n","protected":false},"excerpt":{"rendered":"<p>\u00b7&nbsp;&nbsp;&nbsp;&nbsp;&nbsp;&nbsp;Dentro de su itinerario, visitar\u00e1 la Casa de Gobierno de Texas para reunirse con el gobernador Greg Abbott Saltillo, Coahuila de Zaragoza; a 18 de agosto de 2024.- Como parte de las acciones del eje de trabajo Coahuila Global, el gobernador Manolo Jim\u00e9nez Salinas tendr\u00e1 una importante gira de trabajo por el estado de Texas, [&hellip;]<\/p>\n","protected":false},"author":1,"featured_media":33272,"comment_status":"closed","ping_status":"closed","sticky":false,"template":"","format":"standard","meta":{"footnotes":""},"categories":[21],"tags":[],"class_list":["post-33271","post","type-post","status-publish","format-standard","has-post-thumbnail","hentry","category-coahuila"],"_links":{"self":[{"href":"https:\/\/elperiodicodesaltillo.com\/wp\/wp-json\/wp\/v2\/posts\/33271","targetHints":{"allow":["GET"]}}],"collection":[{"href":"https:\/\/elperiodicodesaltillo.com\/wp\/wp-json\/wp\/v2\/posts"}],"about":[{"href":"https:\/\/elperiodicodesaltillo.com\/wp\/wp-json\/wp\/v2\/types\/post"}],"author":[{"embeddable":true,"href":"https:\/\/elperiodicodesaltillo.com\/wp\/wp-json\/wp\/v2\/users\/1"}],"replies":[{"embeddable":true,"href":"https:\/\/elperiodicodesaltillo.com\/wp\/wp-json\/wp\/v2\/comments?post=33271"}],"version-history":[{"count":1,"href":"https:\/\/elperiodicodesaltillo.com\/wp\/wp-json\/wp\/v2\/posts\/33271\/revisions"}],"predecessor-version":[{"id":33273,"href":"https:\/\/elperiodicodesaltillo.com\/wp\/wp-json\/wp\/v2\/posts\/33271\/revisions\/33273"}],"wp:featuredmedia":[{"embeddable":true,"href":"https:\/\/elperiodicodesaltillo.com\/wp\/wp-json\/wp\/v2\/media\/33272"}],"wp:attachment":[{"href":"https:\/\/elperiodicodesaltillo.com\/wp\/wp-json\/wp\/v2\/media?parent=33271"}],"wp:term":[{"taxonomy":"category","embeddable":true,"href":"https:\/\/elperiodicodesaltillo.com\/wp\/wp-json\/wp\/v2\/categories?post=33271"},{"taxonomy":"post_tag","embeddable":true,"href":"https:\/\/elperiodicodesaltillo.com\/wp\/wp-json\/wp\/v2\/tags?post=33271"}],"curies":[{"name":"wp","href":"https:\/\/api.w.org\/{rel}","templated":true}]}}