{"id":33334,"date":"2024-08-26T14:26:07","date_gmt":"2024-08-26T14:26:07","guid":{"rendered":"https:\/\/elperiodicodesaltillo.com\/wp\/?p=33334"},"modified":"2024-08-27T14:26:42","modified_gmt":"2024-08-27T14:26:42","slug":"regresa-la-feria-de-las-letras-con-la-xxvi-edicion-de-la-filc-en-arteaga","status":"publish","type":"post","link":"https:\/\/elperiodicodesaltillo.com\/wp\/2024\/08\/26\/regresa-la-feria-de-las-letras-con-la-xxvi-edicion-de-la-filc-en-arteaga\/","title":{"rendered":"REGRESA LA FERIA DE LAS LETRAS CON\u00a0\u00a0LA XXVI EDICI\u00d3N DE LA FILC, EN ARTEAGA"},"content":{"rendered":"\n<p><strong>Saltillo, Coahuila de Zaragoza; a 26 de agosto de 2024.-<\/strong>&nbsp;&nbsp;Con Canad\u00e1 y Chihuahua, como pa\u00eds y Estado Invitados de Honor, del 13 al 22 de septiembre tendr\u00e1 lugar la Feria Internacional del Libro de Coahuila, en su XXVI edici\u00f3n, en el Centro Cultural Universitario de la UA de C.<\/p>\n\n\n\n<p>Esther Quintana Salinas, Secretaria de Cultura, encabez\u00f3 la rueda de prensa en la que se detallaron las m\u00faltiples actividades que se desarrollar\u00e1n en el evento, considerado uno de los tres mejores en su g\u00e9nero del noreste del pa\u00eds.<\/p>\n\n\n\n<p>Tambi\u00e9n estar\u00e1n presentes como invitadas&nbsp;&nbsp;las Universidades de Austin; Houston y la SMU de Dallas, en virtud de que el eje tem\u00e1tico de la FILC 2024 ser\u00e1 \u201cCoahuila-Texas, 200 A\u00f1os de Historia\u201d, en conmemoraci\u00f3n del Bicentenario de la Fundaci\u00f3n del Estado de Coahuila y Texas.<\/p>\n\n\n\n<figure class=\"wp-block-image size-large\"><img loading=\"lazy\" decoding=\"async\" width=\"1024\" height=\"622\" src=\"https:\/\/elperiodicodesaltillo.com\/wp\/wp-content\/uploads\/2024\/08\/letras-1024x622.jpg\" alt=\"\" class=\"wp-image-33335\" srcset=\"https:\/\/elperiodicodesaltillo.com\/wp\/wp-content\/uploads\/2024\/08\/letras-1024x622.jpg 1024w, https:\/\/elperiodicodesaltillo.com\/wp\/wp-content\/uploads\/2024\/08\/letras-300x182.jpg 300w, https:\/\/elperiodicodesaltillo.com\/wp\/wp-content\/uploads\/2024\/08\/letras-768x467.jpg 768w, https:\/\/elperiodicodesaltillo.com\/wp\/wp-content\/uploads\/2024\/08\/letras-1536x933.jpg 1536w, https:\/\/elperiodicodesaltillo.com\/wp\/wp-content\/uploads\/2024\/08\/letras-696x423.jpg 696w, https:\/\/elperiodicodesaltillo.com\/wp\/wp-content\/uploads\/2024\/08\/letras-1068x649.jpg 1068w, https:\/\/elperiodicodesaltillo.com\/wp\/wp-content\/uploads\/2024\/08\/letras-691x420.jpg 691w, https:\/\/elperiodicodesaltillo.com\/wp\/wp-content\/uploads\/2024\/08\/letras.jpg 1600w\" sizes=\"auto, (max-width: 1024px) 100vw, 1024px\" \/><\/figure>\n\n\n\n<p>Presentaciones de libros, actuaciones art\u00edsticas de diversos grupos, as\u00ed como actividades preparadas por el Estado y el pa\u00eds invitados, se ofrecer\u00e1n a los miles de visitantes que se esperan en el evento.<\/p>\n\n\n\n<p>&nbsp;La Feria Internacional del Libro de Coahuila, ya es referente en M\u00e9xico ante la alta calidad de su programa literario; se considera que a lo largo de su historia, recibi\u00f3 alrededor de un mill\u00f3n de visitantes.<\/p>\n\n\n\n<p>Tan s\u00f3lo en la edici\u00f3n 2023, dijo Quintana Salinas, se contabilizaron m\u00e1s de 130 mil, tanto de la regi\u00f3n como del interior del estado, del pa\u00eds e incluso del extranjero.<\/p>\n\n\n\n<p>En la rueda de prensa, se enlazaron, v\u00eda zoom, Norma Noriega, representante de la Secretar\u00eda de Cultura de Chihuahua; Adela Pineda, de la Universidad de Texas, en Austin, y el Vicepresidente de la C\u00e1mara Nacional de la Industria Editorial Mexicana (CANEIM), Luis Jorge Arnau.<\/p>\n\n\n\n<p>La Secretaria de Cultura, cit\u00f3 a algunos de los invitados internacionales a la FILC, como Dolores Reyes (Argentina). Autora de las novelas Cometierra y Miseria.&nbsp;&nbsp;Gabriela Wiener (Per\u00fa) Narradora y periodista, finalista del Premio Booker Internacional 2024.<\/p>\n\n\n\n<p>De la Universidad de Texas, en Austin, Adela Pineda. Profesora en Estudios Literarios y Culturales de Latinoam\u00e9rica; la&nbsp;&nbsp;directora del Instituto de Estudios Latinoamericanos, Teresa Lozano Long (LLILAS).<\/p>\n\n\n\n<p>Albert Palacios; coordinador de LLILAS Benson Latin American Studies and Collections. Uno de los archivos m\u00e1s importantes del mundo en cuestiones latinoamericanas.<\/p>\n\n\n\n<p>Benjam\u00edn Ibarra,&nbsp;&nbsp;profesor de Arquitectura, director del programa de conservaci\u00f3n del patrimonio de la Universidad de Texas en Austin y director asociado para las iniciativas de investigaci\u00f3n del Lozano Long Institute for Latin American Studies en la misma universidad.<\/p>\n\n\n\n<p>Gabriel Noriega, instructor de escritura creativa en dos prisiones de Texas en el marco del proyecto \u201cPido la palabra: A Texas Prison Literature Project or Social Justice and the Literary Imagination\u201d.<\/p>\n\n\n\n<p>Yefferson Ospina, quien ejerci\u00f3 el periodismo por cerca de 10 a\u00f1os en Colombia en donde cubri\u00f3 conflicto armado y violencia para el diario El Pa\u00eds de Cali, y es autor de la novela Las medidas del enga\u00f1o, publicada por Penguin Random House en 2024.<\/p>\n\n\n\n<p>De la Universidad de Houston Juliana Javierre (Colombia). Escritora, integrante del programa de Escritura creativa creado por Cristina Rivera Garza en la Universidad de Houston.<\/p>\n\n\n\n<p>Roberto Tejeda. Poeta, traductor, editor (trabaj\u00f3 en la revista Vuelta, con Octavio Paz) y maestro del programa de escritura creativa de la Universidad de Houston. Fue fundador de la importante revista multiling\u00fce Mandorla. Nueva escritura de las Am\u00e9ricas\/New writing from the Americas (1991-2013).<\/p>\n\n\n\n<p>De la SMU de Dallas Greg Brownderville, autor de tres libros de poes\u00eda, editor en jefe de Southwest Review y creador de una serie narrativa en l\u00ednea llamada Fire Bones. Brownderville&nbsp;&nbsp;y se desempe\u00f1a como profesor de ingl\u00e9s en SMU.<\/p>\n\n\n\n<p>As\u00ed como Robert Rea. Escritor y subeditor de la revista Southwest Review, la tercera revista literaria m\u00e1s antigua de todo Estados Unidos. Vive en Oxford, Mississippi<\/p>\n\n\n\n<p>En tanto, asistir\u00e1n tambi\u00e9n como Invitados nacionales Ana Garc\u00eda Bergua. Narradora galardonada con el Premio de literatura Sor Juana In\u00e9s de la Cruz 2013 por su novela La bomba de San Jos\u00e9.<\/p>\n\n\n\n<p>Antonio Ramos Revillas. Narrador y autor de libros infantiles y juveniles. Director de la editorial universitaria de la Universidad Aut\u00f3noma de Nuevo Le\u00f3n.<\/p>\n\n\n\n<p>Brenda Lozano. Narradora, en 2017 fue considerada una de las mejores escritoras j\u00f3venes por Bogot\u00e1 39. Es autora de las novelas Brujas y So\u00f1ar como sue\u00f1an los \u00e1rboles.<\/p>\n\n\n\n<p>Clau Reads Books. Cre\u00f3 su canal en YouTube en 2013 para compartir sus opiniones literarias.&nbsp;&nbsp;&nbsp;Hoy es la booktuber n\u00famero uno del mundo en YouTube. Criseida Santos Guevara. Escritora, guionista y dramaturga. Autora de la novela LGBT&nbsp;&nbsp;&nbsp;&nbsp;&nbsp;&nbsp;&nbsp;&nbsp;&nbsp;&nbsp;&nbsp;La reinita pop no ha muerto.<\/p>\n\n\n\n<p>Gabriela J\u00e1uregui. Narradora, traductora y antologadora de la colecci\u00f3n feminista Tsunami. Finalista del Premio Amazon de Novela 2023 con su novela Feral.<\/p>\n\n\n\n<p>Gibr\u00e1n Portela. El dramaturgo y guionista. Entre sus trabajos m\u00e1s reconocidos est\u00e1n las pel\u00edculas La jaula de oro (2013), y G\u00fceros (2014), dirigidas por Alonso Ruizpalacios, y&nbsp;&nbsp;La regi\u00f3n salvaje (2016). Entre sus proyectos m\u00e1s recientes est\u00e1n las series Un extra\u00f1o enemigo (2018) y Nadie nos va a extra\u00f1ar (2024) para Prime Video.<\/p>\n\n\n\n<p>Hiram Ruvalcaba, narrador y catedr\u00e1tico. Es autor de los libros Padres sin hijos, Los ni\u00f1os del agua y Todo pueblo es cicatriz.<\/p>\n\n\n\n<p>Jaime Alfonso Sandoval. Es guionista de televisi\u00f3n y se ha especializado en literatura infantil y juvenil. Su m\u00e1s reciente novela se titula Tiempos canallas.<\/p>\n\n\n\n<p>Jazmina Barrera. Es narradora, autora de L\u00ednea nigra, Los nombres de los animales, Punto de Cruz y La reina de espadas (un ensayo sobre la vida de Elena Garro).<\/p>\n\n\n\n<p>Juli\u00e1n Herbert. Es poeta, narrador y m\u00fasico. Su novela Canci\u00f3n de Tumba ha sido traducida a m\u00e1s de diez idiomas. Su m\u00e1s reciente publicaci\u00f3n es el libro de ensayos Suerte de Principiante.<\/p>\n\n\n\n<p>Juliana Faesler. Dramaturga, directora art\u00edstica y escen\u00f3grafa. Ha dirigido para la Compa\u00f1\u00eda Nacional de \u00d3pera de Bellas Artes y para el Festival Cl\u00e1sicos en Alcal\u00e1, en Espa\u00f1a.<\/p>\n\n\n\n<p>Liliana Blum. Narradora, es una de las primeras escritoras mexicanas de su generaci\u00f3n cuya obra ha sido traducida al ingl\u00e9s. Autora de El monstruo pent\u00e1podo y Un descuido c\u00f3smico.<\/p>\n\n\n\n<p>Luis Humberto Crosthwaite. Narrador de la frontera. Es autor de la exitosa novela Idos de la mente &#8211; la incre\u00edble y (a veces) triste historia de Ram\u00f3n y Cornelio. Su m\u00e1s reciente publicaci\u00f3n es el libro de cuentos El \u00faltimo show del elegante Joan.<\/p>\n\n\n\n<p>Manuel Alcal\u00e1. Guionista y promotor cultural. Museo, su primer largometraje como guionista, gan\u00f3 el Oso de Plata en el Festival de Cine de Berl\u00edn a Mejor Gui\u00f3n. Escribi\u00f3 y dirigi\u00f3 Red Privada en 2021, documental sobre el asesinato de Manuel Buend\u00eda para la plataforma Netflix.<\/p>\n\n\n\n<p>Mariana Booker. Mariana Etchegaray o mejor conocida por su seud\u00f3nimo en redes sociales, Mariana Booker, es una creadora de contenido literario en varias plataformas&nbsp;de internet, desde Instagram, TikTok y YouTube.<\/p>\n\n\n\n<p>Mayra Gonz\u00e1lez. Es directora literaria de Alfaguara, Lumen, Reservoir Books, Salamandra y Taurus, de Penguin Random House M\u00e9xico.<\/p>\n\n\n\n<p>M\u00f3nica Dionne. Actriz de cine, televisi\u00f3n y teatro, conocida por su papel en la pel\u00edcula Sexo, pudor y l\u00e1grimas.<\/p>\n\n\n\n<p>Nacho Lozano. Es periodista, aunque se titul\u00f3 como historiador de arte. Ha sido conductor de radio y televisi\u00f3n para Uno tv, cbs, W Radio, Proyecto 40 e Imagen TV.<\/p>\n\n\n\n<p>Paola Llamas Dinero. Combina la poes\u00eda con otras disciplinas como la danza, m\u00fasica, GIFs y visuales. Su reciente libro se titula Poemas para otakus.<\/p>\n\n\n\n<p>Raiza Revelles. Pionera en discutir libros en YouTube, volvi\u00e9ndose la mayor booktuber de habla hispana. Ahora es considerada la \u201cReina del Terror\u201d;&nbsp;&nbsp;gracias a su contenido dedicado a este g\u00e9nero. Tiene tres libros publicados.<\/p>\n\n\n\n<p>En la rueda de prensa, tambi\u00e9n participaron el Coordinador General de Difusi\u00f3n y Patrimonio cultural de la UA de C, F\u00e9lix Ibarra; la directora de Cultura del Ayuntamiento de Arteaga, Luz Fierro y los Coordinadores de Log\u00edstica de Contenidos de la FILC, Silvia Georgina Estrada y Jorge D\u00e1vila.<\/p>\n","protected":false},"excerpt":{"rendered":"<p>Saltillo, Coahuila de Zaragoza; a 26 de agosto de 2024.-&nbsp;&nbsp;Con Canad\u00e1 y Chihuahua, como pa\u00eds y Estado Invitados de Honor, del 13 al 22 de septiembre tendr\u00e1 lugar la Feria Internacional del Libro de Coahuila, en su XXVI edici\u00f3n, en el Centro Cultural Universitario de la UA de C. Esther Quintana Salinas, Secretaria de Cultura, [&hellip;]<\/p>\n","protected":false},"author":1,"featured_media":33335,"comment_status":"closed","ping_status":"closed","sticky":false,"template":"","format":"standard","meta":{"footnotes":""},"categories":[21],"tags":[],"class_list":["post-33334","post","type-post","status-publish","format-standard","has-post-thumbnail","hentry","category-coahuila"],"_links":{"self":[{"href":"https:\/\/elperiodicodesaltillo.com\/wp\/wp-json\/wp\/v2\/posts\/33334","targetHints":{"allow":["GET"]}}],"collection":[{"href":"https:\/\/elperiodicodesaltillo.com\/wp\/wp-json\/wp\/v2\/posts"}],"about":[{"href":"https:\/\/elperiodicodesaltillo.com\/wp\/wp-json\/wp\/v2\/types\/post"}],"author":[{"embeddable":true,"href":"https:\/\/elperiodicodesaltillo.com\/wp\/wp-json\/wp\/v2\/users\/1"}],"replies":[{"embeddable":true,"href":"https:\/\/elperiodicodesaltillo.com\/wp\/wp-json\/wp\/v2\/comments?post=33334"}],"version-history":[{"count":1,"href":"https:\/\/elperiodicodesaltillo.com\/wp\/wp-json\/wp\/v2\/posts\/33334\/revisions"}],"predecessor-version":[{"id":33336,"href":"https:\/\/elperiodicodesaltillo.com\/wp\/wp-json\/wp\/v2\/posts\/33334\/revisions\/33336"}],"wp:featuredmedia":[{"embeddable":true,"href":"https:\/\/elperiodicodesaltillo.com\/wp\/wp-json\/wp\/v2\/media\/33335"}],"wp:attachment":[{"href":"https:\/\/elperiodicodesaltillo.com\/wp\/wp-json\/wp\/v2\/media?parent=33334"}],"wp:term":[{"taxonomy":"category","embeddable":true,"href":"https:\/\/elperiodicodesaltillo.com\/wp\/wp-json\/wp\/v2\/categories?post=33334"},{"taxonomy":"post_tag","embeddable":true,"href":"https:\/\/elperiodicodesaltillo.com\/wp\/wp-json\/wp\/v2\/tags?post=33334"}],"curies":[{"name":"wp","href":"https:\/\/api.w.org\/{rel}","templated":true}]}}