{"id":33498,"date":"2024-09-02T15:20:44","date_gmt":"2024-09-02T15:20:44","guid":{"rendered":"https:\/\/elperiodicodesaltillo.com\/wp\/?p=33498"},"modified":"2024-09-03T15:50:01","modified_gmt":"2024-09-03T15:50:01","slug":"a-traves-de-impulso-educativo-invertimos-en-ciencia-y-tecnologia","status":"publish","type":"post","link":"https:\/\/elperiodicodesaltillo.com\/wp\/2024\/09\/02\/a-traves-de-impulso-educativo-invertimos-en-ciencia-y-tecnologia\/","title":{"rendered":"A TRAV\u00c9S DE \u2018IMPULSO EDUCATIVO\u2019, INVERTIMOS EN CIENCIA Y TECNOLOG\u00cdA"},"content":{"rendered":"\n<p>\u00b7&nbsp;&nbsp;&nbsp;&nbsp;&nbsp;&nbsp;<strong><em>Inaugura Gobernador del Estado el Laboratorio de Sustentabilidad del Centro de Cultura Cient\u00edfica y Tecnol\u00f3gica del COECyT y entrega el Premio Talento Coahuila J\u00f3venes Cient\u00edficos<\/em><\/strong><\/p>\n\n\n\n<p>Saltillo, Coahuila de Zaragoza; a 02 de septiembre de 2024.- Con una inversi\u00f3n superior a a los 34 millones de pesos, el gobernador Manolo Jim\u00e9nez Salinas inaugur\u00f3 el Laboratorio de Sustentabilidad del Centro de Cultura Cient\u00edfica del COECyT, con lo que se fortalece la infraestructura de ciencia, tecnolog\u00eda e innovaci\u00f3n en Coahuila; adem\u00e1s de entregar el premio Talento Coahuila a j\u00f3venes cient\u00edficos, con el cual se reconoce e impulsa a los j\u00f3venes que realizan actividades de investigaci\u00f3n, desarrollo tecnol\u00f3gico e innovaci\u00f3n social.<\/p>\n\n\n\n<figure class=\"wp-block-image size-large\"><img loading=\"lazy\" decoding=\"async\" width=\"1024\" height=\"684\" src=\"https:\/\/elperiodicodesaltillo.com\/wp\/wp-content\/uploads\/2024\/09\/impulso1-1024x684.jpg\" alt=\"\" class=\"wp-image-33500\" srcset=\"https:\/\/elperiodicodesaltillo.com\/wp\/wp-content\/uploads\/2024\/09\/impulso1-1024x684.jpg 1024w, https:\/\/elperiodicodesaltillo.com\/wp\/wp-content\/uploads\/2024\/09\/impulso1-300x200.jpg 300w, https:\/\/elperiodicodesaltillo.com\/wp\/wp-content\/uploads\/2024\/09\/impulso1-768x513.jpg 768w, https:\/\/elperiodicodesaltillo.com\/wp\/wp-content\/uploads\/2024\/09\/impulso1-696x465.jpg 696w, https:\/\/elperiodicodesaltillo.com\/wp\/wp-content\/uploads\/2024\/09\/impulso1-1068x713.jpg 1068w, https:\/\/elperiodicodesaltillo.com\/wp\/wp-content\/uploads\/2024\/09\/impulso1-629x420.jpg 629w, https:\/\/elperiodicodesaltillo.com\/wp\/wp-content\/uploads\/2024\/09\/impulso1.jpg 1080w\" sizes=\"auto, (max-width: 1024px) 100vw, 1024px\" \/><\/figure>\n\n\n\n<p>\u201cIniciamos la semana galardonando a 12 j\u00f3venes coahuilenses con el \u2018Premio Talento Coahuila J\u00f3venes Cient\u00edficos\u2019 en las categor\u00edas Desarrollo Tecnol\u00f3gico, Investigaci\u00f3n Cient\u00edfica e Innovaci\u00f3n Social. Son un gran ejemplo y orgullo para todo Coahuila. De igual manera, con una inversi\u00f3n de 34 millones de pesos inauguramos la segunda etapa del Centro Cultural Cient\u00edfico del COECYT, que nos ayudar\u00e1 a fortalecer la capacitaci\u00f3n y aprendizaje tecnol\u00f3gico de nuestros ni\u00f1os, j\u00f3venes y profesionistas\u201d, se\u00f1al\u00f3.<\/p>\n\n\n\n<p>Los 34 millones de pesos se aplicaron en la construcci\u00f3n y equipamiento de esta segunda etapa del Centro de Cultura Cient\u00edfica.<\/p>\n\n\n\n<p>El premio se entreg\u00f3 en las categor\u00edas Desarrollo Tecnol\u00f3gico, Investigaci\u00f3n Cient\u00edfica, e Innovaci\u00f3n Social, cada una dividida en edades de 15-17 a\u00f1os; 18-21 a\u00f1os; 22-25 a\u00f1os; y 26-29 a\u00f1os; en total, 12 galardonados.<\/p>\n\n\n\n<p>Manolo Jim\u00e9nez felicit\u00f3 a las y los galardonados, quienes representan a varias regiones de la entidad; adem\u00e1s de reconocer a sus familiares, maestras, maestros, directores y directoras.<\/p>\n\n\n\n<p>Mencion\u00f3 que el pasado mes de agosto, mes de la Juventud, se tuvo una agenda muy interesante que culmin\u00f3 con la entrega del Premio Estatal de la Juventud y con la Instalaci\u00f3n del Consejo Estatal Ciudadano \u201cJuventud Pa\u2019delante\u201d, a los que se suma la entrega de este importante premio de ciencia y tecnolog\u00eda para j\u00f3venes.<\/p>\n\n\n\n<p>\u201cEs muy importante que lo que hagamos en Coahuila a favor de los j\u00f3venes, lleve su sentir y su pensar\u201d, coment\u00f3, y agreg\u00f3 que tambi\u00e9n se han estado entregando una serie de apoyos econ\u00f3micos a miles de j\u00f3venes durante este arranque de ciclo escolar.<\/p>\n\n\n\n<p>Jim\u00e9nez Salinas destac\u00f3 que su administraci\u00f3n trae muchos proyectos importantes para j\u00f3venes, como el de las s\u00faper becas, con las que se apoyar\u00e1 de manera determinante a j\u00f3venes brillantes en la parte acad\u00e9mica, deportiva, cultural o de emprendimiento, para que no desperdicien oportunidades por falta de apoyo, como el de ir a estudiar al extranjero, o participaciones en eventos deportivos nacionales e internacionales, por ejemplo.<\/p>\n\n\n\n<p>\u201cPor eso, para nosotros es muy importante fortalecer la educaci\u00f3n, porque adem\u00e1s de j\u00f3venes pues tenemos a miles de ni\u00f1as, ni\u00f1os y adolescentes que tambi\u00e9n dependen de buenas pol\u00edticas p\u00fablicas que les permitan tener mejores oportunidades\u201d, se\u00f1al\u00f3.<\/p>\n\n\n\n<p>En ese sentido, el Mandatario estatal destac\u00f3 que en coordinaci\u00f3n con la Secretar\u00eda de Educaci\u00f3n estatal, y junto a las dem\u00e1s dependencias de su gobierno, se deton\u00f3 el gran proyecto Impulso Educativo, el cual mediante 10 ejes de acci\u00f3n se fortalecer\u00e1 la educaci\u00f3n en el estado y en el que se invierten alrededor de 700 millones de pesos en proyectos, obras y acciones en beneficio de la comunidad educativa.&nbsp;<\/p>\n\n\n\n<p>Record\u00f3 que la semana pasada, con el arranque del ciclo escolar 2024-2025, se inici\u00f3 la entrega de \u00fatiles y libros de texto gratuitos en todas las escuelas p\u00fablicas de nivel b\u00e1sico, y que se arranc\u00f3 con la entrega de uniformes escolares y tenis en las escuelas rurales.<\/p>\n\n\n\n<p>Destac\u00f3 que, de igual manera, se sigue fortaleciendo la infraestructura educativa con la inversi\u00f3n de hoy de alrededor de 35 millones de pesos para seguir fortaleciendo al COECyT de Coahuila, y que de esa manera, m\u00e1s maestras, maestros, j\u00f3venes profesionistas, j\u00f3venes estudiantes tengan un mejor espacio para prepararse.<\/p>\n\n\n\n<p>De igual manera, Manolo Jim\u00e9nez se\u00f1al\u00f3 que sigue trabajando en otros temas igual de importantes, como el de desarrollo econ\u00f3mico, con el que se mantiene la labor de promoci\u00f3n econ\u00f3mica de Coahuila en diferentes partes del mundo, para atraer m\u00e1s inversiones que generen m\u00e1s y mejores empleos.<\/p>\n\n\n\n<p>Adem\u00e1s del tema de la seguridad, en donde, en coordinaci\u00f3n con el Ej\u00e9rcito Mexicano, la Guardia Nacional, la Marina Armada, la Polic\u00eda Estatal y los municipios, se mantiene un estrecho trabajo para mantener blindado al estado.<\/p>\n\n\n\n<p>\u201cSi no tenemos seguridad perdemos muchas cosas, y hoy Coahuila es un ejemplo nacional de seguridad y, mejor a\u00fan, hoy Coahuila es, sin duda, uno de los mejores lugares para vivir en este pa\u00eds, y eso es gracias a que trabajamos juntos, es gracias a que hay una unidad entre sociedad, ciudadanos, iniciativa privada y gobierno; es gracias a que el punto de encuentro de todas y todos es que le vaya bien a Coahuila\u201d, puntualiz\u00f3 el gobernador Manolo Jim\u00e9nez Salinas.<\/p>\n\n\n\n<p>Jos\u00e9 Mar\u00eda Fraustro Siller, alcalde de Saltillo, reconoci\u00f3 la capacidad de liderazgo de Manolo Jim\u00e9nez la cual ha sido fundamental para que Coahuila siga consolid\u00e1ndose como un referente de desarrollo y seguridad en todo el Pa\u00eds.<\/p>\n\n\n\n<p>\u201cHoy reconocemos a las y los j\u00f3venes cient\u00edficos que con su trabajo, creatividad e innovaci\u00f3n est\u00e1n contribuyendo de manera significativa, al desarrollo de Coahuila\u201d, mencion\u00f3.<\/p>\n\n\n\n<p>El director general del COECyT Coahuila, Mario Vald\u00e9s Garza agradeci\u00f3 todo el apoyo brindado para que el instituto que lidera vaya caminando con la secretar\u00eda de Educaci\u00f3n, y atendiendo a las ni\u00f1as, ni\u00f1os y j\u00f3venes de Coahuila.<\/p>\n\n\n\n<p>Mencion\u00f3 que con el Premio Talento Coahuila J\u00f3venes Cient\u00edficos se fomenta la cultura cient\u00edfica y la comunicaci\u00f3n de la ciencia vinculada con el COECYT, para el desarrollo cient\u00edfico, tecnol\u00f3gico, econ\u00f3mico, ambiental y social del estado de Coahuila, valorando sus contribuciones a la construcci\u00f3n de la sociedad del conocimiento y a la soluci\u00f3n de problemas.<\/p>\n\n\n\n<p>A nombre de los ganadores, Irving Adri\u00e1n Gonz\u00e1lez Lara agradeci\u00f3 al gobernador Manolo Jim\u00e9nez y a todo su equipo por incentivar, con este tipo de premios, a crecer como profesionistas y a darles vocaciones cient\u00edficas.<\/p>\n\n\n\n<p>\u201cEl Premio Talento Coahuila J\u00f3venes Cient\u00edficos es sentirnos honrados porque se nos reconoce en nuestro estado y porque estamos saliendo adelante\u201d, expres\u00f3.<\/p>\n\n\n\n<p>Por su parte, Julio Iv\u00e1n Long Hern\u00e1ndez, director del Instituto Coahuilense de la Infraestructura F\u00edsica Educativa dijo que, continuando con las acciones de la gran estrategia Impulso Educativo, puesta en marcha por el gobernador Manolo Jim\u00e9nez, hoy entregaron el Laboratorio de Sustentabilidad como segunda etapa del Centro de Cultura Cient\u00edfica y Tecnol\u00f3gica, obra que fortalece la formaci\u00f3n integral de las ni\u00f1as, ni\u00f1os y j\u00f3venes del estado, acerc\u00e1ndolos a la ciencia y brind\u00e1ndoles espacios interactivos de conocimiento.<\/p>\n\n\n\n<p>Los ganadores del Premio Talento Coahuila J\u00f3venes Cient\u00edficos, son:<\/p>\n\n\n\n<p>Categor\u00eda DESARROLLO TECNOL\u00d3GICO<\/p>\n\n\n\n<p>&#8211; Jes\u00fas Alejandro Aranda Reyes. CONALEP, Plantel Torre\u00f3n.&nbsp;<\/p>\n\n\n\n<p>&#8211;&nbsp;&nbsp;Max Eduardo Garc\u00eda Esquivel. Tecnol\u00f3gico de Monterrey.<\/p>\n\n\n\n<p>&#8211; Brandon Emmanuel Delabra Salinas. Calla Lily Mx.<\/p>\n\n\n\n<p>&#8211; Sergio Israel Vel\u00e1zquez Ch\u00e1vez. Tecnol\u00f3gico Nacional de M\u00e9xico Campus La Laguna.<\/p>\n\n\n\n<p>Categor\u00eda INVESTIGACI\u00d3N CIENT\u00cdFICA<\/p>\n\n\n\n<p>&#8211; Karla Abigail Malacara Hern\u00e1ndez. CONALEP Plantel Saltillo 1.&nbsp;<\/p>\n\n\n\n<p>&#8211; Irving Oswaldo Monsiv\u00e1is Delgado. Facultad de Sistemas, UAdeC.<\/p>\n\n\n\n<p>&#8211; Luz Leticia Rivera Sol\u00eds. Universidad Aut\u00f3noma Agraria Antonio Narro.<\/p>\n\n\n\n<p>-Dora Elisa Cruz Casas. Facultad de Ciencias Qu\u00edmicas UAdeC.<\/p>\n\n\n\n<p>Categor\u00eda INNOVACI\u00d3N SOCIAL<\/p>\n\n\n\n<p>&#8211; Tiffany Giselle Mu\u00f1oz Pasillas. CONALEP Plantel Torre\u00f3n.<\/p>\n\n\n\n<p>&#8211; Edith Esmeralda Medina Garc\u00eda. Tecnol\u00f3gico Nacional de M\u00e9xico Campus La Laguna.<\/p>\n\n\n\n<p>-Karina Villarreal Vald\u00e9s. Centro de Atenci\u00f3n Personalizada en Tecnolog\u00eda de Asistencia (CAPTA).<\/p>\n\n\n\n<p>-Irving Adri\u00e1n Gonz\u00e1lez Lara. Laboratorio Estatal de Salud P\u00fablica de Coahuila.<\/p>\n\n\n\n<p>Acompa\u00f1aron al gobernador en el pres\u00eddium, adem\u00e1s, Emanuel Garza Fishburn, secretario de Educaci\u00f3n; Gabriel Elizondo P\u00e9rez, coordinador general de Mejora Coahuila; Enrique Mart\u00ednez y Morales, secretario de Inclusi\u00f3n y Desarrollo Social;&nbsp;&nbsp;Elma Marisol Mart\u00ednez Gonz\u00e1lez, secretaria de Fiscalizaci\u00f3n y Rendici\u00f3n de Cuentas.<\/p>\n","protected":false},"excerpt":{"rendered":"<p>\u00b7&nbsp;&nbsp;&nbsp;&nbsp;&nbsp;&nbsp;Inaugura Gobernador del Estado el Laboratorio de Sustentabilidad del Centro de Cultura Cient\u00edfica y Tecnol\u00f3gica del COECyT y entrega el Premio Talento Coahuila J\u00f3venes Cient\u00edficos Saltillo, Coahuila de Zaragoza; a 02 de septiembre de 2024.- Con una inversi\u00f3n superior a a los 34 millones de pesos, el gobernador Manolo Jim\u00e9nez Salinas inaugur\u00f3 el Laboratorio de [&hellip;]<\/p>\n","protected":false},"author":1,"featured_media":33500,"comment_status":"closed","ping_status":"closed","sticky":false,"template":"","format":"standard","meta":{"footnotes":""},"categories":[21],"tags":[],"class_list":["post-33498","post","type-post","status-publish","format-standard","has-post-thumbnail","hentry","category-coahuila"],"_links":{"self":[{"href":"https:\/\/elperiodicodesaltillo.com\/wp\/wp-json\/wp\/v2\/posts\/33498","targetHints":{"allow":["GET"]}}],"collection":[{"href":"https:\/\/elperiodicodesaltillo.com\/wp\/wp-json\/wp\/v2\/posts"}],"about":[{"href":"https:\/\/elperiodicodesaltillo.com\/wp\/wp-json\/wp\/v2\/types\/post"}],"author":[{"embeddable":true,"href":"https:\/\/elperiodicodesaltillo.com\/wp\/wp-json\/wp\/v2\/users\/1"}],"replies":[{"embeddable":true,"href":"https:\/\/elperiodicodesaltillo.com\/wp\/wp-json\/wp\/v2\/comments?post=33498"}],"version-history":[{"count":1,"href":"https:\/\/elperiodicodesaltillo.com\/wp\/wp-json\/wp\/v2\/posts\/33498\/revisions"}],"predecessor-version":[{"id":33501,"href":"https:\/\/elperiodicodesaltillo.com\/wp\/wp-json\/wp\/v2\/posts\/33498\/revisions\/33501"}],"wp:featuredmedia":[{"embeddable":true,"href":"https:\/\/elperiodicodesaltillo.com\/wp\/wp-json\/wp\/v2\/media\/33500"}],"wp:attachment":[{"href":"https:\/\/elperiodicodesaltillo.com\/wp\/wp-json\/wp\/v2\/media?parent=33498"}],"wp:term":[{"taxonomy":"category","embeddable":true,"href":"https:\/\/elperiodicodesaltillo.com\/wp\/wp-json\/wp\/v2\/categories?post=33498"},{"taxonomy":"post_tag","embeddable":true,"href":"https:\/\/elperiodicodesaltillo.com\/wp\/wp-json\/wp\/v2\/tags?post=33498"}],"curies":[{"name":"wp","href":"https:\/\/api.w.org\/{rel}","templated":true}]}}