{"id":33522,"date":"2024-09-03T16:31:23","date_gmt":"2024-09-03T16:31:23","guid":{"rendered":"https:\/\/elperiodicodesaltillo.com\/wp\/?p=33522"},"modified":"2024-09-05T16:34:06","modified_gmt":"2024-09-05T16:34:06","slug":"invita-secretaria-de-turismo-a-coahvino-fest-torreon-2024","status":"publish","type":"post","link":"https:\/\/elperiodicodesaltillo.com\/wp\/2024\/09\/03\/invita-secretaria-de-turismo-a-coahvino-fest-torreon-2024\/","title":{"rendered":"INVITA SECRETAR\u00cdA DE TURISMO A \u201cCOAHVINO FEST TORRE\u00d3N 2024\u201d"},"content":{"rendered":"\n<p>\u2022&nbsp;&nbsp;&nbsp;&nbsp;&nbsp;&nbsp;&nbsp;&nbsp;&nbsp;&nbsp;&nbsp;&nbsp;&nbsp;&nbsp;&nbsp;&nbsp;&nbsp;&nbsp;&nbsp;&nbsp;<strong><em>Este evento forma parte del D\u00eda Estatal del Vino, conmemoraci\u00f3n dedicada a impulsar al sector y seguirlo posicionando a nivel mundial<\/em><\/strong><\/p>\n\n\n\n<p>\u2022&nbsp;&nbsp;&nbsp;&nbsp;&nbsp;&nbsp;&nbsp;&nbsp;&nbsp;&nbsp;&nbsp;&nbsp;&nbsp;&nbsp;&nbsp;&nbsp;&nbsp;&nbsp;&nbsp;&nbsp;<strong><em>Se espera asistan mil personas, para superar la cifra de 700 asistentes en 2023<\/em><\/strong><\/p>\n\n\n\n<p>Torre\u00f3n, Coahuila de Zaragoza; a 03 de Septiembre de 2024.- A nombre del Gobernador Manolo Jim\u00e9nez Salinas, la Secretaria de Turismo y Desarrollo de Pueblos M\u00e1gicos, Cristina Amezcua Gonz\u00e1lez, invit\u00f3 a la poblaci\u00f3n a disfrutar del evento \u201cCoahvino Fest Torre\u00f3n 2024\u201d.<\/p>\n\n\n\n<p>\u201cLos invito a seguir sum\u00e1ndose a los proyectos que nos permiten tener un estado pr\u00f3spero, competitivo y seguro, porque con ello atraemos m\u00e1s turistas y seguimos fortaleciendo al turismo enol\u00f3gico y hacemos que Coahuila se siga consolidando como el destino vitivin\u00edcola de mayor calidad en M\u00e9xico\u201d, subray\u00f3.<\/p>\n\n\n\n<figure class=\"wp-block-image size-large\"><img loading=\"lazy\" decoding=\"async\" width=\"1024\" height=\"683\" src=\"https:\/\/elperiodicodesaltillo.com\/wp\/wp-content\/uploads\/2024\/09\/coahvino-1024x683.jpg\" alt=\"\" class=\"wp-image-33523\" srcset=\"https:\/\/elperiodicodesaltillo.com\/wp\/wp-content\/uploads\/2024\/09\/coahvino-1024x683.jpg 1024w, https:\/\/elperiodicodesaltillo.com\/wp\/wp-content\/uploads\/2024\/09\/coahvino-300x200.jpg 300w, https:\/\/elperiodicodesaltillo.com\/wp\/wp-content\/uploads\/2024\/09\/coahvino-768x512.jpg 768w, https:\/\/elperiodicodesaltillo.com\/wp\/wp-content\/uploads\/2024\/09\/coahvino-1536x1024.jpg 1536w, https:\/\/elperiodicodesaltillo.com\/wp\/wp-content\/uploads\/2024\/09\/coahvino-2048x1366.jpg 2048w, https:\/\/elperiodicodesaltillo.com\/wp\/wp-content\/uploads\/2024\/09\/coahvino-696x464.jpg 696w, https:\/\/elperiodicodesaltillo.com\/wp\/wp-content\/uploads\/2024\/09\/coahvino-1068x712.jpg 1068w, https:\/\/elperiodicodesaltillo.com\/wp\/wp-content\/uploads\/2024\/09\/coahvino-630x420.jpg 630w\" sizes=\"auto, (max-width: 1024px) 100vw, 1024px\" \/><\/figure>\n\n\n\n<p>La Secretaria de Turismo dijo que este evento forma parte del D\u00eda Estatal del Vino, conmemoraci\u00f3n dedicada a impulsar al sector y seguirlo posicionando a nivel mundial y se celebrar\u00e1 el pr\u00f3ximo 28 de septiembre, de las 18:00 a las 24:00 horas, en el Centro de Convenciones de Torre\u00f3n.<\/p>\n\n\n\n<p>Sin duda, \u201cel tema enol\u00f3gico es hoy una gran fortaleza de Coahuila, un s\u00edmbolo de identidad que sigue creciendo; cada vez llegan al estado m\u00e1s turistas con este motivo y m\u00e1s visitantes especializados para disfrutar y compartir la cultura del vino\u201d.<\/p>\n\n\n\n<p>Para esta edici\u00f3n de Coahvino Fest Torre\u00f3n 2024 se unen 29 casas vin\u00edcolas y 15 restaurantes de la regi\u00f3n Laguna para crear exquisitos maridajes con sus mejores vinos y diferentes platillos, una oportunidad para convivir con la familia y amigos.<\/p>\n\n\n\n<p>Advirti\u00f3 que para \u00e9ste se espera la participaci\u00f3n de unas mil personas provenientes de la regi\u00f3n Laguna y de estados vecinos, por lo que el evento impulsar\u00e1 la ocupaci\u00f3n hotelera, el comercio local y la visita a nuestros sitios tur\u00edsticos, puntualiz\u00f3 Amezcua Gonz\u00e1lez.<\/p>\n\n\n\n<p>Por su parte, Jes\u00fas Mar\u00eda Ram\u00f3n Aguirre, Presidente de Vinos de Coahuila afirm\u00f3 que hoy tienen 40 productores de vino y son 29 los que ya est\u00e1n asociados a ellos, como vin\u00edcola Parvada, Casa Madero, Don Leo, entre otros, y que estar\u00e1n presentes en el festival.<\/p>\n\n\n\n<p>\u201cTenemos una participaci\u00f3n muy nutrida y en Vinos de Coahuila, llevamos m\u00e1s de 1 mil 450 medallas que se han ganado a trav\u00e9s de todas las bodegas, la mayor\u00eda de Casa Madero; hoy se producen arriba de 5 millones de botellas en la entidad\u201d.<\/p>\n\n\n\n<p>Adem\u00e1s, Luis T\u00e9llez, Director de Turismo de Torre\u00f3n coment\u00f3 que este evento traer\u00e1 grandes oportunidades y nuevos atractivos para la regi\u00f3n vitivin\u00edcola de nuestro estado.<\/p>\n\n\n\n<p>\u201cEsta es una gran oportunidad para seguir fomentando el turismo enol\u00f3gico en Coahuila y as\u00ed dar a conocer y fomentar la promoci\u00f3n del destino y de todos los grandes vinos que las casas productoras ofrecen\u201d.<\/p>\n\n\n\n<p>En estos m\u00e1s de 400 a\u00f1os de tradici\u00f3n, sin duda, los vinos de Coahuila, han tra\u00eddo gran reconocimiento nacional e internacional, lo que ha permitido colocarlos en los ojos del mundo debido a su gran calidad y ser premiados en los mejores escenarios.<\/p>\n\n\n\n<p>Asimismo, Grethel Romo, de Gea Eventos Empresariales, describi\u00f3 que es la segunda vez que se realiza en la regi\u00f3n Laguna este evento vin\u00edcola y gastron\u00f3mico y en el que esperan dar a conocer los vinos de Coahuila y de esta regi\u00f3n del norte de M\u00e9xico.<\/p>\n\n\n\n<p>\u201cAqu\u00ed se entregar\u00e1 una copa y tabla a los participantes para que pasen a degustar por cada punto. Ser\u00e1 amenizado por los talentos coahuilenses Emiliano Ortiz originario de Acu\u00f1a, Caravan Music Lounge y Pavel Ar\u00e9valo, ambos de Torre\u00f3n\u201d.<\/p>\n\n\n\n<p>En preventa, el costo ser\u00e1 de mil pesos esto hasta el 08 de septiembre; del 09 y hasta el d\u00eda 27 el costo es de mil 200 pesos y el d\u00eda del evento se adquirir\u00e1 en mil 400 pesos, los boletos se pueden adquirir en Green Ticket.<\/p>\n\n\n\n<p>Uno m\u00e1s que invit\u00f3 a la ciudadan\u00eda a acudir fue Eduardo Nieto, Presidente de la Canirac Torre\u00f3n quien afirm\u00f3 que participar\u00e1n 15 reconocidos restaurantes del escenario gastron\u00f3mico de la regi\u00f3n Laguna, deleitando con bocadillos que se combinan con el ritmo de la m\u00fasica y la buena compa\u00f1\u00eda.<\/p>\n\n\n\n<p>El mensaje de bienvenida estuvo a cargo de Lorena Safa Serrato, Directora del Centro de Convenciones de Torre\u00f3n.<\/p>\n","protected":false},"excerpt":{"rendered":"<p>\u2022&nbsp;&nbsp;&nbsp;&nbsp;&nbsp;&nbsp;&nbsp;&nbsp;&nbsp;&nbsp;&nbsp;&nbsp;&nbsp;&nbsp;&nbsp;&nbsp;&nbsp;&nbsp;&nbsp;&nbsp;Este evento forma parte del D\u00eda Estatal del Vino, conmemoraci\u00f3n dedicada a impulsar al sector y seguirlo posicionando a nivel mundial \u2022&nbsp;&nbsp;&nbsp;&nbsp;&nbsp;&nbsp;&nbsp;&nbsp;&nbsp;&nbsp;&nbsp;&nbsp;&nbsp;&nbsp;&nbsp;&nbsp;&nbsp;&nbsp;&nbsp;&nbsp;Se espera asistan mil personas, para superar la cifra de 700 asistentes en 2023 Torre\u00f3n, Coahuila de Zaragoza; a 03 de Septiembre de 2024.- A nombre del Gobernador Manolo Jim\u00e9nez Salinas, la Secretaria de [&hellip;]<\/p>\n","protected":false},"author":1,"featured_media":33523,"comment_status":"closed","ping_status":"closed","sticky":false,"template":"","format":"standard","meta":{"footnotes":""},"categories":[21],"tags":[],"class_list":["post-33522","post","type-post","status-publish","format-standard","has-post-thumbnail","hentry","category-coahuila"],"_links":{"self":[{"href":"https:\/\/elperiodicodesaltillo.com\/wp\/wp-json\/wp\/v2\/posts\/33522","targetHints":{"allow":["GET"]}}],"collection":[{"href":"https:\/\/elperiodicodesaltillo.com\/wp\/wp-json\/wp\/v2\/posts"}],"about":[{"href":"https:\/\/elperiodicodesaltillo.com\/wp\/wp-json\/wp\/v2\/types\/post"}],"author":[{"embeddable":true,"href":"https:\/\/elperiodicodesaltillo.com\/wp\/wp-json\/wp\/v2\/users\/1"}],"replies":[{"embeddable":true,"href":"https:\/\/elperiodicodesaltillo.com\/wp\/wp-json\/wp\/v2\/comments?post=33522"}],"version-history":[{"count":1,"href":"https:\/\/elperiodicodesaltillo.com\/wp\/wp-json\/wp\/v2\/posts\/33522\/revisions"}],"predecessor-version":[{"id":33524,"href":"https:\/\/elperiodicodesaltillo.com\/wp\/wp-json\/wp\/v2\/posts\/33522\/revisions\/33524"}],"wp:featuredmedia":[{"embeddable":true,"href":"https:\/\/elperiodicodesaltillo.com\/wp\/wp-json\/wp\/v2\/media\/33523"}],"wp:attachment":[{"href":"https:\/\/elperiodicodesaltillo.com\/wp\/wp-json\/wp\/v2\/media?parent=33522"}],"wp:term":[{"taxonomy":"category","embeddable":true,"href":"https:\/\/elperiodicodesaltillo.com\/wp\/wp-json\/wp\/v2\/categories?post=33522"},{"taxonomy":"post_tag","embeddable":true,"href":"https:\/\/elperiodicodesaltillo.com\/wp\/wp-json\/wp\/v2\/tags?post=33522"}],"curies":[{"name":"wp","href":"https:\/\/api.w.org\/{rel}","templated":true}]}}