{"id":34463,"date":"2024-10-16T17:12:42","date_gmt":"2024-10-16T17:12:42","guid":{"rendered":"https:\/\/elperiodicodesaltillo.com\/wp\/?p=34463"},"modified":"2024-10-17T17:14:09","modified_gmt":"2024-10-17T17:14:09","slug":"estrechamos-lazos-de-colaboracion-con-argentina-manolo","status":"publish","type":"post","link":"https:\/\/elperiodicodesaltillo.com\/wp\/2024\/10\/16\/estrechamos-lazos-de-colaboracion-con-argentina-manolo\/","title":{"rendered":"ESTRECHAMOS LAZOS DE COLABORACI\u00d3N CON ARGENTINA: MANOLO"},"content":{"rendered":"\n<p>\u00b7&nbsp;&nbsp;&nbsp;&nbsp;&nbsp;&nbsp;<strong><em>Recibe Gobernador de Coahuila a la Embajadora Mar\u00eda Gabriela Quinteros<\/em><\/strong><\/p>\n\n\n\n<p>Saltillo, Coahuila de Zaragoza; a 16 de octubre de 2024.- El gobernador Manolo Jim\u00e9nez Salinas recibi\u00f3 en Palacio de Gobierno a la Excelent\u00edsima Se\u00f1ora Mar\u00eda Gabriela Quinteros, Embajadora de la Rep\u00fablica de Argentina en M\u00e9xico, con quien tuvo una mesa de di\u00e1logo para estrechar lazos y en la que se acord\u00f3 mantener una estrecha colaboraci\u00f3n en diversos temas.<\/p>\n\n\n\n<p>\u00abQu\u00e9 gusto recibir en Palacio de Gobierno a la Embajadora de la Rep\u00fablica Argentina en M\u00e9xico, Mar\u00eda Gabriela Quinteros y su equipo, con quienes tuvimos la oportunidad de intercambiar ideas para desarrollar proyectos en los temas de turismo, educaci\u00f3n, salud, cultura e industria vitivin\u00edcola. En Coahuila siempre estamos buscando cultivar las mejores relaciones nacionales e internacionales\u00bb, se\u00f1al\u00f3 el gobernador.<\/p>\n\n\n\n<figure class=\"wp-block-image size-large\"><img loading=\"lazy\" decoding=\"async\" width=\"1024\" height=\"684\" src=\"https:\/\/elperiodicodesaltillo.com\/wp\/wp-content\/uploads\/2024\/10\/argentina-1024x684.jpg\" alt=\"\" class=\"wp-image-34464\" srcset=\"https:\/\/elperiodicodesaltillo.com\/wp\/wp-content\/uploads\/2024\/10\/argentina-1024x684.jpg 1024w, https:\/\/elperiodicodesaltillo.com\/wp\/wp-content\/uploads\/2024\/10\/argentina-300x200.jpg 300w, https:\/\/elperiodicodesaltillo.com\/wp\/wp-content\/uploads\/2024\/10\/argentina-768x513.jpg 768w, https:\/\/elperiodicodesaltillo.com\/wp\/wp-content\/uploads\/2024\/10\/argentina-696x465.jpg 696w, https:\/\/elperiodicodesaltillo.com\/wp\/wp-content\/uploads\/2024\/10\/argentina-1068x713.jpg 1068w, https:\/\/elperiodicodesaltillo.com\/wp\/wp-content\/uploads\/2024\/10\/argentina-629x420.jpg 629w, https:\/\/elperiodicodesaltillo.com\/wp\/wp-content\/uploads\/2024\/10\/argentina.jpg 1080w\" sizes=\"auto, (max-width: 1024px) 100vw, 1024px\" \/><\/figure>\n\n\n\n<p>Manolo Jim\u00e9nez explic\u00f3 que en su administraci\u00f3n se ha emprendido una agenda muy importante para dar a conocer a Coahuila ante M\u00e9xico y el mundo, porque si bien la entidad es potencia en muchos temas, se busca que el estado est\u00e9 todav\u00eda m\u00e1s en el radar, y que todo aquel que quiera invertir en M\u00e9xico de cualquier pa\u00eds, pueda saber de nuestras regiones, donde las empresas que llegan pr\u00e1cticamente tienen \u00e9xito total.<\/p>\n\n\n\n<p>Se\u00f1al\u00f3 que las ventajas y condiciones que tiene la regi\u00f3n Sureste, que es la m\u00e1s industrializada de Coahuila, existen en las dem\u00e1s regiones del estado, por lo que hay una gran \u00e1rea de oportunidad para los inversionistas.<\/p>\n\n\n\n<p>El Mandatario estatal inform\u00f3 a la Embajadora de Argentina que Coahuila es l\u00edder nacional en la producci\u00f3n de autos de combusti\u00f3n interna y el\u00e9ctricos, as\u00ed como de autopartes; adem\u00e1s de ser el segundo estado m\u00e1s exportador, el principal productor de leche, el principal productor de veh\u00edculos de ferrocarril, entre otros temas.&nbsp;<\/p>\n\n\n\n<p>Inform\u00f3, adem\u00e1s, de la excelente calidad de los vinos de Coahuila, que son de los m\u00e1s premiados en M\u00e9xico, y de las maravillosas \u00e1reas naturales y sitios tur\u00edsticos con los que cuenta la entidad.<\/p>\n\n\n\n<p>\u201cEn Coahuila tenemos estado de derecho, estabilidad laboral, y somos el tercer estado m\u00e1s seguro del pa\u00eds\u201d, dijo, y explic\u00f3 que el modelo de seguridad en Coahuila se basa en Prevenci\u00f3n, Proximidad, Inteligencia y Fuerza.<\/p>\n\n\n\n<p>Manolo Jim\u00e9nez coment\u00f3 que en el estado, los tres poderes de gobierno trabajan en completa coordinaci\u00f3n para mantener los \u00edndices de seguridad que se han alcanzado, con el apoyo del Ej\u00e9rcito Mexicano, la Guardia Nacional y la Marina Armada.<\/p>\n\n\n\n<p>Agreg\u00f3 que la cercan\u00eda con la primera econom\u00eda del mundo, Estados Unidos, y la buena relaci\u00f3n y cercan\u00eda con Texas son una gran oportunidad para atraer inversi\u00f3n y desarrollo a Coahuila.<\/p>\n\n\n\n<p>Jim\u00e9nez Salinas destac\u00f3 que se cre\u00f3 la oficina de Pro Coahuila, que ya tiene sede en la Ciudad de M\u00e9xico y en Austin, Texas, y mediante la cual se promociona al estado y se les da seguimiento a los acuerdos y reuniones que se han tenido con empresas de todo el mundo.<\/p>\n\n\n\n<p>\u201cPara seguir posicionando a Coahuila en M\u00e9xico y el mundo\u201d, destac\u00f3 el Gobernador del Estado.<\/p>\n\n\n\n<p>Asimismo, mencion\u00f3 que para su administraci\u00f3n es muy importante tener una buena relaci\u00f3n con los pa\u00edses de Sudam\u00e9rica y del Norte del Continente, ya que se busca aprovechar todas las oportunidades que se presenten, para llevar desarrollo a todas las regiones y mejorar la calidad de vida de las y los coahuilenses.<\/p>\n\n\n\n<p>La embajadora Mar\u00eda Gabriela Quinteros coment\u00f3 el gran inter\u00e9s que les ha despertado Coahuila, que es un estado muy pujante. Mencion\u00f3 que todo el cuerpo diplom\u00e1tico est\u00e1 entusiasmado con todo lo que se est\u00e1 haciendo en este estado en los diferentes \u00e1mbitos.<\/p>\n\n\n\n<p>Acord\u00f3 mantener el di\u00e1logo abierto para seguir estrechando las relaciones comerciales, econ\u00f3micas y culturales con Coahuila, y construir una agenda de trabajo conjunta para tratar temas de inter\u00e9s de ambas partes.<\/p>\n\n\n\n<p>En esta reuni\u00f3n participaron, adem\u00e1s, Paola Rodr\u00edguez L\u00f3pez, presidenta honoraria de Inspira Coahuila; Hilda Flores Escalera, titular de la Oficina de Representaci\u00f3n del Gobierno de Coahuila en la Ciudad de M\u00e9xico; Fernanda Viz\u00e1n, de la secci\u00f3n de Econom\u00eda y Comercial de la Embajada de Argentina.<\/p>\n","protected":false},"excerpt":{"rendered":"<p>\u00b7&nbsp;&nbsp;&nbsp;&nbsp;&nbsp;&nbsp;Recibe Gobernador de Coahuila a la Embajadora Mar\u00eda Gabriela Quinteros Saltillo, Coahuila de Zaragoza; a 16 de octubre de 2024.- El gobernador Manolo Jim\u00e9nez Salinas recibi\u00f3 en Palacio de Gobierno a la Excelent\u00edsima Se\u00f1ora Mar\u00eda Gabriela Quinteros, Embajadora de la Rep\u00fablica de Argentina en M\u00e9xico, con quien tuvo una mesa de di\u00e1logo para estrechar lazos [&hellip;]<\/p>\n","protected":false},"author":1,"featured_media":34464,"comment_status":"closed","ping_status":"closed","sticky":false,"template":"","format":"standard","meta":{"footnotes":""},"categories":[21],"tags":[],"class_list":["post-34463","post","type-post","status-publish","format-standard","has-post-thumbnail","hentry","category-coahuila"],"_links":{"self":[{"href":"https:\/\/elperiodicodesaltillo.com\/wp\/wp-json\/wp\/v2\/posts\/34463","targetHints":{"allow":["GET"]}}],"collection":[{"href":"https:\/\/elperiodicodesaltillo.com\/wp\/wp-json\/wp\/v2\/posts"}],"about":[{"href":"https:\/\/elperiodicodesaltillo.com\/wp\/wp-json\/wp\/v2\/types\/post"}],"author":[{"embeddable":true,"href":"https:\/\/elperiodicodesaltillo.com\/wp\/wp-json\/wp\/v2\/users\/1"}],"replies":[{"embeddable":true,"href":"https:\/\/elperiodicodesaltillo.com\/wp\/wp-json\/wp\/v2\/comments?post=34463"}],"version-history":[{"count":1,"href":"https:\/\/elperiodicodesaltillo.com\/wp\/wp-json\/wp\/v2\/posts\/34463\/revisions"}],"predecessor-version":[{"id":34465,"href":"https:\/\/elperiodicodesaltillo.com\/wp\/wp-json\/wp\/v2\/posts\/34463\/revisions\/34465"}],"wp:featuredmedia":[{"embeddable":true,"href":"https:\/\/elperiodicodesaltillo.com\/wp\/wp-json\/wp\/v2\/media\/34464"}],"wp:attachment":[{"href":"https:\/\/elperiodicodesaltillo.com\/wp\/wp-json\/wp\/v2\/media?parent=34463"}],"wp:term":[{"taxonomy":"category","embeddable":true,"href":"https:\/\/elperiodicodesaltillo.com\/wp\/wp-json\/wp\/v2\/categories?post=34463"},{"taxonomy":"post_tag","embeddable":true,"href":"https:\/\/elperiodicodesaltillo.com\/wp\/wp-json\/wp\/v2\/tags?post=34463"}],"curies":[{"name":"wp","href":"https:\/\/api.w.org\/{rel}","templated":true}]}}