{"id":35215,"date":"2024-11-23T14:26:08","date_gmt":"2024-11-23T14:26:08","guid":{"rendered":"https:\/\/elperiodicodesaltillo.com\/wp\/?p=35215"},"modified":"2024-11-26T14:26:37","modified_gmt":"2024-11-26T14:26:37","slug":"entregan-patrullas-armas-y-becas-para-fortalecer-seguridad-en-coahuila","status":"publish","type":"post","link":"https:\/\/elperiodicodesaltillo.com\/wp\/2024\/11\/23\/entregan-patrullas-armas-y-becas-para-fortalecer-seguridad-en-coahuila\/","title":{"rendered":"ENTREGAN PATRULLAS, ARMAS Y BECAS PARA FORTALECER SEGURIDAD EN COAHUILA"},"content":{"rendered":"\n<ul class=\"wp-block-list\">\n<li><strong><em>Gobernador del Estado entrega 63 patrullas a diversos municipios del estado, as\u00ed como 300 armas cortas y 500 chalecos bal\u00edsticos a la Secretar\u00eda de Seguridad P\u00fablica, y 347 becas universitarias a hijos de polic\u00edas estatales y elementos de la Fiscal\u00eda<\/em><\/strong><\/li>\n<\/ul>\n\n\n\n<p>Saltillo, Coahuila de Zaragoza; a 23 de noviembre de 2024.- \u201cGran parte por lo cual hoy Coahuila es el estado m\u00e1s seguro de M\u00e9xico y uno de los tres estados m\u00e1s seguros de todo el pa\u00eds, es porque tenemos a las y los mejores polic\u00edas\u201d, mencion\u00f3 el gobernador Manolo Jim\u00e9nez Salinas en la ceremonia en la que se entregaron patrullas a diversos municipios del estado, as\u00ed como equipamiento a la Secretar\u00eda de Seguridad P\u00fablica, y&nbsp; becas universitarias a hijos de polic\u00edas estatales y elementos de la Fiscal\u00eda.<\/p>\n\n\n\n<p>\u00abEntregamos patrullas, armas, equipo t\u00e1ctico y becas para las y los hijos de nuestros polic\u00edas. Seguimos fortaleciendo la seguridad de Coahuila\u00bb, destac\u00f3.<\/p>\n\n\n\n<figure class=\"wp-block-image size-large\"><img loading=\"lazy\" decoding=\"async\" width=\"1024\" height=\"683\" src=\"https:\/\/elperiodicodesaltillo.com\/wp\/wp-content\/uploads\/2024\/11\/patrullas-1024x683.jpeg\" alt=\"\" class=\"wp-image-35216\" srcset=\"https:\/\/elperiodicodesaltillo.com\/wp\/wp-content\/uploads\/2024\/11\/patrullas-1024x683.jpeg 1024w, https:\/\/elperiodicodesaltillo.com\/wp\/wp-content\/uploads\/2024\/11\/patrullas-300x200.jpeg 300w, https:\/\/elperiodicodesaltillo.com\/wp\/wp-content\/uploads\/2024\/11\/patrullas-768x512.jpeg 768w, https:\/\/elperiodicodesaltillo.com\/wp\/wp-content\/uploads\/2024\/11\/patrullas-696x464.jpeg 696w, https:\/\/elperiodicodesaltillo.com\/wp\/wp-content\/uploads\/2024\/11\/patrullas-1068x712.jpeg 1068w, https:\/\/elperiodicodesaltillo.com\/wp\/wp-content\/uploads\/2024\/11\/patrullas-630x420.jpeg 630w, https:\/\/elperiodicodesaltillo.com\/wp\/wp-content\/uploads\/2024\/11\/patrullas.jpeg 1080w\" sizes=\"auto, (max-width: 1024px) 100vw, 1024px\" \/><\/figure>\n\n\n\n<p>Manolo Jim\u00e9nez expres\u00f3 que su gobierno seguir\u00e1 trabajando para fortalecer la actividad profesional de las y los polic\u00edas ya que para su administraci\u00f3n es muy importante la labor que desempe\u00f1an al brindar paz y tranquilidad a las familias de Coahuila.<\/p>\n\n\n\n<p>\u201cPara nosotros como equipo, como gobierno, la dignificaci\u00f3n de la profesi\u00f3n de un polic\u00eda es fundamental, por eso durante este a\u00f1o homologamos los sueldos de mil 500 polic\u00edas, arrancamos tambi\u00e9n el programa de becas para sus hijas e hijos; tenemos un proyecto para la dignificaci\u00f3n de la carrera profesional de nuestros polic\u00edas con el tema de los seguros de vida, seguro de gastos m\u00e9dicos, becas, incremento de sueldos, y un gran programa de vivienda\u201d, inform\u00f3.<\/p>\n\n\n\n<p>El Mandatario estatal resalt\u00f3 lo importante que debe ser que,&nbsp; mientras los elementos de seguridad andan haciendo su trabajo cuidando a las y los coahuilenses, cuidando a nuestras familias, su certeza laboral, de salud y de vivienda est\u00e9 cubierta, para que puedan concentrar todas sus capacidades en cuidar la seguridad de Coahuila.<\/p>\n\n\n\n<p>Record\u00f3 que durante este 2024 se realiz\u00f3 la entrega de 150 patrullas, a parte de las 63 de este d\u00eda, lo que suman m\u00e1s de 200 patrullas y veh\u00edculos t\u00e1cticos entregados en este primer a\u00f1o, as\u00ed como la construcci\u00f3n de arcos de seguridad carreteros.<\/p>\n\n\n\n<p>Asimismo, se est\u00e1n construyendo cuarteles para la Polic\u00eda Estatal pero tambi\u00e9n, coment\u00f3, se est\u00e1 trabajando parejo con el Ej\u00e9rcito, con la Marina, con la Guardia Nacional, invirtiendo en infraestructura y en veh\u00edculos.<\/p>\n\n\n\n<p>Anunci\u00f3 que, en conjunto con la Fiscal\u00eda General del Estado, se realizar\u00e1 un proyecto para fortalecer esta gran instituci\u00f3n.<\/p>\n\n\n\n<p>\u201cPara nosotros en Coahuila, el tema de la coordinaci\u00f3n y el trabajo en equipo es un pilar fundamental para lograr los indicadores que hoy tenemos. Aqu\u00ed trabajamos en equipo todas las instituciones de seguridad de los tres \u00f3rdenes de gobierno. Nos reunimos permanentemente para hacer estrategias, y para ponernos de acuerdo\u201d, se\u00f1al\u00f3.<\/p>\n\n\n\n<p>Manolo Jim\u00e9nez hizo un reconocimiento a las alcaldesas y los alcaldes de Coahuila, por su compromiso con la seguridad, as\u00ed como a los poderes Legislativo y Judicial, con quienes se tiene un engranaje y comunicaci\u00f3n total.<\/p>\n\n\n\n<p>De igual manera, agradeci\u00f3 y reconoci\u00f3 al Ej\u00e9rcito Mexicano en la persona del general Vicente P\u00e9rez L\u00f3pez, comandante de la VI Zona militar, por su apoyo incondicional en las labores de seguridad.<\/p>\n\n\n\n<p>\u201cOtro factor muy importante es que aqu\u00ed s\u00ed le entramos con todo, en todos los niveles; porque la voluntad pol\u00edtica y la voluntad de entrarle al tema de seguridad, no cualquiera\u201d, expres\u00f3, y se\u00f1al\u00f3 que este trabajo en equipo, a final de cuentas, se traduce en calidad de vida para nuestras familias.<\/p>\n\n\n\n<p>El Mandatario abund\u00f3 que gracias a que somos un estado seguro, solo en este a\u00f1o llegaron 95 mil millones de pesos de inversiones, que se traducen en 30 mil nuevos empleos para nuestra gente.<\/p>\n\n\n\n<p>Jos\u00e9 Mar\u00eda Fraustro Siller, alcalde de Saltillo, coment\u00f3 que la colaboraci\u00f3n constante y comprometida entre el Estado, los municipios y las instituciones de seguridad ha hecho de Coahuila un referente nacional en seguridad, competitividad y desarrollo social.<\/p>\n\n\n\n<p>\u201cLa entrega de equipamiento de seguridad, y becas universitarias que hoy presenciamos es un reflejo del \u00e9xito de un modelo de gobierno que entiende que la seguridad es el pilar fundamental para el desarrollo social y econ\u00f3mico de nuestra gente\u201d, se\u00f1al\u00f3 Fraustro Siller.<\/p>\n\n\n\n<p>Hugo Guti\u00e9rrez Rodr\u00edguez, secretario de Seguridad P\u00fablica inform\u00f3 que este d\u00eda se entregaron 63 patrullas a diferentes municipios; 300 armas cortas y m\u00e1s de 500 chalecos bal\u00edsticos de excelente calidad; as\u00ed como becas universitarias a hijos de elementos de la Polic\u00eda Estatal y de la Fiscal\u00eda.<\/p>\n\n\n\n<p>Antonio Coello Ju\u00e1rez, Polic\u00eda Estatal, agradeci\u00f3 al gobernador Manolo Jim\u00e9nez por la beca universitaria que recibi\u00f3 su hija, ya que es un regalo invaluable, porque acerca cada vez m\u00e1s a su hija a alcanzar sus sue\u00f1os acad\u00e9micos.<\/p>\n\n\n\n<p>Estuvieron presentes Miguel Felipe Mery Ayup, magistrado presidente del Tribunal Superior de Justicia; Luz Elena Morales N\u00fa\u00f1ez, diputada presidenta de la Junta de Gobierno del Congreso de Coahuila; General de Brigada D.E.M. Vicente P\u00e9rez L\u00f3pez, Comandante de la Sexta Zona Militar; Federico Fern\u00e1ndez Monta\u00f1ez, Fiscal General del Estado; Emanuel Jos\u00e9 de Jes\u00fas Garza Fishburn, secretario de Educaci\u00f3n; H\u00e9ctor Flores Rodr\u00edguez, subsecretario de Operaci\u00f3n Policial.<\/p>\n","protected":false},"excerpt":{"rendered":"<p>Saltillo, Coahuila de Zaragoza; a 23 de noviembre de 2024.- \u201cGran parte por lo cual hoy Coahuila es el estado m\u00e1s seguro de M\u00e9xico y uno de los tres estados m\u00e1s seguros de todo el pa\u00eds, es porque tenemos a las y los mejores polic\u00edas\u201d, mencion\u00f3 el gobernador Manolo Jim\u00e9nez Salinas en la ceremonia en [&hellip;]<\/p>\n","protected":false},"author":1,"featured_media":35216,"comment_status":"closed","ping_status":"closed","sticky":false,"template":"","format":"standard","meta":{"footnotes":""},"categories":[21],"tags":[],"class_list":["post-35215","post","type-post","status-publish","format-standard","has-post-thumbnail","hentry","category-coahuila"],"_links":{"self":[{"href":"https:\/\/elperiodicodesaltillo.com\/wp\/wp-json\/wp\/v2\/posts\/35215","targetHints":{"allow":["GET"]}}],"collection":[{"href":"https:\/\/elperiodicodesaltillo.com\/wp\/wp-json\/wp\/v2\/posts"}],"about":[{"href":"https:\/\/elperiodicodesaltillo.com\/wp\/wp-json\/wp\/v2\/types\/post"}],"author":[{"embeddable":true,"href":"https:\/\/elperiodicodesaltillo.com\/wp\/wp-json\/wp\/v2\/users\/1"}],"replies":[{"embeddable":true,"href":"https:\/\/elperiodicodesaltillo.com\/wp\/wp-json\/wp\/v2\/comments?post=35215"}],"version-history":[{"count":1,"href":"https:\/\/elperiodicodesaltillo.com\/wp\/wp-json\/wp\/v2\/posts\/35215\/revisions"}],"predecessor-version":[{"id":35217,"href":"https:\/\/elperiodicodesaltillo.com\/wp\/wp-json\/wp\/v2\/posts\/35215\/revisions\/35217"}],"wp:featuredmedia":[{"embeddable":true,"href":"https:\/\/elperiodicodesaltillo.com\/wp\/wp-json\/wp\/v2\/media\/35216"}],"wp:attachment":[{"href":"https:\/\/elperiodicodesaltillo.com\/wp\/wp-json\/wp\/v2\/media?parent=35215"}],"wp:term":[{"taxonomy":"category","embeddable":true,"href":"https:\/\/elperiodicodesaltillo.com\/wp\/wp-json\/wp\/v2\/categories?post=35215"},{"taxonomy":"post_tag","embeddable":true,"href":"https:\/\/elperiodicodesaltillo.com\/wp\/wp-json\/wp\/v2\/tags?post=35215"}],"curies":[{"name":"wp","href":"https:\/\/api.w.org\/{rel}","templated":true}]}}