{"id":35566,"date":"2024-12-10T14:24:45","date_gmt":"2024-12-10T14:24:45","guid":{"rendered":"https:\/\/elperiodicodesaltillo.com\/wp\/?p=35566"},"modified":"2024-12-11T14:31:32","modified_gmt":"2024-12-11T14:31:32","slug":"mercadito-mejora-de-manolo-jimenez-sigue-apoyando-a-la-economia-familiar","status":"publish","type":"post","link":"https:\/\/elperiodicodesaltillo.com\/wp\/2024\/12\/10\/mercadito-mejora-de-manolo-jimenez-sigue-apoyando-a-la-economia-familiar\/","title":{"rendered":"MERCADITO MEJORA DE MANOLO JIM\u00c9NEZ SIGUE APOYANDO A LA ECONOM\u00cdA FAMILIAR"},"content":{"rendered":"\n<p>\u00b7&nbsp;&nbsp;&nbsp;&nbsp;&nbsp;&nbsp;<strong><em>El Mercadito Mejora se consolida como uno de los programas sociales insignia del gobernador Manolo Jim\u00e9nez Salinas<\/em><\/strong><\/p>\n\n\n\n<p>Saltillo, Coahuila de Zaragoza; a 10 de diciembre de 2024- El Mercadito Mejora, programa del gobernador Manolo Jim\u00e9nez Salinas, contin\u00faa avanzando en esta recta final del 2024, en donde Gabriel Elizondo P\u00e9rez, encabez\u00f3 la edici\u00f3n n\u00famero 28 en el estado de este proyecto que hasta el momento ha beneficiado la econom\u00eda de m\u00e1s de 9 mil familias.<\/p>\n\n\n\n<p>Gabriel Elizondo P\u00e9rez estuvo en la colonia Balcones de las Torres en Saltillo junto con Juan Carlos Villarreal, tesorero del municipio para dar inicio a una edici\u00f3n m\u00e1s de este mercadito, programa que contin\u00faa extendi\u00e9ndose a todas las regiones del estado.<\/p>\n\n\n<div class=\"wp-block-image\">\n<figure class=\"aligncenter size-large\"><img loading=\"lazy\" decoding=\"async\" width=\"1024\" height=\"683\" src=\"https:\/\/elperiodicodesaltillo.com\/wp\/wp-content\/uploads\/2024\/12\/mercadito-1024x683.jpg\" alt=\"\" class=\"wp-image-35567\" srcset=\"https:\/\/elperiodicodesaltillo.com\/wp\/wp-content\/uploads\/2024\/12\/mercadito-1024x683.jpg 1024w, https:\/\/elperiodicodesaltillo.com\/wp\/wp-content\/uploads\/2024\/12\/mercadito-300x200.jpg 300w, https:\/\/elperiodicodesaltillo.com\/wp\/wp-content\/uploads\/2024\/12\/mercadito-768x512.jpg 768w, https:\/\/elperiodicodesaltillo.com\/wp\/wp-content\/uploads\/2024\/12\/mercadito-1536x1024.jpg 1536w, https:\/\/elperiodicodesaltillo.com\/wp\/wp-content\/uploads\/2024\/12\/mercadito-2048x1366.jpg 2048w, https:\/\/elperiodicodesaltillo.com\/wp\/wp-content\/uploads\/2024\/12\/mercadito-696x464.jpg 696w, https:\/\/elperiodicodesaltillo.com\/wp\/wp-content\/uploads\/2024\/12\/mercadito-1068x712.jpg 1068w, https:\/\/elperiodicodesaltillo.com\/wp\/wp-content\/uploads\/2024\/12\/mercadito-630x420.jpg 630w\" sizes=\"auto, (max-width: 1024px) 100vw, 1024px\" \/><\/figure>\n<\/div>\n\n\n<p>\u201cEstamos muy contentos por la buena respuesta que hemos tenido por parte de la gente, estaremos al tanto de las condiciones climatol\u00f3gicas que se presenten en todas las regiones, para poder continuar llevando este Mercadito Mejora, un programa que lleg\u00f3 para quedarse\u201d puntualiz\u00f3 Elizondo P\u00e9rez.<\/p>\n\n\n\n<p>Del mismo modo y de manera simult\u00e1nea se dio arranque de estos mercaditos en los municipios de Torre\u00f3n y Abasolo, en donde hubo buena respuesta por parte de las personas.<\/p>\n\n\n\n<p>Las pr\u00f3ximas ediciones de estos Mercaditos Mejora ser\u00e1n el pr\u00f3ximo jueves 12 en el municipio de Escobedo y el viernes 13 en Casta\u00f1os.<\/p>\n\n\n\n<p>Para el gobernador Manolo Jim\u00e9nez Salinas es un tema prioritario atender y mejorar la econom\u00eda de las y los coahuilenses, por ello, su instrucci\u00f3n es clara, y es poder acercar este mercadito a las colonias, barrios y ejidos de todo el estado.<\/p>\n\n\n\n<p>Al arranque del Mercadito Mejora en Saltillo tambi\u00e9n acudieron: Francisco Saracho Navarro, Subsecretario de Gobierno en la Regi\u00f3n Sureste; Enrique Mart\u00ednez y Morales, Secretario de Inclusi\u00f3n y Desarrollo Social; An\u00edbal Sober\u00f3n Rodr\u00edguez, Titular de la Direcci\u00f3n de Desarrollo Social en Saltillo; Eduardo Medrano Aguirre; primer Regidor del ayuntamiento del Municipio de Saltillo; Ignacio Covarrubias Cabello, Subsecretario de Infraestructura Social en la Secretar\u00eda de Inclusi\u00f3n y Desarrollo Social; Jaime Bueno Zertuche, Director del IEEA; Leonardo Jim\u00e9nez Camacho, Director General del COBAC; as\u00ed como miembros del equipo Mejora.<strong>MERCADITO MEJORA DE MANOLO JIM\u00c9NEZ SIGUE APOYANDO A LA ECONOM\u00cdA FAMILIAR<\/strong><\/p>\n\n\n\n<p>\u00b7&nbsp;&nbsp;&nbsp;&nbsp;&nbsp;&nbsp;<strong><em>El Mercadito Mejora se consolida como uno de los programas sociales insignia del gobernador Manolo Jim\u00e9nez Salinas<\/em><\/strong><\/p>\n\n\n\n<p>Saltillo, Coahuila de Zaragoza; a 10 de diciembre de 2024- El Mercadito Mejora, programa del gobernador Manolo Jim\u00e9nez Salinas, contin\u00faa avanzando en esta recta final del 2024, en donde Gabriel Elizondo P\u00e9rez, encabez\u00f3 la edici\u00f3n n\u00famero 28 en el estado de este proyecto que hasta el momento ha beneficiado la econom\u00eda de m\u00e1s de 9 mil familias.<\/p>\n\n\n\n<p>Gabriel Elizondo P\u00e9rez estuvo en la colonia Balcones de las Torres en Saltillo junto con Juan Carlos Villarreal, tesorero del municipio para dar inicio a una edici\u00f3n m\u00e1s de este mercadito, programa que contin\u00faa extendi\u00e9ndose a todas las regiones del estado.<\/p>\n\n\n\n<p>\u201cEstamos muy contentos por la buena respuesta que hemos tenido por parte de la gente, estaremos al tanto de las condiciones climatol\u00f3gicas que se presenten en todas las regiones, para poder continuar llevando este Mercadito Mejora, un programa que lleg\u00f3 para quedarse\u201d puntualiz\u00f3 Elizondo P\u00e9rez.<\/p>\n\n\n\n<p>Del mismo modo y de manera simult\u00e1nea se dio arranque de estos mercaditos en los municipios de Torre\u00f3n y Abasolo, en donde hubo buena respuesta por parte de las personas.<\/p>\n\n\n\n<p>Las pr\u00f3ximas ediciones de estos Mercaditos Mejora ser\u00e1n el pr\u00f3ximo jueves 12 en el municipio de Escobedo y el viernes 13 en Casta\u00f1os.<\/p>\n\n\n\n<p>Para el gobernador Manolo Jim\u00e9nez Salinas es un tema prioritario atender y mejorar la econom\u00eda de las y los coahuilenses, por ello, su instrucci\u00f3n es clara, y es poder acercar este mercadito a las colonias, barrios y ejidos de todo el estado.<\/p>\n\n\n\n<p>Al arranque del Mercadito Mejora en Saltillo tambi\u00e9n acudieron: Francisco Saracho Navarro, Subsecretario de Gobierno en la Regi\u00f3n Sureste; Enrique Mart\u00ednez y Morales, Secretario de Inclusi\u00f3n y Desarrollo Social; An\u00edbal Sober\u00f3n Rodr\u00edguez, Titular de la Direcci\u00f3n de Desarrollo Social en Saltillo; Eduardo Medrano Aguirre; primer Regidor del ayuntamiento del Municipio de Saltillo; Ignacio Covarrubias Cabello, Subsecretario de Infraestructura Social en la Secretar\u00eda de Inclusi\u00f3n y Desarrollo Social; Jaime Bueno Zertuche, Director del IEEA; Leonardo Jim\u00e9nez Camacho, Director General del COBAC; as\u00ed como miembros del equipo Mejora.<\/p>\n","protected":false},"excerpt":{"rendered":"<p>\u00b7&nbsp;&nbsp;&nbsp;&nbsp;&nbsp;&nbsp;El Mercadito Mejora se consolida como uno de los programas sociales insignia del gobernador Manolo Jim\u00e9nez Salinas Saltillo, Coahuila de Zaragoza; a 10 de diciembre de 2024- El Mercadito Mejora, programa del gobernador Manolo Jim\u00e9nez Salinas, contin\u00faa avanzando en esta recta final del 2024, en donde Gabriel Elizondo P\u00e9rez, encabez\u00f3 la edici\u00f3n n\u00famero 28 en [&hellip;]<\/p>\n","protected":false},"author":1,"featured_media":35567,"comment_status":"closed","ping_status":"closed","sticky":false,"template":"","format":"standard","meta":{"footnotes":""},"categories":[21],"tags":[],"class_list":["post-35566","post","type-post","status-publish","format-standard","has-post-thumbnail","hentry","category-coahuila"],"_links":{"self":[{"href":"https:\/\/elperiodicodesaltillo.com\/wp\/wp-json\/wp\/v2\/posts\/35566","targetHints":{"allow":["GET"]}}],"collection":[{"href":"https:\/\/elperiodicodesaltillo.com\/wp\/wp-json\/wp\/v2\/posts"}],"about":[{"href":"https:\/\/elperiodicodesaltillo.com\/wp\/wp-json\/wp\/v2\/types\/post"}],"author":[{"embeddable":true,"href":"https:\/\/elperiodicodesaltillo.com\/wp\/wp-json\/wp\/v2\/users\/1"}],"replies":[{"embeddable":true,"href":"https:\/\/elperiodicodesaltillo.com\/wp\/wp-json\/wp\/v2\/comments?post=35566"}],"version-history":[{"count":1,"href":"https:\/\/elperiodicodesaltillo.com\/wp\/wp-json\/wp\/v2\/posts\/35566\/revisions"}],"predecessor-version":[{"id":35568,"href":"https:\/\/elperiodicodesaltillo.com\/wp\/wp-json\/wp\/v2\/posts\/35566\/revisions\/35568"}],"wp:featuredmedia":[{"embeddable":true,"href":"https:\/\/elperiodicodesaltillo.com\/wp\/wp-json\/wp\/v2\/media\/35567"}],"wp:attachment":[{"href":"https:\/\/elperiodicodesaltillo.com\/wp\/wp-json\/wp\/v2\/media?parent=35566"}],"wp:term":[{"taxonomy":"category","embeddable":true,"href":"https:\/\/elperiodicodesaltillo.com\/wp\/wp-json\/wp\/v2\/categories?post=35566"},{"taxonomy":"post_tag","embeddable":true,"href":"https:\/\/elperiodicodesaltillo.com\/wp\/wp-json\/wp\/v2\/tags?post=35566"}],"curies":[{"name":"wp","href":"https:\/\/api.w.org\/{rel}","templated":true}]}}