{"id":35730,"date":"2024-12-15T17:53:49","date_gmt":"2024-12-15T17:53:49","guid":{"rendered":"https:\/\/elperiodicodesaltillo.com\/wp\/?p=35730"},"modified":"2024-12-17T17:54:14","modified_gmt":"2024-12-17T17:54:14","slug":"evaluan-resultados-y-estrategias-del-operativo-migratorio-en-coahuila","status":"publish","type":"post","link":"https:\/\/elperiodicodesaltillo.com\/wp\/2024\/12\/15\/evaluan-resultados-y-estrategias-del-operativo-migratorio-en-coahuila\/","title":{"rendered":"EVAL\u00daAN RESULTADOS Y ESTRATEGIAS DEL OPERATIVO MIGRATORIO EN COAHUILA"},"content":{"rendered":"\n<p>Piedras Negras, Coahuila de Zaragoza, a 15 de diciembre de 2024.- Siguiendo los acuerdos de la Mesa Estatal de Seguridad, presidida por el Gobernador Manolo Jim\u00e9nez Salinas, se realiz\u00f3 la Reuni\u00f3n de Evaluaci\u00f3n de Resultados y Actualizaci\u00f3n de Estrategias del Operativo Especial Migratorio en Coahuila, con el fin de revisar las acciones y logros alcanzados en 2024 en materia de seguridad migratoria.<\/p>\n\n\n\n<p>Este encuentro cont\u00f3 con la participaci\u00f3n de autoridades de los tres \u00f3rdenes de gobierno encargadas de la seguridad p\u00fablica y migraci\u00f3n, incluyendo representantes de la Patrulla Fronteriza de los Estados Unidos.<\/p>\n\n\n\n<figure class=\"wp-block-image size-large\"><img loading=\"lazy\" decoding=\"async\" width=\"1024\" height=\"684\" src=\"https:\/\/elperiodicodesaltillo.com\/wp\/wp-content\/uploads\/2024\/12\/resultados-1024x684.jpg\" alt=\"\" class=\"wp-image-35731\" srcset=\"https:\/\/elperiodicodesaltillo.com\/wp\/wp-content\/uploads\/2024\/12\/resultados-1024x684.jpg 1024w, https:\/\/elperiodicodesaltillo.com\/wp\/wp-content\/uploads\/2024\/12\/resultados-300x200.jpg 300w, https:\/\/elperiodicodesaltillo.com\/wp\/wp-content\/uploads\/2024\/12\/resultados-768x513.jpg 768w, https:\/\/elperiodicodesaltillo.com\/wp\/wp-content\/uploads\/2024\/12\/resultados-696x465.jpg 696w, https:\/\/elperiodicodesaltillo.com\/wp\/wp-content\/uploads\/2024\/12\/resultados-1068x714.jpg 1068w, https:\/\/elperiodicodesaltillo.com\/wp\/wp-content\/uploads\/2024\/12\/resultados-628x420.jpg 628w, https:\/\/elperiodicodesaltillo.com\/wp\/wp-content\/uploads\/2024\/12\/resultados.jpg 1254w\" sizes=\"auto, (max-width: 1024px) 100vw, 1024px\" \/><\/figure>\n\n\n\n<p>El Secretario de Gobierno, Oscar Pimentel Gonz\u00e1lez, resalt\u00f3 el acuerdo para fortalecer las acciones del operativo migratorio, enfoc\u00e1ndose en el refuerzo de los puestos de control y el seguimiento de investigaciones por parte de la Fiscal\u00eda General de la Rep\u00fablica en coordinaci\u00f3n con el Centro Nacional de Inteligencia, con el prop\u00f3sito de desmantelar redes criminales involucradas en el tr\u00e1fico de personas.<\/p>\n\n\n\n<p>Este operativo cuenta con la colaboraci\u00f3n de la Secretar\u00eda de Seguridad P\u00fablica de Coahuila, las Fiscal\u00edas General del Estado y General de la Rep\u00fablica, el Instituto Nacional de Migraci\u00f3n, el Centro Nacional de Inteligencia, la Guardia Nacional y las Zonas Militares 6\u00aa y 47\u00aa.<\/p>\n\n\n\n<p>Anticipando posibles deportaciones masivas de migrantes desde Estados Unidos hacia M\u00e9xico, se acord\u00f3 reforzar la atenci\u00f3n a repatriados, tanto connacionales como extranjeros, asegurando el respeto a sus derechos humanos.&nbsp;<\/p>\n\n\n\n<p>Se fortalecer\u00e1n los puntos de repatriaci\u00f3n y procesamiento humanitario a cargo del Instituto Nacional de Migraci\u00f3n en la regi\u00f3n, as\u00ed como los albergues destinados a alojar temporalmente a migrantes mientras se organizan sus traslados.<\/p>\n\n\n\n<p>Se mantiene una coordinaci\u00f3n estrecha con la Patrulla Fronteriza y los c\u00f3nsules de M\u00e9xico en Eagle Pass y Del R\u00edo, Texas, para atender casos especiales, como menores de edad no acompa\u00f1ados y personas en situaci\u00f3n de vulnerabilidad. La respuesta a las deportaciones ser\u00e1 integral, abarcando aspectos humanitarios, econ\u00f3micos y sociales.<\/p>\n\n\n\n<p>El Gobierno de Coahuila, liderado por el Gobernador Manolo Jim\u00e9nez Salinas, continuar\u00e1 su colaboraci\u00f3n estrecha con las autoridades federales y municipales para enfrentar los desaf\u00edos del flujo migratorio y fortalecer la seguridad regional.<\/p>\n\n\n\n<p>En este encuentro estuvieron presentes Norma Trevi\u00f1o Galindo, alcaldesa de Piedras Negras; Hugo Eduardo Guti\u00e9rrez Rodr\u00edguez, Secretario de Seguridad P\u00fablica del Estado; Sonia Villarreal P\u00e9rez, Subsecretaria de Gobierno en la Regi\u00f3n Norte; Claudio Bres, Comisionado para la relaci\u00f3n bilateral Coahuila-Texas; por parte de la Secretar\u00eda de la Defensa Nacional, estuvieron presentes el Gral. Jos\u00e9 Luis Cruz Aguilar, comandante de la 47\u00aa Zona Militar, y el Gral. Jos\u00e9 Luis Sedano Ram\u00edrez, Coordinador Estatal de la Guardia Nacional.<\/p>\n","protected":false},"excerpt":{"rendered":"<p>Piedras Negras, Coahuila de Zaragoza, a 15 de diciembre de 2024.- Siguiendo los acuerdos de la Mesa Estatal de Seguridad, presidida por el Gobernador Manolo Jim\u00e9nez Salinas, se realiz\u00f3 la Reuni\u00f3n de Evaluaci\u00f3n de Resultados y Actualizaci\u00f3n de Estrategias del Operativo Especial Migratorio en Coahuila, con el fin de revisar las acciones y logros alcanzados [&hellip;]<\/p>\n","protected":false},"author":1,"featured_media":35731,"comment_status":"closed","ping_status":"closed","sticky":false,"template":"","format":"standard","meta":{"footnotes":""},"categories":[21],"tags":[],"class_list":["post-35730","post","type-post","status-publish","format-standard","has-post-thumbnail","hentry","category-coahuila"],"_links":{"self":[{"href":"https:\/\/elperiodicodesaltillo.com\/wp\/wp-json\/wp\/v2\/posts\/35730","targetHints":{"allow":["GET"]}}],"collection":[{"href":"https:\/\/elperiodicodesaltillo.com\/wp\/wp-json\/wp\/v2\/posts"}],"about":[{"href":"https:\/\/elperiodicodesaltillo.com\/wp\/wp-json\/wp\/v2\/types\/post"}],"author":[{"embeddable":true,"href":"https:\/\/elperiodicodesaltillo.com\/wp\/wp-json\/wp\/v2\/users\/1"}],"replies":[{"embeddable":true,"href":"https:\/\/elperiodicodesaltillo.com\/wp\/wp-json\/wp\/v2\/comments?post=35730"}],"version-history":[{"count":1,"href":"https:\/\/elperiodicodesaltillo.com\/wp\/wp-json\/wp\/v2\/posts\/35730\/revisions"}],"predecessor-version":[{"id":35732,"href":"https:\/\/elperiodicodesaltillo.com\/wp\/wp-json\/wp\/v2\/posts\/35730\/revisions\/35732"}],"wp:featuredmedia":[{"embeddable":true,"href":"https:\/\/elperiodicodesaltillo.com\/wp\/wp-json\/wp\/v2\/media\/35731"}],"wp:attachment":[{"href":"https:\/\/elperiodicodesaltillo.com\/wp\/wp-json\/wp\/v2\/media?parent=35730"}],"wp:term":[{"taxonomy":"category","embeddable":true,"href":"https:\/\/elperiodicodesaltillo.com\/wp\/wp-json\/wp\/v2\/categories?post=35730"},{"taxonomy":"post_tag","embeddable":true,"href":"https:\/\/elperiodicodesaltillo.com\/wp\/wp-json\/wp\/v2\/tags?post=35730"}],"curies":[{"name":"wp","href":"https:\/\/api.w.org\/{rel}","templated":true}]}}