{"id":35755,"date":"2024-12-19T21:44:17","date_gmt":"2024-12-19T21:44:17","guid":{"rendered":"https:\/\/elperiodicodesaltillo.com\/wp\/?p=35755"},"modified":"2024-12-19T21:44:17","modified_gmt":"2024-12-19T21:44:17","slug":"dan-a-conocer-a-ganadores-de-fotogramas-del-desierto","status":"publish","type":"post","link":"https:\/\/elperiodicodesaltillo.com\/wp\/2024\/12\/19\/dan-a-conocer-a-ganadores-de-fotogramas-del-desierto\/","title":{"rendered":"DAN A CONOCER A GANADORES DE \u201cFOTOGRAMAS DEL DESIERTO\u201d"},"content":{"rendered":"\n<p>Torre\u00f3n, Coahuila de Zaragoza; a 19 de diciembre de 2024.- Cuatro interesantes proyectos resultaron ganadores como resultado de la convocatoria \u201cFotogramas del Desierto\u201d emitida por el Gobierno de Coahuila a trav\u00e9s de su Secretar\u00eda de Cultura en el mes de abril.<\/p>\n\n\n\n<p>La mencionada convocatoria, cuyos objetivos son estimular la producci\u00f3n cinematogr\u00e1fica, generar din\u00e1micas laborales en la entidad para el sector cinematogr\u00e1fico y difundir y promover los productos cinematogr\u00e1ficos que generan los coahuilenses con las caracter\u00edsticas suficientes para competir y hacerse presentes a nivel nacional, recibi\u00f3 nueve propuestas de Cineminuto en la categor\u00eda de J\u00f3venes Creadores, y 16 carpetas cinematogr\u00e1ficas para Cortometrajes en la categor\u00eda Creador(a) con Trayectoria.<\/p>\n\n\n\n<figure class=\"wp-block-image size-large\"><img loading=\"lazy\" decoding=\"async\" width=\"1024\" height=\"626\" src=\"https:\/\/elperiodicodesaltillo.com\/wp\/wp-content\/uploads\/2024\/12\/foto-1024x626.jpg\" alt=\"\" class=\"wp-image-35756\" srcset=\"https:\/\/elperiodicodesaltillo.com\/wp\/wp-content\/uploads\/2024\/12\/foto-1024x626.jpg 1024w, https:\/\/elperiodicodesaltillo.com\/wp\/wp-content\/uploads\/2024\/12\/foto-300x183.jpg 300w, https:\/\/elperiodicodesaltillo.com\/wp\/wp-content\/uploads\/2024\/12\/foto-768x469.jpg 768w, https:\/\/elperiodicodesaltillo.com\/wp\/wp-content\/uploads\/2024\/12\/foto-696x425.jpg 696w, https:\/\/elperiodicodesaltillo.com\/wp\/wp-content\/uploads\/2024\/12\/foto-1068x652.jpg 1068w, https:\/\/elperiodicodesaltillo.com\/wp\/wp-content\/uploads\/2024\/12\/foto-687x420.jpg 687w, https:\/\/elperiodicodesaltillo.com\/wp\/wp-content\/uploads\/2024\/12\/foto.jpg 1280w\" sizes=\"auto, (max-width: 1024px) 100vw, 1024px\" \/><\/figure>\n\n\n\n<p>La secretaria de Cultura en la entidad, Esther Quintana, mencion\u00f3 que se tuvo una bolsa total de 370 mil pesos que se otorgan en dos est\u00edmulos econ\u00f3micos de 160 mil pesos cada uno en la Categor\u00eda Creador(a) con Trayectoria: y dos est\u00edmulos econ\u00f3micos de 25 mil pesos cada uno en la categor\u00eda de J\u00f3venes Creadores.<\/p>\n\n\n\n<p>Quintana Salinas manifest\u00f3 que en la producci\u00f3n y realizaci\u00f3n de estos cuatro proyectos audiovisuales participaron m\u00e1s de 80 creadoras, creadores, artistas, y t\u00e9cnicos cuyo producto iniciar\u00e1 su recorrido y participaci\u00f3n en diferentes escenarios, muestras y festivales de cine donde podr\u00e1n ser apreciados a nivel nacional e internacional.&nbsp;&nbsp;<\/p>\n\n\n\n<p>Los cineastas ganadores en la categor\u00eda de Creadores con Trayectoria son: N\u00e9lida Victoria Garza Ramos, con \u201cLa Mujer Cara de Caballo\u201d; y Julio Bayron Norman Valles con \u201cFuerza de H\u00e1bito\u201d.<\/p>\n\n\n\n<p>Adem\u00e1s de los cineminutos \u201cRegreso antes de las 12\u201d, de Erin Andrea Bates Barreto; y \u201cEl Cerillito\u201d, de Alex Mart\u00edn Valles Mendoza, quienes, con su ingenio y creatividad, fueron premiados en la categor\u00eda de Nuevos creadores<\/p>\n\n\n\n<p>Esther Quintana dijo que para el gobierno que encabeza Manolo Jim\u00e9nez Salinas, la cultura es parte importante del desarrollo humano de los habitantes de este gran estado que va \u201cpa\u00b4delante\u201d, y el cine es una de las expresiones art\u00edsticas que nos invita a echar una mirada a las distintas formas de ver la vida y expresar las ideas de sus realizadores.<\/p>\n\n\n\n<p>Mediante la convocatoria Fotogramas del Desierto se impulsa la producci\u00f3n cinematogr\u00e1fica coahuilense, permitiendo la participaci\u00f3n de los ganadores en muestras y festivales de cine nacionales e internacionales.&nbsp;<\/p>\n\n\n\n<p>\u201cEstas producciones que hoy disfrutamos dan muestra de la calidad y el talento que tienen las y los creadores audiovisuales de Coahuila. Felicidades a las y los ganadores, esperamos que su ejemplo y trabajo sean el impulso para que los creadores cinematogr\u00e1ficos coahuilenses contin\u00faen participando en esta y otras convocatorias para seguir impulsando la producci\u00f3n en esta disciplina art\u00edstica\u201d, expres\u00f3 la secretaria de Cultura coahuilense.<\/p>\n","protected":false},"excerpt":{"rendered":"<p>Torre\u00f3n, Coahuila de Zaragoza; a 19 de diciembre de 2024.- Cuatro interesantes proyectos resultaron ganadores como resultado de la convocatoria \u201cFotogramas del Desierto\u201d emitida por el Gobierno de Coahuila a trav\u00e9s de su Secretar\u00eda de Cultura en el mes de abril. La mencionada convocatoria, cuyos objetivos son estimular la producci\u00f3n cinematogr\u00e1fica, generar din\u00e1micas laborales en [&hellip;]<\/p>\n","protected":false},"author":1,"featured_media":35756,"comment_status":"closed","ping_status":"closed","sticky":false,"template":"","format":"standard","meta":{"footnotes":""},"categories":[21],"tags":[],"class_list":["post-35755","post","type-post","status-publish","format-standard","has-post-thumbnail","hentry","category-coahuila"],"_links":{"self":[{"href":"https:\/\/elperiodicodesaltillo.com\/wp\/wp-json\/wp\/v2\/posts\/35755","targetHints":{"allow":["GET"]}}],"collection":[{"href":"https:\/\/elperiodicodesaltillo.com\/wp\/wp-json\/wp\/v2\/posts"}],"about":[{"href":"https:\/\/elperiodicodesaltillo.com\/wp\/wp-json\/wp\/v2\/types\/post"}],"author":[{"embeddable":true,"href":"https:\/\/elperiodicodesaltillo.com\/wp\/wp-json\/wp\/v2\/users\/1"}],"replies":[{"embeddable":true,"href":"https:\/\/elperiodicodesaltillo.com\/wp\/wp-json\/wp\/v2\/comments?post=35755"}],"version-history":[{"count":1,"href":"https:\/\/elperiodicodesaltillo.com\/wp\/wp-json\/wp\/v2\/posts\/35755\/revisions"}],"predecessor-version":[{"id":35757,"href":"https:\/\/elperiodicodesaltillo.com\/wp\/wp-json\/wp\/v2\/posts\/35755\/revisions\/35757"}],"wp:featuredmedia":[{"embeddable":true,"href":"https:\/\/elperiodicodesaltillo.com\/wp\/wp-json\/wp\/v2\/media\/35756"}],"wp:attachment":[{"href":"https:\/\/elperiodicodesaltillo.com\/wp\/wp-json\/wp\/v2\/media?parent=35755"}],"wp:term":[{"taxonomy":"category","embeddable":true,"href":"https:\/\/elperiodicodesaltillo.com\/wp\/wp-json\/wp\/v2\/categories?post=35755"},{"taxonomy":"post_tag","embeddable":true,"href":"https:\/\/elperiodicodesaltillo.com\/wp\/wp-json\/wp\/v2\/tags?post=35755"}],"curies":[{"name":"wp","href":"https:\/\/api.w.org\/{rel}","templated":true}]}}