{"id":36261,"date":"2025-01-22T14:43:50","date_gmt":"2025-01-22T14:43:50","guid":{"rendered":"https:\/\/elperiodicodesaltillo.com\/wp\/?p=36261"},"modified":"2025-01-23T14:47:29","modified_gmt":"2025-01-23T14:47:29","slug":"estamos-listos-para-seguir-mejorando-la-calidad-de-vida-de-nuestra-gente-manolo","status":"publish","type":"post","link":"https:\/\/elperiodicodesaltillo.com\/wp\/2025\/01\/22\/estamos-listos-para-seguir-mejorando-la-calidad-de-vida-de-nuestra-gente-manolo\/","title":{"rendered":"ESTAMOS LISTOS PARA SEGUIR MEJORANDO LA CALIDAD DE VIDA DE NUESTRA GENTE: MANOLO"},"content":{"rendered":"\n<p>Encabeza gobernador reuni\u00f3n de gabinete para reforzar estrategias de los programas, obras y proyectos de este 2025<\/p>\n\n\n\n<p>Saltillo, Coahuila de Zaragoza; a 22 de enero de 2025.- El gobernador Manolo Jim\u00e9nez Salinas presidi\u00f3 la sexta reuni\u00f3n de gabinete en la que se le dio seguimiento a los programas, obras y proyectos que cada secretar\u00eda tiene planeados para todo 2025, se revis\u00f3 la agenda de trabajo para el corto plazo, y se reiter\u00f3 la prioridad de estar cercanos con las y los coahuilenses.<\/p>\n\n\n\n<figure class=\"wp-block-image size-large\"><img loading=\"lazy\" decoding=\"async\" width=\"1024\" height=\"684\" src=\"https:\/\/elperiodicodesaltillo.com\/wp\/wp-content\/uploads\/2025\/01\/listos-1024x684.jpg\" alt=\"\" class=\"wp-image-36262\" srcset=\"https:\/\/elperiodicodesaltillo.com\/wp\/wp-content\/uploads\/2025\/01\/listos-1024x684.jpg 1024w, https:\/\/elperiodicodesaltillo.com\/wp\/wp-content\/uploads\/2025\/01\/listos-300x200.jpg 300w, https:\/\/elperiodicodesaltillo.com\/wp\/wp-content\/uploads\/2025\/01\/listos-768x513.jpg 768w, https:\/\/elperiodicodesaltillo.com\/wp\/wp-content\/uploads\/2025\/01\/listos-1536x1025.jpg 1536w, https:\/\/elperiodicodesaltillo.com\/wp\/wp-content\/uploads\/2025\/01\/listos-696x465.jpg 696w, https:\/\/elperiodicodesaltillo.com\/wp\/wp-content\/uploads\/2025\/01\/listos-1068x713.jpg 1068w, https:\/\/elperiodicodesaltillo.com\/wp\/wp-content\/uploads\/2025\/01\/listos-629x420.jpg 629w, https:\/\/elperiodicodesaltillo.com\/wp\/wp-content\/uploads\/2025\/01\/listos.jpg 1600w\" sizes=\"auto, (max-width: 1024px) 100vw, 1024px\" \/><\/figure>\n\n\n\n<p>\u00abTuvimos una excelente reuni\u00f3n de Gabinete con nuestro gran equipo de trabajo, con quienes estuvimos revisando los proyectos, programas y obras que vienen para Coahuila en este 2025. \u00a1Vamos con todo pa&#8217; delante a pasos de gigante\u00bb, se\u00f1al\u00f3.<\/p>\n\n\n\n<p>El Mandatario estatal destac\u00f3 la importancia de este tipo de reuniones en las que est\u00e1n presentes todas y todos los titulares de las diferentes dependencias de la administraci\u00f3n estatal, ya que es una oportunidad para que est\u00e9n informados sobre las acciones que se llevan a cabo dentro del gobierno en general, y de esta manera, estar todas y todos en sinton\u00eda.<\/p>\n\n\n\n<p>Agradeci\u00f3 el apoyo de todas las diversas secretar\u00edas y dependencias en 2024, y les exhort\u00f3 a redoblar esfuerzos en este 2025, para llegar fortalecidos al final del a\u00f1o con objetivos, metas y compromisos cumplidos.<\/p>\n\n\n\n<p>De la misma manera, pidi\u00f3 a todos quienes conforman su gabinete legal y ampliado a mantener la cercan\u00eda con la gente y atender las necesidades de las y los coahuilenses en sus respectivos \u00e1mbitos de trabajo.<\/p>\n\n\n\n<p>\u201cEstas reuniones, en las que estamos todas y todos, son importantes para estar en sinton\u00eda y que tengamos una idea de lo que estamos haciendo como gobierno en lo general, y ver todos aquellos proyectos, obras y programas en los que tenemos que trabajar en equipo entre las diferentes dependencias; cu\u00e1les son los objetivos principales, los proyectos insignia, y qu\u00e9 es lo que en su momento queremos informar en nuestro segundo informe de gobierno, all\u00e1 por el mes de noviembre de 2025\u201d, coment\u00f3.<\/p>\n\n\n\n<p>Manolo Jim\u00e9nez felicit\u00f3 a los titulares de todas las secretar\u00edas por el gran trabajo realizado a lo largo de 2024, y mencion\u00f3 que este 2025 vienen nuevos retos para el estado y para el pa\u00eds, como los temas econ\u00f3mico y el migratorio, ante el cambio de administraci\u00f3n en los Estados Unidos.<\/p>\n\n\n\n<p>Blas Jos\u00e9 Flores Gonz\u00e1lez, jefe de Gabinete y Proyectos Estrat\u00e9gicos, enumer\u00f3 uno a uno los proyectos y programas que cada secretar\u00eda tiene planeado detonar o darle continuidad en 2025, y se expusieron, adem\u00e1s, los compromisos que el gobernador tienen en el corto plazo.<\/p>\n","protected":false},"excerpt":{"rendered":"<p>Encabeza gobernador reuni\u00f3n de gabinete para reforzar estrategias de los programas, obras y proyectos de este 2025 Saltillo, Coahuila de Zaragoza; a 22 de enero de 2025.- El gobernador Manolo Jim\u00e9nez Salinas presidi\u00f3 la sexta reuni\u00f3n de gabinete en la que se le dio seguimiento a los programas, obras y proyectos que cada secretar\u00eda tiene [&hellip;]<\/p>\n","protected":false},"author":1,"featured_media":36262,"comment_status":"closed","ping_status":"closed","sticky":false,"template":"","format":"standard","meta":{"footnotes":""},"categories":[21],"tags":[],"class_list":["post-36261","post","type-post","status-publish","format-standard","has-post-thumbnail","hentry","category-coahuila"],"_links":{"self":[{"href":"https:\/\/elperiodicodesaltillo.com\/wp\/wp-json\/wp\/v2\/posts\/36261","targetHints":{"allow":["GET"]}}],"collection":[{"href":"https:\/\/elperiodicodesaltillo.com\/wp\/wp-json\/wp\/v2\/posts"}],"about":[{"href":"https:\/\/elperiodicodesaltillo.com\/wp\/wp-json\/wp\/v2\/types\/post"}],"author":[{"embeddable":true,"href":"https:\/\/elperiodicodesaltillo.com\/wp\/wp-json\/wp\/v2\/users\/1"}],"replies":[{"embeddable":true,"href":"https:\/\/elperiodicodesaltillo.com\/wp\/wp-json\/wp\/v2\/comments?post=36261"}],"version-history":[{"count":1,"href":"https:\/\/elperiodicodesaltillo.com\/wp\/wp-json\/wp\/v2\/posts\/36261\/revisions"}],"predecessor-version":[{"id":36263,"href":"https:\/\/elperiodicodesaltillo.com\/wp\/wp-json\/wp\/v2\/posts\/36261\/revisions\/36263"}],"wp:featuredmedia":[{"embeddable":true,"href":"https:\/\/elperiodicodesaltillo.com\/wp\/wp-json\/wp\/v2\/media\/36262"}],"wp:attachment":[{"href":"https:\/\/elperiodicodesaltillo.com\/wp\/wp-json\/wp\/v2\/media?parent=36261"}],"wp:term":[{"taxonomy":"category","embeddable":true,"href":"https:\/\/elperiodicodesaltillo.com\/wp\/wp-json\/wp\/v2\/categories?post=36261"},{"taxonomy":"post_tag","embeddable":true,"href":"https:\/\/elperiodicodesaltillo.com\/wp\/wp-json\/wp\/v2\/tags?post=36261"}],"curies":[{"name":"wp","href":"https:\/\/api.w.org\/{rel}","templated":true}]}}