{"id":36311,"date":"2025-01-24T15:49:54","date_gmt":"2025-01-24T15:49:54","guid":{"rendered":"https:\/\/elperiodicodesaltillo.com\/wp\/?p=36311"},"modified":"2025-01-27T15:50:16","modified_gmt":"2025-01-27T15:50:16","slug":"trabajando-sociedad-y-gobierno-mejoramos-la-educacion-en-coahuila","status":"publish","type":"post","link":"https:\/\/elperiodicodesaltillo.com\/wp\/2025\/01\/24\/trabajando-sociedad-y-gobierno-mejoramos-la-educacion-en-coahuila\/","title":{"rendered":"TRABAJANDO SOCIEDAD Y GOBIERNO, MEJORAMOS LA EDUCACI\u00d3N EN COAHUILA"},"content":{"rendered":"\n<p>\u00b7&nbsp;&nbsp;&nbsp;&nbsp;&nbsp;&nbsp;<strong><em>Se inaugura en Torre\u00f3n el Instituto SIMSA LUZAC Campus \u00abMiriam Tafich de Issa\u00bb<\/em><\/strong><\/p>\n\n\n\n<p>Torre\u00f3n, Coahuila de Zaragoza; a 24 de Enero de 2024.- Al inaugurar el Instituto Simsa Luzac, Campos \u201cMiriam Tafich de Issa\u201d, el gobernador de Coahuila, Manolo Jim\u00e9nez Salinas, expres\u00f3 que la educaci\u00f3n es la herramienta m\u00e1s poderosa que le podemos dar a nuestros ni\u00f1os.<\/p>\n\n\n\n<p>\u00abSeguimos trabajando en equipo sociedad y gobierno, para bien de Coahuila. En el marco del D\u00eda Internacional de la Educaci\u00f3n, inauguramos el campus \u201cMiriam Tafich de Issa\u201d del Instituto Simsa Luzac, en honor a una gran mujer lagunera. Este es un gran espacio que brindar\u00e1 m\u00e1s oportunidades y una oferta educativa de excelencia para nuestros j\u00f3venes de La Laguna. Felicidades a las familias Issa y Tricio por esta gran iniciativa\u00bb, se\u00f1al\u00f3.<\/p>\n\n\n\n<figure class=\"wp-block-image size-large\"><img loading=\"lazy\" decoding=\"async\" width=\"1024\" height=\"684\" src=\"https:\/\/elperiodicodesaltillo.com\/wp\/wp-content\/uploads\/2025\/01\/trabajo-1024x684.jpg\" alt=\"\" class=\"wp-image-36312\" srcset=\"https:\/\/elperiodicodesaltillo.com\/wp\/wp-content\/uploads\/2025\/01\/trabajo-1024x684.jpg 1024w, https:\/\/elperiodicodesaltillo.com\/wp\/wp-content\/uploads\/2025\/01\/trabajo-300x200.jpg 300w, https:\/\/elperiodicodesaltillo.com\/wp\/wp-content\/uploads\/2025\/01\/trabajo-768x513.jpg 768w, https:\/\/elperiodicodesaltillo.com\/wp\/wp-content\/uploads\/2025\/01\/trabajo-696x465.jpg 696w, https:\/\/elperiodicodesaltillo.com\/wp\/wp-content\/uploads\/2025\/01\/trabajo-1068x713.jpg 1068w, https:\/\/elperiodicodesaltillo.com\/wp\/wp-content\/uploads\/2025\/01\/trabajo-629x420.jpg 629w, https:\/\/elperiodicodesaltillo.com\/wp\/wp-content\/uploads\/2025\/01\/trabajo.jpg 1080w\" sizes=\"auto, (max-width: 1024px) 100vw, 1024px\" \/><\/figure>\n\n\n\n<p>De igual manera reconoci\u00f3 a toda la familia Tricio, toda vez que las escuelas SER nacieron con la intenci\u00f3n de seguir fortaleciendo a la regi\u00f3n y hoy cuentan con 26 planteles que est\u00e1n educando con una calidad de primera a cinco mil ni\u00f1as y ni\u00f1os de todo M\u00e9xico.<\/p>\n\n\n\n<p>\u201cEs impresionante el nivel educativo y por eso los premios en matem\u00e1ticas, f\u00edsica y qu\u00edmica que han recibido; la educaci\u00f3n es la herramienta m\u00e1s poderosa que le podemos dar a nuestros ni\u00f1os, en el caso de Coahuila pueden trabajar aqu\u00ed en empresas estadounidenses, canadienses y eso les cambia la vida por completo\u201d, indic\u00f3.<\/p>\n\n\n\n<p>Hizo \u00e9nfasis en que todo comenz\u00f3 con una semilla, con la de la educaci\u00f3n, lo que se traduce en nuevo horizonte para ni\u00f1os y j\u00f3venes, una vez m\u00e1s, felicit\u00f3 a las familias Issa y Tricio por esta preparatoria.<\/p>\n\n\n\n<p>Jim\u00e9nez Salinas agreg\u00f3 que el trabajo en equipo entre sociedad y gobierno es la mejor f\u00f3rmula para que Coahuila se mantenga en los primeros lugares en desarrollo econ\u00f3mico, seguridad y calidad, trabajando en unidad.<\/p>\n\n\n\n<p>\u201cTodos entendemos que Torre\u00f3n, La Laguna y Coahuila son mucho m\u00e1s grandes que nosotros y que puede haber diferencias religiosas, deportivas, empresariales o pol\u00edticas, pero el punto de encuentro es esta ciudad, la regi\u00f3n, la entidad y M\u00e9xico. Trabajamos en equipo para que nos vaya muy bien\u201d.<\/p>\n\n\n\n<p>Como ejemplo expuso los recientes resultados de la encuesta del ENSU del INEGI que demuestra que somos uno de los tres Estados m\u00e1s seguros del pa\u00eds, \u201ctenemos tres de las 15 ciudades m\u00e1s seguras, se tiene la frontera y la capital m\u00e1s segura de M\u00e9xico y esto es porque trabajamos en equipo todas las instituciones de seguridad para poder blindar nuestro Estado, no ha sido f\u00e1cil y nunca podemos darlo por hecho\u201d.<\/p>\n\n\n\n<p>Por su parte, Eduardo Tricio Haro, Presidente del Consejo de Administraci\u00f3n del Grupo Lala, S.A. de C.V. y de la red de escuelas SER (Superaci\u00f3n, Excelencia y Resultado) coment\u00f3 que este es un evento muy importante y si algo puede contribuir a mejorar comunidades enteras, dijo, es la educaci\u00f3n.<\/p>\n\n\n\n<p>Expres\u00f3 que nacer en un hogar con carencias econ\u00f3micas, no debe destinar a los ni\u00f1os a una vida de oportunidades limitadas, por lo que hace 12 a\u00f1os iniciaron un proyecto piloto con 26 ni\u00f1os y hoy tienen 26 escuelas con cinco mil ni\u00f1os en diferentes lugares del pa\u00eds.<\/p>\n\n\n\n<p>\u00abEn SER se est\u00e1 logrando que el 87 por ciento de los estudiantes ingresen a las universidades, hoy nos da mucho gusto estar en la inauguraci\u00f3n de la primera preparatoria de la red SER en La Laguna y que alegr\u00eda que lleve el nombre de quien ha ense\u00f1ado con el ejemplo, Miriam Tafich de Issa\u201d.<\/p>\n\n\n\n<p>Agreg\u00f3 que con esta preparatoria se busca continuar el camino de excelencia y&nbsp;&nbsp;el sue\u00f1o de tener una Laguna, un Coahuila y un M\u00e9xico con m\u00e1s personas de bien \u201creitero mi agradecimiento a toda la familia Issa Tafich y a todo el Grupo Simsa por su generosidad y compromiso con la red de escuelas SER\u201d.<\/p>\n\n\n\n<p>Instituto Simsa Luzac abre sus puertas con un amplio sentido de responsabilidad social, tradici\u00f3n y el compromiso de ampliar la oferta educativa de excelencia a la juventud de la comarca lagunera.&nbsp;<\/p>\n\n\n\n<p>En el evento estuvieron Paola Rodr\u00edguez L\u00f3pez, Presidenta Honoraria de la Oficina Inspira Coahuila; Francisco Rodr\u00edguez Cervantes, Presidente del Consejo Coordinador Empresarial y la se\u00f1ora Miriam Tafich de Issa, de quien el plantel lleva el nombre.&nbsp;<\/p>\n\n\n\n<p>As\u00ed como Nesim Issa Tafich, de Grupo Simsa; al igual que Salom\u00f3n Issa Tafich, Marlene Issa Tafich, Miriam Issa Tafich y Mari\u00e1ngeles Tricio Haro; funcionarios estatales, municipales, empresarios, sociedad civil en general y estudiantes de la primera generaci\u00f3n de este instituto.&nbsp;<\/p>\n","protected":false},"excerpt":{"rendered":"<p>\u00b7&nbsp;&nbsp;&nbsp;&nbsp;&nbsp;&nbsp;Se inaugura en Torre\u00f3n el Instituto SIMSA LUZAC Campus \u00abMiriam Tafich de Issa\u00bb Torre\u00f3n, Coahuila de Zaragoza; a 24 de Enero de 2024.- Al inaugurar el Instituto Simsa Luzac, Campos \u201cMiriam Tafich de Issa\u201d, el gobernador de Coahuila, Manolo Jim\u00e9nez Salinas, expres\u00f3 que la educaci\u00f3n es la herramienta m\u00e1s poderosa que le podemos dar a [&hellip;]<\/p>\n","protected":false},"author":1,"featured_media":36312,"comment_status":"closed","ping_status":"closed","sticky":false,"template":"","format":"standard","meta":{"footnotes":""},"categories":[21],"tags":[],"class_list":["post-36311","post","type-post","status-publish","format-standard","has-post-thumbnail","hentry","category-coahuila"],"_links":{"self":[{"href":"https:\/\/elperiodicodesaltillo.com\/wp\/wp-json\/wp\/v2\/posts\/36311","targetHints":{"allow":["GET"]}}],"collection":[{"href":"https:\/\/elperiodicodesaltillo.com\/wp\/wp-json\/wp\/v2\/posts"}],"about":[{"href":"https:\/\/elperiodicodesaltillo.com\/wp\/wp-json\/wp\/v2\/types\/post"}],"author":[{"embeddable":true,"href":"https:\/\/elperiodicodesaltillo.com\/wp\/wp-json\/wp\/v2\/users\/1"}],"replies":[{"embeddable":true,"href":"https:\/\/elperiodicodesaltillo.com\/wp\/wp-json\/wp\/v2\/comments?post=36311"}],"version-history":[{"count":1,"href":"https:\/\/elperiodicodesaltillo.com\/wp\/wp-json\/wp\/v2\/posts\/36311\/revisions"}],"predecessor-version":[{"id":36313,"href":"https:\/\/elperiodicodesaltillo.com\/wp\/wp-json\/wp\/v2\/posts\/36311\/revisions\/36313"}],"wp:featuredmedia":[{"embeddable":true,"href":"https:\/\/elperiodicodesaltillo.com\/wp\/wp-json\/wp\/v2\/media\/36312"}],"wp:attachment":[{"href":"https:\/\/elperiodicodesaltillo.com\/wp\/wp-json\/wp\/v2\/media?parent=36311"}],"wp:term":[{"taxonomy":"category","embeddable":true,"href":"https:\/\/elperiodicodesaltillo.com\/wp\/wp-json\/wp\/v2\/categories?post=36311"},{"taxonomy":"post_tag","embeddable":true,"href":"https:\/\/elperiodicodesaltillo.com\/wp\/wp-json\/wp\/v2\/tags?post=36311"}],"curies":[{"name":"wp","href":"https:\/\/api.w.org\/{rel}","templated":true}]}}