{"id":36558,"date":"2025-02-05T14:14:02","date_gmt":"2025-02-05T14:14:02","guid":{"rendered":"https:\/\/elperiodicodesaltillo.com\/wp\/?p=36558"},"modified":"2025-02-07T14:14:39","modified_gmt":"2025-02-07T14:14:39","slug":"unen-esfuerzos-dif-coahuila-y-filarmonica-del-desierto-por-ninas-y-ninos-con-discapacidad-auditiva","status":"publish","type":"post","link":"https:\/\/elperiodicodesaltillo.com\/wp\/2025\/02\/05\/unen-esfuerzos-dif-coahuila-y-filarmonica-del-desierto-por-ninas-y-ninos-con-discapacidad-auditiva\/","title":{"rendered":"UNEN ESFUERZOS DIF COAHUILA Y FILARM\u00d3NICA DEL DESIERTO POR NI\u00d1AS Y NI\u00d1OS CON DISCAPACIDAD AUDITIVA"},"content":{"rendered":"\n<p>\u00b7&nbsp;&nbsp;&nbsp;&nbsp;&nbsp;&nbsp;<strong><em>Llevar\u00e1n a cabo concierto \u00abHarry Potter\u00bb con la Orquesta Filarm\u00f3nica del Desierto en Saltillo, Monclova y Piedras Negras para recaudar fondos<\/em><\/strong><\/p>\n\n\n\n<p>Saltillo, Coahuila de Zaragoza; a 05 de febrero de 2025.- La magia de Harry Potter llegar\u00e1 a las ciudades de Piedras Negras, Monclova y Saltillo con un espectacular concierto sinf\u00f3nico a cargo de la Orquesta Filarm\u00f3nica del Desierto, dirigida por el maestro Natanael Espinoza. Este evento tiene un noble prop\u00f3sito: la totalidad de los ingresos ser\u00e1 destinada a cirug\u00edas para ni\u00f1as, ni\u00f1os y adolescentes con discapacidad auditiva, inform\u00f3 el director general del DIF Coahuila, Alejandro Cepeda Vald\u00e9s.<\/p>\n\n\n\n<figure class=\"wp-block-image size-large\"><img loading=\"lazy\" decoding=\"async\" width=\"1024\" height=\"682\" src=\"https:\/\/elperiodicodesaltillo.com\/wp\/wp-content\/uploads\/2025\/02\/dif-1024x682.jpg\" alt=\"\" class=\"wp-image-36559\" srcset=\"https:\/\/elperiodicodesaltillo.com\/wp\/wp-content\/uploads\/2025\/02\/dif-1024x682.jpg 1024w, https:\/\/elperiodicodesaltillo.com\/wp\/wp-content\/uploads\/2025\/02\/dif-300x200.jpg 300w, https:\/\/elperiodicodesaltillo.com\/wp\/wp-content\/uploads\/2025\/02\/dif-768x512.jpg 768w, https:\/\/elperiodicodesaltillo.com\/wp\/wp-content\/uploads\/2025\/02\/dif-1536x1023.jpg 1536w, https:\/\/elperiodicodesaltillo.com\/wp\/wp-content\/uploads\/2025\/02\/dif-696x464.jpg 696w, https:\/\/elperiodicodesaltillo.com\/wp\/wp-content\/uploads\/2025\/02\/dif-1068x712.jpg 1068w, https:\/\/elperiodicodesaltillo.com\/wp\/wp-content\/uploads\/2025\/02\/dif-630x420.jpg 630w, https:\/\/elperiodicodesaltillo.com\/wp\/wp-content\/uploads\/2025\/02\/dif.jpg 1600w\" sizes=\"auto, (max-width: 1024px) 100vw, 1024px\" \/><\/figure>\n\n\n\n<p>\u201cTanto el gobernador Manolo Jim\u00e9nez Salinas como la presidenta honoraria del DIF Coahuila, Liliana Salinas Vald\u00e9s, nos han dado la instrucci\u00f3n de realizar este concierto en tres ciudades: Piedras Negras, Monclova y Saltillo. Todo lo recaudado se destinar\u00e1 a la realizaci\u00f3n de cirug\u00edas de conducci\u00f3n \u00f3sea para ni\u00f1as, ni\u00f1os y adolescentes con esta condici\u00f3n, con el objetivo de transformar sus vidas y la de sus familias\u201d, expres\u00f3 Cepeda Vald\u00e9s.<\/p>\n\n\n\n<p>Explic\u00f3 que se trata de cirug\u00edas altamente especializadas con un costo aproximado de entre 800 y 900 mil pesos. Por ello, a trav\u00e9s del Voluntariado y Proyectos Estrat\u00e9gicos del DIF se han establecido alianzas con hospitales, m\u00e9dicos y personal de enfermer\u00eda, quienes exentan sus honorarios, permitiendo que los fondos obtenidos en los conciertos se destinen exclusivamente a la adquisici\u00f3n de aparatos auditivos.<\/p>\n\n\n\n<p>El director general del DIF Coahuila destac\u00f3 que ya se tienen identificados 23 pacientes que requieren esta intervenci\u00f3n.<\/p>\n\n\n\n<p>&nbsp;\u201cVamos a hacer realidad el sue\u00f1o de que estos ni\u00f1os y ni\u00f1as puedan comunicarse con sus seres queridos. Con estas cirug\u00edas, transformamos sus vidas y la de sus familias\u201d, enfatiz\u00f3, invitando a la comunidad a sumarse a esta experiencia sinf\u00f3nica, dise\u00f1ada para personas de todas las edades.<\/p>\n\n\n\n<p>Adem\u00e1s, resalt\u00f3 el majestuoso ensamble de la Orquesta Filarm\u00f3nica del Desierto, un \u00edcono cultural de Coahuila, que en esta ocasi\u00f3n contar\u00e1 con la aportaci\u00f3n art\u00edstica y visual del dise\u00f1ador y creador de experiencias Javier Bred\u00e9e.&nbsp;<\/p>\n\n\n\n<p>Adem\u00e1s, las im\u00e1genes compaginadas con la m\u00fasica fueron logradas gracias a la colaboraci\u00f3n del Maestro Ethan Eager del Instituto de M\u00fasica de Coahuila.<\/p>\n\n\n\n<p>Por su parte, la Secretaria de Cultura, Esther Quintana, resalt\u00f3 el poder de la m\u00fasica como un v\u00ednculo de uni\u00f3n y solidaridad: \u00abLa m\u00fasica es un arte que nos une, nos transporta a lugares maravillosos y nos permite so\u00f1ar despiertos. No hay mejor manera de ayudar a quienes m\u00e1s nos necesitan que a trav\u00e9s de una experiencia tan enriquecedora como este concierto con causa\u00bb.&nbsp;<\/p>\n\n\n\n<p>Carolina Cepeda Amezcua, subdirectora de Proyectos Estrat\u00e9gicos del DIF Coahuila, inform\u00f3 que los conciertos recorrer\u00e1n la m\u00fasica m\u00e1s emblem\u00e1tica de la saga literaria y cinematogr\u00e1fica de Harry Potter.<\/p>\n\n\n\n<p>Inform\u00f3 que en Piedras Negras se llevar\u00e1 a cabo el s\u00e1bado 15 de febrero en dos funciones, a las 16:00 y a las 19:00 horas, en el Teatro de la Ciudad \u201cJos\u00e9 Manuel Maldonado\u201d.&nbsp;<\/p>\n\n\n\n<p>En Monclova el concierto se realizar\u00e1 el mi\u00e9rcoles 19 de febrero, con funciones a las 16:00 y 19:00 horas, en el Teatro de la Ciudad \u201cRa\u00fal Flores Canelo\u201d.<\/p>\n\n\n\n<p>Mientras que en Saltillo, el Concierto Sinf\u00f3nico \u201cHarry Potter\u201d se celebrar\u00e1 el s\u00e1bado 22 de febrero, en funciones a las 16:00 y 19:00 horas, en el Teatro de la Ciudad \u201cFernando Soler\u201d.<\/p>\n\n\n\n<p>Las entradas est\u00e1n disponibles en las coordinaciones del DIF Coahuila y de la Secretar\u00eda de Cultura.<\/p>\n\n\n\n<p>\u00abCuando la sociedad civil, el sector empresarial y el Gobierno trabajan unidos, pueden lograrse grandes beneficios para la poblaci\u00f3n en situaci\u00f3n vulnerable\u00bb, destac\u00f3 Carolina Cepeda.<\/p>\n\n\n\n<p>Natanael Espinoza, director art\u00edstico de la Orquesta Filarm\u00f3nica del Desierto, agradeci\u00f3 al DIF Coahuila por la invitaci\u00f3n a participar en este proyecto. Coment\u00f3 que se trata de un espect\u00e1culo grandioso donde todos salen ganando, \u201cinterpretaremos la m\u00fasica m\u00e1s representativa de la saga con una producci\u00f3n multimedia que har\u00e1 de esta experiencia algo inolvidable.<\/p>\n\n\n\n<p>\u201cEs una oportunidad \u00fanica para disfrutar juntos de una noche m\u00e1gica y memorable\u201d, detall\u00f3.<\/p>\n","protected":false},"excerpt":{"rendered":"<p>\u00b7&nbsp;&nbsp;&nbsp;&nbsp;&nbsp;&nbsp;Llevar\u00e1n a cabo concierto \u00abHarry Potter\u00bb con la Orquesta Filarm\u00f3nica del Desierto en Saltillo, Monclova y Piedras Negras para recaudar fondos Saltillo, Coahuila de Zaragoza; a 05 de febrero de 2025.- La magia de Harry Potter llegar\u00e1 a las ciudades de Piedras Negras, Monclova y Saltillo con un espectacular concierto sinf\u00f3nico a cargo de la [&hellip;]<\/p>\n","protected":false},"author":1,"featured_media":36559,"comment_status":"closed","ping_status":"closed","sticky":false,"template":"","format":"standard","meta":{"footnotes":""},"categories":[21],"tags":[],"class_list":["post-36558","post","type-post","status-publish","format-standard","has-post-thumbnail","hentry","category-coahuila"],"_links":{"self":[{"href":"https:\/\/elperiodicodesaltillo.com\/wp\/wp-json\/wp\/v2\/posts\/36558","targetHints":{"allow":["GET"]}}],"collection":[{"href":"https:\/\/elperiodicodesaltillo.com\/wp\/wp-json\/wp\/v2\/posts"}],"about":[{"href":"https:\/\/elperiodicodesaltillo.com\/wp\/wp-json\/wp\/v2\/types\/post"}],"author":[{"embeddable":true,"href":"https:\/\/elperiodicodesaltillo.com\/wp\/wp-json\/wp\/v2\/users\/1"}],"replies":[{"embeddable":true,"href":"https:\/\/elperiodicodesaltillo.com\/wp\/wp-json\/wp\/v2\/comments?post=36558"}],"version-history":[{"count":1,"href":"https:\/\/elperiodicodesaltillo.com\/wp\/wp-json\/wp\/v2\/posts\/36558\/revisions"}],"predecessor-version":[{"id":36560,"href":"https:\/\/elperiodicodesaltillo.com\/wp\/wp-json\/wp\/v2\/posts\/36558\/revisions\/36560"}],"wp:featuredmedia":[{"embeddable":true,"href":"https:\/\/elperiodicodesaltillo.com\/wp\/wp-json\/wp\/v2\/media\/36559"}],"wp:attachment":[{"href":"https:\/\/elperiodicodesaltillo.com\/wp\/wp-json\/wp\/v2\/media?parent=36558"}],"wp:term":[{"taxonomy":"category","embeddable":true,"href":"https:\/\/elperiodicodesaltillo.com\/wp\/wp-json\/wp\/v2\/categories?post=36558"},{"taxonomy":"post_tag","embeddable":true,"href":"https:\/\/elperiodicodesaltillo.com\/wp\/wp-json\/wp\/v2\/tags?post=36558"}],"curies":[{"name":"wp","href":"https:\/\/api.w.org\/{rel}","templated":true}]}}