{"id":37165,"date":"2025-03-05T14:56:50","date_gmt":"2025-03-05T14:56:50","guid":{"rendered":"https:\/\/elperiodicodesaltillo.com\/wp\/?p=37165"},"modified":"2025-03-06T14:57:23","modified_gmt":"2025-03-06T14:57:23","slug":"acciones-en-beneficio-de-las-mujeres-son-permanentes-en-coahuila-manolo","status":"publish","type":"post","link":"https:\/\/elperiodicodesaltillo.com\/wp\/2025\/03\/05\/acciones-en-beneficio-de-las-mujeres-son-permanentes-en-coahuila-manolo\/","title":{"rendered":"ACCIONES EN BENEFICIO DE LAS MUJERES SON PERMANENTES EN COAHUILA: MANOLO"},"content":{"rendered":"\n<p>\u00b7&nbsp;&nbsp;&nbsp;&nbsp;&nbsp;&nbsp;<strong><em>En el marco del D\u00eda Internacional de la Mujer, se presentan los resultados y avances de la Estrategia Integral de las Mujeres en Coahuila<\/em><\/strong><\/p>\n\n\n\n<p>Saltillo, Coahuila de Zaragoza; a 05 de marzo de 2025.- El gobernador Manolo Jim\u00e9nez Salinas enfatiz\u00f3 que el trabajo integral por las mujeres en Coahuila es permanente, que no hay un solo d\u00eda que no se trabaje en ese sentido, por lo que su administraci\u00f3n seguir\u00e1 desarrollando diferentes proyectos y programas a su favor.&nbsp;<\/p>\n\n\n\n<figure class=\"wp-block-image size-large\"><img loading=\"lazy\" decoding=\"async\" width=\"1024\" height=\"682\" src=\"https:\/\/elperiodicodesaltillo.com\/wp\/wp-content\/uploads\/2025\/03\/acciones-1024x682.jpg\" alt=\"\" class=\"wp-image-37166\" srcset=\"https:\/\/elperiodicodesaltillo.com\/wp\/wp-content\/uploads\/2025\/03\/acciones-1024x682.jpg 1024w, https:\/\/elperiodicodesaltillo.com\/wp\/wp-content\/uploads\/2025\/03\/acciones-300x200.jpg 300w, https:\/\/elperiodicodesaltillo.com\/wp\/wp-content\/uploads\/2025\/03\/acciones-768x512.jpg 768w, https:\/\/elperiodicodesaltillo.com\/wp\/wp-content\/uploads\/2025\/03\/acciones-696x464.jpg 696w, https:\/\/elperiodicodesaltillo.com\/wp\/wp-content\/uploads\/2025\/03\/acciones-1068x712.jpg 1068w, https:\/\/elperiodicodesaltillo.com\/wp\/wp-content\/uploads\/2025\/03\/acciones-630x420.jpg 630w, https:\/\/elperiodicodesaltillo.com\/wp\/wp-content\/uploads\/2025\/03\/acciones.jpg 1280w\" sizes=\"auto, (max-width: 1024px) 100vw, 1024px\" \/><\/figure>\n\n\n\n<p>\u00abEn el marco del D\u00eda Internacional de la Mujer, nos reunimos para evaluar los avances de la Estrategia Integral de Mujeres, porque el cambio solo es posible con di\u00e1logo, compromiso y acciones concretas. Seguimos trabajando para cuidarlas, fortalecer su seguridad, impulsar su empoderamiento y mejorar su calidad de vida. Las mujeres coahuilenses son la base de la grandeza de nuestro estado. Gracias por su fuerza y ejemplo, que nos inspira a construir un Coahuila m\u00e1s justo, fuerte e incluyente\u00bb, se\u00f1al\u00f3.&nbsp;<\/p>\n\n\n\n<p>Agreg\u00f3 que este es un mensaje muy poderoso la nuestra comunidad, porque las mujeres coahuilenses tienen certeza de que se trabaja&nbsp;&nbsp;por ellas, y que la mejor manera de hacerlo es en equipo con&nbsp;&nbsp;voluntad y coordinaci\u00f3n.<\/p>\n\n\n\n<p>Lo anterior, durante la ceremonia en la que se presentaron los resultados y avances de la Estrategia Integral de las Mujeres en Coahuila, en el marco del D\u00eda Internacional de la Mujer.<\/p>\n\n\n\n<p>Manolo Jim\u00e9nez record\u00f3 que hace un a\u00f1o se instal\u00f3 este Consejo desde donde se plante\u00f3 un proyecto, un plan ejecutivo, una serie de acciones que de manera transversal ayudar\u00edan a fortalecer temas que tienen que ver con las mujeres del estado, y que desde entonces se han detonado muchas cosas que han impactado positivamente en nuestra comunidad y en el desarrollo de las mujeres.<\/p>\n\n\n\n<p>Reconoci\u00f3 y felicit\u00f3 a todas quienes hoy expusieron estos resultados, ya que, dijo, se ha hecho un gran trabajo completamente integrado, donde cada una de las \u00e1reas del gobierno est\u00e1 en sinton\u00eda para poder llegar a buen puerto con este gran proyecto.<\/p>\n\n\n\n<p>Destac\u00f3 que en este evento estuvieron presentes integrantes del Poder Ejecutivo, titulares de las diversas dependencias del Gobierno Estatal; el Fiscal General del Estado, la Fiscal de las Mujeres y la Ni\u00f1ez; alcaldesas y alcaldes, titulares de los sistemas DIF, diputadas y diputados, magistradas y magistrados; adem\u00e1s de empresarias y empresarios, l\u00edderes de todos los partidos pol\u00edticos, integrantes de la sociedad civil organizada.&nbsp;<\/p>\n\n\n\n<p>\u201cQuiero mandar un mensaje muy especial a todas las mujeres en nuestro estado, a las adolescentes, a las j\u00f3venes, a las mujeres, a quienes ya son adultas mayore; queremos decirles que todos los d\u00edas trabajamos y tenemos la intenci\u00f3n de que haya m\u00e1s mujeres empoderadas, m\u00e1s mujeres realizadas, m\u00e1s mujeres felices y seguras en nuestra entidad; que no tengan la menor duda de que en Coahuila, quien se mete con las mujeres, se mete con todas y con todos nosotros, se mete con las instituciones\u201d, puntualiz\u00f3.<\/p>\n\n\n\n<p>Manolo Jim\u00e9nez reiter\u00f3 su total compromiso con todas las mujeres de Coahuila, porque, dijo, las mujeres en este estado son el gran pilar que hace de Coahuila uno de los mejores estados de M\u00e9xico para vivir con nuestras familias.&nbsp;&nbsp;<\/p>\n\n\n\n<p>Mayra Lucila Vald\u00e9s Gonz\u00e1lez, secretaria de las Mujeres, en su mensaje mencion\u00f3 que en Coahuila, las mujeres son visibles, que su voz se escucha y que son parte del empuje pa\u2019delante de Coahuila.<\/p>\n\n\n\n<p>Agreg\u00f3 que existe un firme compromiso para construir mejores condiciones de vida para las mujeres coahuilenses, por ello, expres\u00f3 que el gobernador Manolo Jim\u00e9nez, desde que inici\u00f3 su administraci\u00f3n puso en el centro a las mujeres de Coahuila a crear la Secretar\u00eda de las Mujeres y, con ella, una estrategia de mujeres coahuilenses como uno de los 20 proyectos estrat\u00e9gicos de su gobierno.<\/p>\n\n\n\n<p>En este evento se dieron a conocer los resultados y avances de esta estrategia integral, en los ejes: Mujeres Felices y empoderadas; Mujeres Es Familia; Mujeres Seguras; Mujeres y Estado de Derecho; Mujer y Justicia.<\/p>\n\n\n\n<p>Paola Rodr\u00edguez L\u00f3pez, presidenta honoraria de Inspira Coahuila, dio a conocer los resultados y avances dentro del eje Mujeres Felices y Empoderadas; Liliana Salinas Vald\u00e9s, presidenta honoraria del DIF Coahuila, expuso los resultados en el eje Mujer-Es-Familia.<\/p>\n\n\n\n<p>Adem\u00e1s, Katy Salinas P\u00e9rez, fiscal de las Mujeres y la ni\u00f1ez, coment\u00f3 las acciones y avances dentro del eje Mujeres Seguras; Gabriela Guadalupe Franyutti Garc\u00eda, subsecretaria de Proximidad Social y Prevenci\u00f3n, inform\u00f3 sobre la estrategia general de seguridad.<\/p>\n\n\n\n<p>Asimismo, Mar\u00eda B\u00e1rbara Cepeda Boehringer, secretaria de Vinculaci\u00f3n Ciudadana, Proyectos de Innovaci\u00f3n Social e Inversi\u00f3n P\u00fablica Productiva,, dio a conocer todo o referente dentro del programa Punto Violeta, en el mismo eje de Seguridad.<\/p>\n","protected":false},"excerpt":{"rendered":"<p>\u00b7&nbsp;&nbsp;&nbsp;&nbsp;&nbsp;&nbsp;En el marco del D\u00eda Internacional de la Mujer, se presentan los resultados y avances de la Estrategia Integral de las Mujeres en Coahuila Saltillo, Coahuila de Zaragoza; a 05 de marzo de 2025.- El gobernador Manolo Jim\u00e9nez Salinas enfatiz\u00f3 que el trabajo integral por las mujeres en Coahuila es permanente, que no hay un [&hellip;]<\/p>\n","protected":false},"author":1,"featured_media":37166,"comment_status":"closed","ping_status":"closed","sticky":false,"template":"","format":"standard","meta":{"footnotes":""},"categories":[21],"tags":[],"class_list":["post-37165","post","type-post","status-publish","format-standard","has-post-thumbnail","hentry","category-coahuila"],"_links":{"self":[{"href":"https:\/\/elperiodicodesaltillo.com\/wp\/wp-json\/wp\/v2\/posts\/37165","targetHints":{"allow":["GET"]}}],"collection":[{"href":"https:\/\/elperiodicodesaltillo.com\/wp\/wp-json\/wp\/v2\/posts"}],"about":[{"href":"https:\/\/elperiodicodesaltillo.com\/wp\/wp-json\/wp\/v2\/types\/post"}],"author":[{"embeddable":true,"href":"https:\/\/elperiodicodesaltillo.com\/wp\/wp-json\/wp\/v2\/users\/1"}],"replies":[{"embeddable":true,"href":"https:\/\/elperiodicodesaltillo.com\/wp\/wp-json\/wp\/v2\/comments?post=37165"}],"version-history":[{"count":1,"href":"https:\/\/elperiodicodesaltillo.com\/wp\/wp-json\/wp\/v2\/posts\/37165\/revisions"}],"predecessor-version":[{"id":37167,"href":"https:\/\/elperiodicodesaltillo.com\/wp\/wp-json\/wp\/v2\/posts\/37165\/revisions\/37167"}],"wp:featuredmedia":[{"embeddable":true,"href":"https:\/\/elperiodicodesaltillo.com\/wp\/wp-json\/wp\/v2\/media\/37166"}],"wp:attachment":[{"href":"https:\/\/elperiodicodesaltillo.com\/wp\/wp-json\/wp\/v2\/media?parent=37165"}],"wp:term":[{"taxonomy":"category","embeddable":true,"href":"https:\/\/elperiodicodesaltillo.com\/wp\/wp-json\/wp\/v2\/categories?post=37165"},{"taxonomy":"post_tag","embeddable":true,"href":"https:\/\/elperiodicodesaltillo.com\/wp\/wp-json\/wp\/v2\/tags?post=37165"}],"curies":[{"name":"wp","href":"https:\/\/api.w.org\/{rel}","templated":true}]}}