{"id":37508,"date":"2025-03-22T20:06:39","date_gmt":"2025-03-22T20:06:39","guid":{"rendered":"https:\/\/elperiodicodesaltillo.com\/wp\/?p=37508"},"modified":"2025-03-25T20:07:39","modified_gmt":"2025-03-25T20:07:39","slug":"nos-mantenemos-cercanos-a-las-familias-de-coahuila","status":"publish","type":"post","link":"https:\/\/elperiodicodesaltillo.com\/wp\/2025\/03\/22\/nos-mantenemos-cercanos-a-las-familias-de-coahuila\/","title":{"rendered":"NOS MANTENEMOS CERCANOS A LAS FAMILIAS DE COAHUILA"},"content":{"rendered":"\n<p><strong><em>Liliana Salinas Vald\u00e9s, presidenta honoraria del DIF Coahuila, realiza gira de trabajo por las regiones Norte y Carbon\u00edfera<\/em><\/strong><\/p>\n\n\n\n<p>Regiones Norte y Carbon\u00edfera; Coahuila de Zaragoza; a 22 de marzo de 2025.- Durante gira de trabajo por las regiones Norte y Carbon\u00edfera, la presidenta honoraria del DIF Coahuila, Liliana Salinas Vald\u00e9s, particip\u00f3 en las brigadas&nbsp;Mercadito Pa\u2019 Delante; en el&nbsp;Congreso \u201cMiradas y Realidades del S\u00edndrome de Down\u201d; en la celebraci\u00f3n de&nbsp;Bodas Comunitarias; y en la firma de convenio con la UTRC.<\/p>\n\n\n\n<p>En cada evento, refrend\u00f3 el compromiso del Gobierno Estatal de trabajar de manera transversal para acercar m\u00e1s beneficios a la poblaci\u00f3n.<\/p>\n\n\n<div class=\"wp-block-image\">\n<figure class=\"aligncenter size-full\"><img loading=\"lazy\" decoding=\"async\" width=\"530\" height=\"353\" src=\"https:\/\/elperiodicodesaltillo.com\/wp\/wp-content\/uploads\/2025\/03\/familias.jpeg\" alt=\"\" class=\"wp-image-37509\" srcset=\"https:\/\/elperiodicodesaltillo.com\/wp\/wp-content\/uploads\/2025\/03\/familias.jpeg 530w, https:\/\/elperiodicodesaltillo.com\/wp\/wp-content\/uploads\/2025\/03\/familias-300x200.jpeg 300w\" sizes=\"auto, (max-width: 530px) 100vw, 530px\" \/><\/figure>\n<\/div>\n\n\n<p>En Piedras Negras, en su participaci\u00f3n en el congreso \u00abMiradas y Realidades del S\u00edndrome de Down\u201d,&nbsp;donde se impartieron conferencias y talleres a cargo de especialistas, escuch\u00f3 testimonios de ni\u00f1as, ni\u00f1os y j\u00f3venes con esta condici\u00f3n.<\/p>\n\n\n\n<p>\u201cDesde el DIF Coahuila hemos asumido la tarea de sensibilizar sobre estos temas, para fortalecer a las personas con discapacidad y reconocer sus capacidades. Debemos dejar de ver la discapacidad y enfocarnos en las habilidades que tienen, apoy\u00e1ndolos para que las potencialicen\u201d, destac\u00f3 Salinas Vald\u00e9s.<\/p>\n\n\n\n<p>En&nbsp;Jim\u00e9nez y Villa Uni\u00f3n, la presidenta honoraria del DIF Coahuila convivi\u00f3 con las familias que acudieron a la&nbsp;Megabrigada Mercadito Pa\u2019 Delante, donde se ofrecieron servicios como&nbsp;expedici\u00f3n de actas de nacimiento a precio simb\u00f3lico, consultas m\u00e9dicas y tr\u00e1mites de licencias de conducir, en coordinaci\u00f3n con las autoridades municipales.<\/p>\n\n\n\n<p>Adem\u00e1s, los vecinos intercambiaron productos reciclables, como&nbsp;llantas y pl\u00e1stico, por&nbsp;art\u00edculos de primera necesidad y juguetes para ni\u00f1as y ni\u00f1os, promoviendo as\u00ed la cultura del reciclaje.<\/p>\n\n\n\n<p>En&nbsp;Jim\u00e9nez, junto a la alcaldesa Claudia Maribel Gonz\u00e1lez, atestigu\u00f3 la entrega de un&nbsp;veh\u00edculo utilitario para el departamento de PRONNIF.<\/p>\n\n\n\n<p>En&nbsp;Villa Uni\u00f3n, recorri\u00f3 los m\u00f3dulos del DIF y otras dependencias estatales y municipales junto al presidente municipal&nbsp;Mario Humberto Gonz\u00e1lez Vela;&nbsp;Martha Patricia Garza,&nbsp; presidenta honoraria del DIF Municipal;&nbsp;Ivonne Espinosa Torres, directora de Programas Sociales del DIF Coahuila; y&nbsp;Catalina Labastida, directora del Registro Civil.<\/p>\n\n\n\n<p>BODAS COMUNITARIAS<\/p>\n\n\n\n<p>En&nbsp;Sabinas, Liliana Salinas Vald\u00e9s fue testigo de la uni\u00f3n de&nbsp;22 parejas&nbsp;en la celebraci\u00f3n de las&nbsp;Bodas Comunitarias, evento en el que acompa\u00f1\u00f3 al presidente municipal&nbsp;Feliciano D\u00edaz Iribarren, y a la presidenta honoraria del DIF Municipal,&nbsp;Alma Iribarren Madrigal.<\/p>\n\n\n\n<p>EN SABINAS Y JU\u00c1REZ<\/p>\n\n\n\n<p>En Sabinas, Liliana Salinas recorri\u00f3 las instalaciones del Centro de Atenci\u00f3n e Integraci\u00f3n Familiar donde dialog\u00f3 con las amas de casa que ordinariamente son atendidas en este lugar, con quienes se comprometi\u00f3 a trabajar unidas por el bien de las familias, al llevar a cabo una serie de programas en sus instalaciones.<\/p>\n\n\n\n<p>De igual manera acompa\u00f1\u00f3 a los ni\u00f1os del plantel educativo \u201cDavid. G. Berlanga\u201d en el tradicional desfile de inicio de la temporada primaveral.<\/p>\n\n\n\n<p>FIRMA DE CONVENIO CON LA UTRC<\/p>\n\n\n\n<p>Dentro de esta misma gira de trabajo, Liliana Salinas Vald\u00e9s firm\u00f3 el Convenio General de Colaboraci\u00f3n y Entrega de Becas entre DIF Coahuila y la Universidad Tecnol\u00f3gica de la Regi\u00f3n Carbon\u00edfera, junto al Rector Sergio Villarreal C\u00e1rdenas, y a Mar\u00eda Elizabeth Guti\u00e9rrez Salinas, presidenta de la Fundaci\u00f3n \u00abDon Antonio y Do\u00f1a Herminia Guti\u00e9rrez\u201d.<\/p>\n\n\n\n<p>En el municipio de Ju\u00e1rez, Salinas Vald\u00e9s cort\u00f3 el list\u00f3n que enmarca la apertura de un nuevo CAIF en la cabecera municipal, mismo que en breve se equipar\u00e1 para brindar la atenci\u00f3n a las familias que as\u00ed lo requieran con una serie de terapias y actividades diversas que fomenten la unidad familiar.<\/p>\n\n\n\n<p>Recorri\u00f3 a la vez las instalaciones que ocupan actualmente el DIF Ju\u00e1rez, donde constat\u00f3 la forma en que operan y atienden a los ciudadanos que requieren alg\u00fan tipo de atenci\u00f3n especial.<\/p>\n\n\n\n<p>De la misma manera, acudi\u00f3 al Mercadito Mejora Pa&#8217; Delante, programa que se lleva a cabo en los diversos municipios de la entidad, y en el cual se realiza el canje de cacharros que no se utilizan en los hogares, por productos de la canasta b\u00e1sica, o bien, por art\u00edculos de limpieza.<\/p>\n\n\n\n<p>Adem\u00e1s, se instal\u00f3 un m\u00f3dulo de la Secretar\u00eda de Salud para aplicar vacunas a los ciudadanos interesados contra la Influenza, y refuerzos o por primera vez contra el Covid-19.<\/p>\n\n\n\n<p>Personal del Registro Civil otorg\u00f3 actas de nacimiento a bajo costo; entre otros servicios que se brindaron.<\/p>\n","protected":false},"excerpt":{"rendered":"<p>Liliana Salinas Vald\u00e9s, presidenta honoraria del DIF Coahuila, realiza gira de trabajo por las regiones Norte y Carbon\u00edfera Regiones Norte y Carbon\u00edfera; Coahuila de Zaragoza; a 22 de marzo de 2025.- Durante gira de trabajo por las regiones Norte y Carbon\u00edfera, la presidenta honoraria del DIF Coahuila, Liliana Salinas Vald\u00e9s, particip\u00f3 en las brigadas&nbsp;Mercadito Pa\u2019 [&hellip;]<\/p>\n","protected":false},"author":1,"featured_media":37509,"comment_status":"closed","ping_status":"closed","sticky":false,"template":"","format":"standard","meta":{"footnotes":""},"categories":[21],"tags":[],"class_list":["post-37508","post","type-post","status-publish","format-standard","has-post-thumbnail","hentry","category-coahuila"],"_links":{"self":[{"href":"https:\/\/elperiodicodesaltillo.com\/wp\/wp-json\/wp\/v2\/posts\/37508","targetHints":{"allow":["GET"]}}],"collection":[{"href":"https:\/\/elperiodicodesaltillo.com\/wp\/wp-json\/wp\/v2\/posts"}],"about":[{"href":"https:\/\/elperiodicodesaltillo.com\/wp\/wp-json\/wp\/v2\/types\/post"}],"author":[{"embeddable":true,"href":"https:\/\/elperiodicodesaltillo.com\/wp\/wp-json\/wp\/v2\/users\/1"}],"replies":[{"embeddable":true,"href":"https:\/\/elperiodicodesaltillo.com\/wp\/wp-json\/wp\/v2\/comments?post=37508"}],"version-history":[{"count":1,"href":"https:\/\/elperiodicodesaltillo.com\/wp\/wp-json\/wp\/v2\/posts\/37508\/revisions"}],"predecessor-version":[{"id":37510,"href":"https:\/\/elperiodicodesaltillo.com\/wp\/wp-json\/wp\/v2\/posts\/37508\/revisions\/37510"}],"wp:featuredmedia":[{"embeddable":true,"href":"https:\/\/elperiodicodesaltillo.com\/wp\/wp-json\/wp\/v2\/media\/37509"}],"wp:attachment":[{"href":"https:\/\/elperiodicodesaltillo.com\/wp\/wp-json\/wp\/v2\/media?parent=37508"}],"wp:term":[{"taxonomy":"category","embeddable":true,"href":"https:\/\/elperiodicodesaltillo.com\/wp\/wp-json\/wp\/v2\/categories?post=37508"},{"taxonomy":"post_tag","embeddable":true,"href":"https:\/\/elperiodicodesaltillo.com\/wp\/wp-json\/wp\/v2\/tags?post=37508"}],"curies":[{"name":"wp","href":"https:\/\/api.w.org\/{rel}","templated":true}]}}