{"id":38094,"date":"2025-04-29T18:43:40","date_gmt":"2025-04-29T18:43:40","guid":{"rendered":"https:\/\/elperiodicodesaltillo.com\/wp\/?p=38094"},"modified":"2025-05-05T18:44:28","modified_gmt":"2025-05-05T18:44:28","slug":"servidores-publicos-deberan-presentar-su-declaracion-patrimonial-en-mayo","status":"publish","type":"post","link":"https:\/\/elperiodicodesaltillo.com\/wp\/2025\/04\/29\/servidores-publicos-deberan-presentar-su-declaracion-patrimonial-en-mayo\/","title":{"rendered":"SERVIDORES P\u00daBLICOS DEBER\u00c1N PRESENTAR SU DECLARACI\u00d3N PATRIMONIAL EN MAYO"},"content":{"rendered":"\n<p>Saltillo, Coahuila de Zaragoza; 29 de abril de 2025.- A partir del primero de mayo, todas las personas que pertenecen a la Administraci\u00f3n P\u00fablica Estatal deber\u00e1n cumplir con la Declaraci\u00f3n de Modificaci\u00f3n de Situaci\u00f3n Patrimonial y de Intereses 2025.<\/p>\n\n\n\n<p>De acuerdo con lo dispuesto por el art\u00edculo 108 de la Constituci\u00f3n Pol\u00edtica de los Estados Unidos Mexicanos, as\u00ed como del art\u00edculo 33 de la Ley de Responsabilidades Administrativas, personal operativo, mandos medios y superiores tienen que actualizar la informaci\u00f3n correspondiente a ingresos, bienes muebles e inmuebles.<\/p>\n\n\n\n<figure class=\"wp-block-image size-large\"><img loading=\"lazy\" decoding=\"async\" width=\"819\" height=\"1024\" src=\"https:\/\/elperiodicodesaltillo.com\/wp\/wp-content\/uploads\/2025\/05\/declaracion-819x1024.jpeg\" alt=\"\" class=\"wp-image-38095\" srcset=\"https:\/\/elperiodicodesaltillo.com\/wp\/wp-content\/uploads\/2025\/05\/declaracion-819x1024.jpeg 819w, https:\/\/elperiodicodesaltillo.com\/wp\/wp-content\/uploads\/2025\/05\/declaracion-240x300.jpeg 240w, https:\/\/elperiodicodesaltillo.com\/wp\/wp-content\/uploads\/2025\/05\/declaracion-768x960.jpeg 768w, https:\/\/elperiodicodesaltillo.com\/wp\/wp-content\/uploads\/2025\/05\/declaracion-696x870.jpeg 696w, https:\/\/elperiodicodesaltillo.com\/wp\/wp-content\/uploads\/2025\/05\/declaracion-1068x1335.jpeg 1068w, https:\/\/elperiodicodesaltillo.com\/wp\/wp-content\/uploads\/2025\/05\/declaracion-336x420.jpeg 336w, https:\/\/elperiodicodesaltillo.com\/wp\/wp-content\/uploads\/2025\/05\/declaracion.jpeg 1080w\" sizes=\"auto, (max-width: 819px) 100vw, 819px\" \/><\/figure>\n\n\n\n<p>El tr\u00e1mite se realiza a trav\u00e9s de la p\u00e1gina <a href=\"https:\/\/gaabcdh.r.af.d.sendibt2.com\/tr\/cl\/lYV_9Zkx_rbBqo-wdvuirBLXnHy-LLsYyg3i0c4aehNMBQ4Wk5PZH9y8ER1yzLWi7J9UnigSLwYyDObtN1V0I5K1VZB5k7KL8qfWgkQLlbgKSbEOOYabGnJb5xSZ3bLjSZd76C5j9YBo5MF_XbO8IF1hK8qlsXWDWhZYDbV7hZ5q0CjNPjdg0hZCnwQS9V0eWp09_WVlaVWsQyypqNTd4UmYQt-hG6SnLTtlBhT7unpFKlOHFOl0GKenxRZ14B1jfhydxKV_YuJX2v-cCKFHEBKHgUESn0dZ7IpqQsx4Hl_NwHBrOA\" target=\"_blank\" rel=\"noreferrer noopener\">www.sefircoahuila.gob.mx\/declaraciones,<\/a> misma que enlaza a los trabajadores de las dependencias estatales y organismos aut\u00f3nomos al sitio correspondiente, en el que deben ingresar con su CURP y contrase\u00f1a.<\/p>\n\n\n\n<p>\u201cDesde hace varias semanas, establecimos contacto con grupos grandes del magisterio, y personal de diversas dependencias, para capacitarlos sobre c\u00f3mo presentar la declaraci\u00f3n y las dudas que, com\u00fanmente, se presentan. Y todo este mes estaremos brindando apoyo sobre todo en las dependencias en las que se concentra el mayor n\u00famero de trabajadores\u201d, inform\u00f3 la Secretaria de Fiscalizaci\u00f3n y Rendici\u00f3n de Cuentas en Coahuila, Elma Marisol Mart\u00ednez Gonz\u00e1lez.<\/p>\n\n\n\n<p>Este a\u00f1o, la SEFIRC pone a disposici\u00f3n el servicio de asesor\u00eda a trav\u00e9s de la l\u00ednea de WhatsApp (844) 808-65-28; adem\u00e1s la atenci\u00f3n telef\u00f3nica (844) 986-98-00 extensiones 5873,5844 y 5874.<\/p>\n\n\n\n<p>Al reiterar que este procedimiento es un tr\u00e1mite obligatorio por Ley, Mart\u00ednez Gonz\u00e1lez resalt\u00f3 que, adem\u00e1s, es un ejercicio de transparencia y rendici\u00f3n de cuentas ante la ciudadan\u00eda.<\/p>\n\n\n\n<p>Durante 2024, m\u00e1s del 98 % de las personas servidoras p\u00fablicas de Coahuila cumplieron en tiempo y forma con la presentaci\u00f3n de la Declaraci\u00f3n de Modificaci\u00f3n de Situaci\u00f3n Patrimonial y de Intereses por lo que se espera contar con una alta participaci\u00f3n en el ejercicio correspondiente a este a\u00f1o, mismo que vence el 31 de mayo.<\/p>\n","protected":false},"excerpt":{"rendered":"<p>Saltillo, Coahuila de Zaragoza; 29 de abril de 2025.- A partir del primero de mayo, todas las personas que pertenecen a la Administraci\u00f3n P\u00fablica Estatal deber\u00e1n cumplir con la Declaraci\u00f3n de Modificaci\u00f3n de Situaci\u00f3n Patrimonial y de Intereses 2025. De acuerdo con lo dispuesto por el art\u00edculo 108 de la Constituci\u00f3n Pol\u00edtica de los Estados [&hellip;]<\/p>\n","protected":false},"author":1,"featured_media":38095,"comment_status":"closed","ping_status":"closed","sticky":false,"template":"","format":"standard","meta":{"footnotes":""},"categories":[21],"tags":[],"class_list":["post-38094","post","type-post","status-publish","format-standard","has-post-thumbnail","hentry","category-coahuila"],"_links":{"self":[{"href":"https:\/\/elperiodicodesaltillo.com\/wp\/wp-json\/wp\/v2\/posts\/38094","targetHints":{"allow":["GET"]}}],"collection":[{"href":"https:\/\/elperiodicodesaltillo.com\/wp\/wp-json\/wp\/v2\/posts"}],"about":[{"href":"https:\/\/elperiodicodesaltillo.com\/wp\/wp-json\/wp\/v2\/types\/post"}],"author":[{"embeddable":true,"href":"https:\/\/elperiodicodesaltillo.com\/wp\/wp-json\/wp\/v2\/users\/1"}],"replies":[{"embeddable":true,"href":"https:\/\/elperiodicodesaltillo.com\/wp\/wp-json\/wp\/v2\/comments?post=38094"}],"version-history":[{"count":1,"href":"https:\/\/elperiodicodesaltillo.com\/wp\/wp-json\/wp\/v2\/posts\/38094\/revisions"}],"predecessor-version":[{"id":38096,"href":"https:\/\/elperiodicodesaltillo.com\/wp\/wp-json\/wp\/v2\/posts\/38094\/revisions\/38096"}],"wp:featuredmedia":[{"embeddable":true,"href":"https:\/\/elperiodicodesaltillo.com\/wp\/wp-json\/wp\/v2\/media\/38095"}],"wp:attachment":[{"href":"https:\/\/elperiodicodesaltillo.com\/wp\/wp-json\/wp\/v2\/media?parent=38094"}],"wp:term":[{"taxonomy":"category","embeddable":true,"href":"https:\/\/elperiodicodesaltillo.com\/wp\/wp-json\/wp\/v2\/categories?post=38094"},{"taxonomy":"post_tag","embeddable":true,"href":"https:\/\/elperiodicodesaltillo.com\/wp\/wp-json\/wp\/v2\/tags?post=38094"}],"curies":[{"name":"wp","href":"https:\/\/api.w.org\/{rel}","templated":true}]}}