{"id":38172,"date":"2025-05-07T18:18:56","date_gmt":"2025-05-07T18:18:56","guid":{"rendered":"https:\/\/elperiodicodesaltillo.com\/wp\/?p=38172"},"modified":"2025-05-09T18:19:42","modified_gmt":"2025-05-09T18:19:42","slug":"se-suma-canirac-a-la-estrategia-mejora-coahuila","status":"publish","type":"post","link":"https:\/\/elperiodicodesaltillo.com\/wp\/2025\/05\/07\/se-suma-canirac-a-la-estrategia-mejora-coahuila\/","title":{"rendered":"SE SUMA CANIRAC A LA ESTRATEGIA MEJORA COAHUILA"},"content":{"rendered":"\n<p>\u00b7&nbsp;&nbsp;&nbsp;&nbsp;&nbsp;&nbsp;<em><strong>Mas de 50 restaurantes ya participan ofreciendo descuentos que van desde un 10 hasta un 20 por ciento.<\/strong><\/em><\/p>\n\n\n\n<p>Saltillo, Coahuila, 7 de mayo de 2025.- La C\u00e1mara Nacional de la Industria de Restaurantes y Alimentos Condimentados en Saltillo, en conjunto con la Secretar\u00eda de Vinculaci\u00f3n Ciudadana, Proyectos de Innovaci\u00f3n Social e Inversi\u00f3n P\u00fablico Productiva, firmaron un convenio de colaboraci\u00f3n con la estrategia Mejora Coahuila, con el objetivo de fortalecer la econom\u00eda local y brindar m\u00e1s beneficios a la comunidad.&nbsp;<\/p>\n\n\n\n<figure class=\"wp-block-image size-large\"><img loading=\"lazy\" decoding=\"async\" width=\"1024\" height=\"683\" src=\"https:\/\/elperiodicodesaltillo.com\/wp\/wp-content\/uploads\/2025\/05\/suma-1024x683.jpeg\" alt=\"\" class=\"wp-image-38173\" srcset=\"https:\/\/elperiodicodesaltillo.com\/wp\/wp-content\/uploads\/2025\/05\/suma-1024x683.jpeg 1024w, https:\/\/elperiodicodesaltillo.com\/wp\/wp-content\/uploads\/2025\/05\/suma-300x200.jpeg 300w, https:\/\/elperiodicodesaltillo.com\/wp\/wp-content\/uploads\/2025\/05\/suma-768x512.jpeg 768w, https:\/\/elperiodicodesaltillo.com\/wp\/wp-content\/uploads\/2025\/05\/suma-1536x1024.jpeg 1536w, https:\/\/elperiodicodesaltillo.com\/wp\/wp-content\/uploads\/2025\/05\/suma-696x464.jpeg 696w, https:\/\/elperiodicodesaltillo.com\/wp\/wp-content\/uploads\/2025\/05\/suma-1068x712.jpeg 1068w, https:\/\/elperiodicodesaltillo.com\/wp\/wp-content\/uploads\/2025\/05\/suma-630x420.jpeg 630w, https:\/\/elperiodicodesaltillo.com\/wp\/wp-content\/uploads\/2025\/05\/suma.jpeg 1729w\" sizes=\"auto, (max-width: 1024px) 100vw, 1024px\" \/><\/figure>\n\n\n\n<p>Este acuerdo permitir\u00e1 a los agremiados de la CANIRAC, acceder a los programas que ofrece el Gobierno del Estado a trav\u00e9s de la tarjeta de la Mera Mera, asimismo m\u00e1s de 50 restaurantes se suman a esta estrategia ofreciendo descuentos que van desde un 10 hasta un 20 por ciento.&nbsp;<\/p>\n\n\n\n<p>Mar\u00eda B\u00e1rbara Cepeda Boehringer, titular de la Secretar\u00eda de Vinculaci\u00f3n Ciudadana, Proyectos de Innovaci\u00f3n Social e Inversi\u00f3n P\u00fablico Productiva, se\u00f1al\u00f3, \u201cEste convenio es el reflejo de la voluntad de contribuir a mejorar la calidad de vida de las familias coahuilenses, en el gobierno de Manolo Jim\u00e9nez, trabajamos en equipo para Coahuila siga avanzando\u201d.&nbsp;<\/p>\n\n\n\n<p>Gabriel Elizondo P\u00e9rez, Coordinador Estatal de Mejora Coahuila, destac\u00f3 la importancia de sumar esfuerzos en conjunto para lograr m\u00e1s beneficios, as\u00ed como ser aliados \u201cPonemos a disposici\u00f3n de todos los agremiados todos los programas estatales, impulsando la econom\u00eda local mientras se apoya a las familias\u201d.&nbsp;<\/p>\n\n\n\n<p>Por su parte Isidoro Garc\u00eda Reyes, presidente de la CANIRAC&nbsp;&nbsp;destac\u00f3 \u201cTrabajar de la mano da mejores resultados, estamos comprometidos a llevar m\u00e1s beneficios a la comunidad, est\u00e1 convenio con Mejora, es una muestra que se pueden impulsar m\u00e1s acciones que mejoren la calidad de vida en la comunidad\u201d.<\/p>\n\n\n\n<p>Con la tarjeta de La Mera Mera, se otorgan diversos descuentos a la poblaci\u00f3n que van desde un 10 a un 60 por ciento en servicios y tr\u00e1mites gubernamentales, adem\u00e1s de que durante el pasado mes de febrero, Mejora firm\u00f3 un acuerdo con CANACO Saltillo, en donde se sumaron 150 establecimientos que ofrecen descuentos a la poblaci\u00f3n, lo que permite contribuir a las finanzas en los&nbsp;&nbsp;hogares adem\u00e1s de apoyar a los negocios locales.<\/p>\n","protected":false},"excerpt":{"rendered":"<p>\u00b7&nbsp;&nbsp;&nbsp;&nbsp;&nbsp;&nbsp;Mas de 50 restaurantes ya participan ofreciendo descuentos que van desde un 10 hasta un 20 por ciento. Saltillo, Coahuila, 7 de mayo de 2025.- La C\u00e1mara Nacional de la Industria de Restaurantes y Alimentos Condimentados en Saltillo, en conjunto con la Secretar\u00eda de Vinculaci\u00f3n Ciudadana, Proyectos de Innovaci\u00f3n Social e Inversi\u00f3n P\u00fablico Productiva, firmaron [&hellip;]<\/p>\n","protected":false},"author":1,"featured_media":38173,"comment_status":"closed","ping_status":"closed","sticky":false,"template":"","format":"standard","meta":{"footnotes":""},"categories":[21],"tags":[],"class_list":["post-38172","post","type-post","status-publish","format-standard","has-post-thumbnail","hentry","category-coahuila"],"_links":{"self":[{"href":"https:\/\/elperiodicodesaltillo.com\/wp\/wp-json\/wp\/v2\/posts\/38172","targetHints":{"allow":["GET"]}}],"collection":[{"href":"https:\/\/elperiodicodesaltillo.com\/wp\/wp-json\/wp\/v2\/posts"}],"about":[{"href":"https:\/\/elperiodicodesaltillo.com\/wp\/wp-json\/wp\/v2\/types\/post"}],"author":[{"embeddable":true,"href":"https:\/\/elperiodicodesaltillo.com\/wp\/wp-json\/wp\/v2\/users\/1"}],"replies":[{"embeddable":true,"href":"https:\/\/elperiodicodesaltillo.com\/wp\/wp-json\/wp\/v2\/comments?post=38172"}],"version-history":[{"count":1,"href":"https:\/\/elperiodicodesaltillo.com\/wp\/wp-json\/wp\/v2\/posts\/38172\/revisions"}],"predecessor-version":[{"id":38174,"href":"https:\/\/elperiodicodesaltillo.com\/wp\/wp-json\/wp\/v2\/posts\/38172\/revisions\/38174"}],"wp:featuredmedia":[{"embeddable":true,"href":"https:\/\/elperiodicodesaltillo.com\/wp\/wp-json\/wp\/v2\/media\/38173"}],"wp:attachment":[{"href":"https:\/\/elperiodicodesaltillo.com\/wp\/wp-json\/wp\/v2\/media?parent=38172"}],"wp:term":[{"taxonomy":"category","embeddable":true,"href":"https:\/\/elperiodicodesaltillo.com\/wp\/wp-json\/wp\/v2\/categories?post=38172"},{"taxonomy":"post_tag","embeddable":true,"href":"https:\/\/elperiodicodesaltillo.com\/wp\/wp-json\/wp\/v2\/tags?post=38172"}],"curies":[{"name":"wp","href":"https:\/\/api.w.org\/{rel}","templated":true}]}}