{"id":38809,"date":"2025-06-08T15:34:06","date_gmt":"2025-06-08T15:34:06","guid":{"rendered":"https:\/\/elperiodicodesaltillo.com\/wp\/?p=38809"},"modified":"2025-06-09T15:34:35","modified_gmt":"2025-06-09T15:34:35","slug":"angel-flores-conquista-tres-medallas-de-oro-en-las-olimpiadas-especiales-fides-compesar","status":"publish","type":"post","link":"https:\/\/elperiodicodesaltillo.com\/wp\/2025\/06\/08\/angel-flores-conquista-tres-medallas-de-oro-en-las-olimpiadas-especiales-fides-compesar\/","title":{"rendered":"\u00c1NGEL FLORES CONQUISTA TRES MEDALLAS DE ORO EN LAS OLIMPIADAS ESPECIALES FIDES COMPESAR"},"content":{"rendered":"\n<p>Saltillo, Coahuila de Zaragoza; a 8 de junio de 2025.- El coahuilense \u00c1ngel Flores Gonz\u00e1lez conquist\u00f3 tres medallas de oro dentro de las Olimpiadas Especiales FIDES Compesar, certamen que se llev\u00f3 a cabo en Bogot\u00e1, Colombia.<\/p>\n\n\n\n<figure class=\"wp-block-image size-large\"><img loading=\"lazy\" decoding=\"async\" width=\"1024\" height=\"576\" src=\"https:\/\/elperiodicodesaltillo.com\/wp\/wp-content\/uploads\/2025\/06\/gana-1024x576.jpeg\" alt=\"\" class=\"wp-image-38810\" srcset=\"https:\/\/elperiodicodesaltillo.com\/wp\/wp-content\/uploads\/2025\/06\/gana-1024x576.jpeg 1024w, https:\/\/elperiodicodesaltillo.com\/wp\/wp-content\/uploads\/2025\/06\/gana-300x169.jpeg 300w, https:\/\/elperiodicodesaltillo.com\/wp\/wp-content\/uploads\/2025\/06\/gana-768x432.jpeg 768w, https:\/\/elperiodicodesaltillo.com\/wp\/wp-content\/uploads\/2025\/06\/gana-696x392.jpeg 696w, https:\/\/elperiodicodesaltillo.com\/wp\/wp-content\/uploads\/2025\/06\/gana-1068x601.jpeg 1068w, https:\/\/elperiodicodesaltillo.com\/wp\/wp-content\/uploads\/2025\/06\/gana-747x420.jpeg 747w, https:\/\/elperiodicodesaltillo.com\/wp\/wp-content\/uploads\/2025\/06\/gana.jpeg 1280w\" sizes=\"auto, (max-width: 1024px) 100vw, 1024px\" \/><\/figure>\n\n\n\n<p>\u00c1ngel Flores compiti\u00f3 en el atletismo, dentro de personas con S\u00edndrome de Down, y su primer oro lo obtuvo en la prueba de los 400 metros platos con un tiempo de 1:11.45.<\/p>\n\n\n\n<p>Posteriormente, en el 200 metros planos, el oriundo de Saltillo se qued\u00f3 con el oro tras una marca de 27.53 segundos; y cerr\u00f3 su participaci\u00f3n con otro primer lugar en los 100 metros planos con una marca de 13.70.<\/p>\n\n\n\n<p>Las Olimpiadas Especiales FIDES Compesar se llevaron a cabo en Bogot\u00e1, Colombia, y reunieron a m\u00e1s de 1800 competidores representantes de 29 delegaciones, quienes participaron en un total de 15 disciplinas.<\/p>\n\n\n\n<p>La delegaci\u00f3n mexicana tuvo una destacada actuaci\u00f3n en esta competencia, luego de terminar en la tercera posici\u00f3n del medallero con un total de 179 medallas, las cuales 122 fueron de oro, 47 de plata y 9 de bronce.<\/p>\n","protected":false},"excerpt":{"rendered":"<p>Saltillo, Coahuila de Zaragoza; a 8 de junio de 2025.- El coahuilense \u00c1ngel Flores Gonz\u00e1lez conquist\u00f3 tres medallas de oro dentro de las Olimpiadas Especiales FIDES Compesar, certamen que se llev\u00f3 a cabo en Bogot\u00e1, Colombia. \u00c1ngel Flores compiti\u00f3 en el atletismo, dentro de personas con S\u00edndrome de Down, y su primer oro lo obtuvo [&hellip;]<\/p>\n","protected":false},"author":1,"featured_media":38810,"comment_status":"closed","ping_status":"closed","sticky":false,"template":"","format":"standard","meta":{"footnotes":""},"categories":[21],"tags":[],"class_list":["post-38809","post","type-post","status-publish","format-standard","has-post-thumbnail","hentry","category-coahuila"],"_links":{"self":[{"href":"https:\/\/elperiodicodesaltillo.com\/wp\/wp-json\/wp\/v2\/posts\/38809","targetHints":{"allow":["GET"]}}],"collection":[{"href":"https:\/\/elperiodicodesaltillo.com\/wp\/wp-json\/wp\/v2\/posts"}],"about":[{"href":"https:\/\/elperiodicodesaltillo.com\/wp\/wp-json\/wp\/v2\/types\/post"}],"author":[{"embeddable":true,"href":"https:\/\/elperiodicodesaltillo.com\/wp\/wp-json\/wp\/v2\/users\/1"}],"replies":[{"embeddable":true,"href":"https:\/\/elperiodicodesaltillo.com\/wp\/wp-json\/wp\/v2\/comments?post=38809"}],"version-history":[{"count":1,"href":"https:\/\/elperiodicodesaltillo.com\/wp\/wp-json\/wp\/v2\/posts\/38809\/revisions"}],"predecessor-version":[{"id":38811,"href":"https:\/\/elperiodicodesaltillo.com\/wp\/wp-json\/wp\/v2\/posts\/38809\/revisions\/38811"}],"wp:featuredmedia":[{"embeddable":true,"href":"https:\/\/elperiodicodesaltillo.com\/wp\/wp-json\/wp\/v2\/media\/38810"}],"wp:attachment":[{"href":"https:\/\/elperiodicodesaltillo.com\/wp\/wp-json\/wp\/v2\/media?parent=38809"}],"wp:term":[{"taxonomy":"category","embeddable":true,"href":"https:\/\/elperiodicodesaltillo.com\/wp\/wp-json\/wp\/v2\/categories?post=38809"},{"taxonomy":"post_tag","embeddable":true,"href":"https:\/\/elperiodicodesaltillo.com\/wp\/wp-json\/wp\/v2\/tags?post=38809"}],"curies":[{"name":"wp","href":"https:\/\/api.w.org\/{rel}","templated":true}]}}