{"id":39206,"date":"2025-06-28T05:30:40","date_gmt":"2025-06-28T05:30:40","guid":{"rendered":"https:\/\/elperiodicodesaltillo.com\/wp\/?p=39206"},"modified":"2025-07-02T05:31:26","modified_gmt":"2025-07-02T05:31:26","slug":"fortalece-dif-coahuila-el-desarrollo-social-con-el-inicio-del-programa-salud-y-bienestar-comunitario","status":"publish","type":"post","link":"https:\/\/elperiodicodesaltillo.com\/wp\/2025\/06\/28\/fortalece-dif-coahuila-el-desarrollo-social-con-el-inicio-del-programa-salud-y-bienestar-comunitario\/","title":{"rendered":"FORTALECE DIF COAHUILA EL DESARROLLO SOCIAL CON EL INICIO DEL PROGRAMA \u201cSALUD Y BIENESTAR COMUNITARIO\u201d"},"content":{"rendered":"\n<p>Tanque de Tuxtepec, Ramos Arizpe, Coahuila; 28 de junio de 2025.- El Gobierno del Estado, a trav\u00e9s del DIF Coahuila, dio inicio a las actividades del Programa Salud y Bienestar Comunitario en la comunidad de Tanque de Tuxtepec, del municipio de Ramos Arizpe, reafirmando as\u00ed su compromiso con las familias que viven en condiciones de marginaci\u00f3n.&nbsp;<\/p>\n\n\n\n<figure class=\"wp-block-image size-large\"><img loading=\"lazy\" decoding=\"async\" width=\"1024\" height=\"681\" src=\"https:\/\/elperiodicodesaltillo.com\/wp\/wp-content\/uploads\/2025\/07\/fortaece-1024x681.jpeg\" alt=\"\" class=\"wp-image-39207\" srcset=\"https:\/\/elperiodicodesaltillo.com\/wp\/wp-content\/uploads\/2025\/07\/fortaece-1024x681.jpeg 1024w, https:\/\/elperiodicodesaltillo.com\/wp\/wp-content\/uploads\/2025\/07\/fortaece-300x200.jpeg 300w, https:\/\/elperiodicodesaltillo.com\/wp\/wp-content\/uploads\/2025\/07\/fortaece-768x511.jpeg 768w, https:\/\/elperiodicodesaltillo.com\/wp\/wp-content\/uploads\/2025\/07\/fortaece-1536x1021.jpeg 1536w, https:\/\/elperiodicodesaltillo.com\/wp\/wp-content\/uploads\/2025\/07\/fortaece-696x463.jpeg 696w, https:\/\/elperiodicodesaltillo.com\/wp\/wp-content\/uploads\/2025\/07\/fortaece-1068x710.jpeg 1068w, https:\/\/elperiodicodesaltillo.com\/wp\/wp-content\/uploads\/2025\/07\/fortaece-632x420.jpeg 632w, https:\/\/elperiodicodesaltillo.com\/wp\/wp-content\/uploads\/2025\/07\/fortaece.jpeg 1600w\" sizes=\"auto, (max-width: 1024px) 100vw, 1024px\" \/><\/figure>\n\n\n\n<p>Este programa tiene como objetivo fortalecer a las comunidades rurales mediante procesos de formaci\u00f3n, autogesti\u00f3n y colaboraci\u00f3n, generando capacidades para transformar su realidad social, econ\u00f3mica y emocional a trav\u00e9s del trabajo comunitario organizado.&nbsp;<\/p>\n\n\n\n<p>En esta jornada participaron activamente las comunidades de Tanque de Tuxtepec, Nuevo Yucat\u00e1n y Las Coloradas, quienes iniciaron su proceso de capacitaci\u00f3n y construcci\u00f3n de proyectos comunitarios en un ambiente de unidad y compromiso.&nbsp;<\/p>\n\n\n\n<p>La Presidenta Honoraria del DIF Coahuila, Liliana Salinas Vald\u00e9s, encabez\u00f3 el arranque del programa, y destac\u00f3 el trabajo coordinado con los municipios y sus comunidades.<\/p>\n\n\n\n<p>&nbsp;\u201cHoy m\u00e1s que nunca necesitamos comunidades unidas, fuertes y preparadas para enfrentar los retos sociales. Este programa representa una apuesta por la dignidad y el bienestar de las familias coahuilenses. Agradezco profundamente la participaci\u00f3n activa de quienes forman parte de este esfuerzo colectivo. Vamos a seguir construyendo comunidades con conocimiento, valores y herramientas que les permitan crecer con autonom\u00eda\u00bb, se\u00f1al\u00f3.<\/p>\n\n\n\n<p>En esta jornada se entregaron colchones, despensas, paquetes de higiene personal, pa\u00f1ales para adulto y beb\u00e9, as\u00ed como sandalias, como parte de una atenci\u00f3n integral que responda a las necesidades inmediatas de las familias beneficiadas.&nbsp;<\/p>\n\n\n\n<p>Durante este 2025, el programa tendr\u00e1 presencia en 15 comunidades de 7 municipios; Ramos Arizpe, Saltillo, Matamoros, Torre\u00f3n, San Pedro, Ocampo y Cuatro Ci\u00e9negas, impactando de forma directa en localidades como Las Coloradas, Nuevo Yucat\u00e1n, Estanque de Palomas, Acebuches, Patrocinio, Tinajuela y muchas m\u00e1s, con la meta de fortalecer sus capacidades de organizaci\u00f3n, salud y bienestar.&nbsp;<\/p>\n\n\n\n<p>Los temas de capacitaci\u00f3n contemplan un enfoque integral, y se impartir\u00e1n en m\u00f3dulos pr\u00e1cticos y comunitarios:&nbsp;<\/p>\n\n\n\n<p>\u00b7&nbsp;&nbsp;&nbsp;&nbsp;&nbsp;&nbsp; Habilidades para la gesti\u00f3n institucional y comunitaria.&nbsp;<\/p>\n\n\n\n<p>\u00b7&nbsp;&nbsp;&nbsp;&nbsp;&nbsp;&nbsp; Bienestar integral con enfoque en salud f\u00edsica, mental y emocional.&nbsp;<\/p>\n\n\n\n<p>\u00b7&nbsp;&nbsp;&nbsp;&nbsp;&nbsp;&nbsp; Medicina alternativa.&nbsp;<\/p>\n\n\n\n<p>\u00b7&nbsp;&nbsp;&nbsp;&nbsp;&nbsp;&nbsp; Contabilidad rural y administraci\u00f3n de recursos.&nbsp;<\/p>\n\n\n\n<p>\u00b7&nbsp;&nbsp;&nbsp;&nbsp;&nbsp;&nbsp; Prevenci\u00f3n de la violencia y adicciones.&nbsp;<\/p>\n\n\n\n<p>\u00b7&nbsp;&nbsp;&nbsp;&nbsp;&nbsp;&nbsp; Proyectos comunitarios colaborativos.&nbsp;<\/p>\n\n\n\n<p>\u00b7&nbsp;&nbsp;&nbsp;&nbsp;&nbsp;&nbsp; Valor agregado a productos como la cera de candelilla.&nbsp;<\/p>\n\n\n\n<p>\u00b7&nbsp;&nbsp;&nbsp;&nbsp;&nbsp;&nbsp; Soluci\u00f3n de conflictos y toma de decisiones.&nbsp;<\/p>\n\n\n\n<p>Una parte esencial del programa es la firma del convenio de colaboraci\u00f3n con la Universidad Aut\u00f3noma Agraria Antonio Narro (UAAAN), que permitir\u00e1 acompa\u00f1ar t\u00e9cnicamente a las comunidades en su proceso de organizaci\u00f3n, as\u00ed como dar seguimiento acad\u00e9mico a los proyectos productivos que se generen.<\/p>\n\n\n\n<p>Este acuerdo fortalece la participaci\u00f3n activa, voluntaria y organizada de las y los beneficiarios, bajo un modelo sustentable de desarrollo rural.&nbsp;<\/p>\n\n\n\n<p>Adem\u00e1s, el programa cuenta con la colaboraci\u00f3n de los Grupos de Desarrollo Comunitario, autoridades ejidales, municipales, estatales y diversos actores sociales, todos ellos piezas clave para garantizar la permanencia y \u00e9xito del programa.&nbsp;<\/p>\n\n\n\n<p>Durante el evento se cont\u00f3 con la presencia de Teresita Escalante Contreras, Presidenta Honoraria del DIF Ramos Arizpe; Ivonne Espinosa Torres, Directora de Programas Sociales del DIF Coahuila; Juan Antonio L\u00f3pez L\u00f3pez, Jefe de Extensi\u00f3n Agropecuaria de la Universidad Aut\u00f3noma Agraria \u201cAntonio Narro\u201d; Mar\u00eda Luisa Idrogo Garc\u00eda, Coordinador a de alimentos nutritivos del DIF Coahuila; Reyna Providencia Rodr\u00edguez Guerra del Ejido Tanque de Tuxtepec, beneficiaria del Programa; Jos\u00e9 Manuel Rodr\u00edguez Romero, Coordinador Regi\u00f3n Sureste del DIF Coahuila y Marcelo Guerra Rodr\u00edguez, Comisariado Ejidal de Tanque de Tuxtepec.&nbsp;<\/p>\n\n\n\n<p>Con estas acciones, el Gobierno del Estado, a trav\u00e9s del DIF Coahuila, no solo lleva apoyos, sino que impulsa soluciones sostenibles, construidas desde y para la comunidad, que buscan impactar de forma positiva a largo plazo.&nbsp;<\/p>\n\n\n\n<p>El Programa Salud y Bienestar Comunitario 2025 es una muestra clara de que cuando hay voluntad, organizaci\u00f3n y trabajo conjunto, es posible transformar la realidad de nuestras comunidades m\u00e1s alejadas.<\/p>\n\n\n\n<p>Desde el Gobierno del Estado y el DIF Coahuila, reafirmamos nuestro compromiso de seguir generando condiciones para que cada persona viva con dignidad, seguridad y oportunidades reales de desarrollo.<\/p>\n","protected":false},"excerpt":{"rendered":"<p>Tanque de Tuxtepec, Ramos Arizpe, Coahuila; 28 de junio de 2025.- El Gobierno del Estado, a trav\u00e9s del DIF Coahuila, dio inicio a las actividades del Programa Salud y Bienestar Comunitario en la comunidad de Tanque de Tuxtepec, del municipio de Ramos Arizpe, reafirmando as\u00ed su compromiso con las familias que viven en condiciones de [&hellip;]<\/p>\n","protected":false},"author":1,"featured_media":39207,"comment_status":"closed","ping_status":"closed","sticky":false,"template":"","format":"standard","meta":{"footnotes":""},"categories":[21],"tags":[],"class_list":["post-39206","post","type-post","status-publish","format-standard","has-post-thumbnail","hentry","category-coahuila"],"_links":{"self":[{"href":"https:\/\/elperiodicodesaltillo.com\/wp\/wp-json\/wp\/v2\/posts\/39206","targetHints":{"allow":["GET"]}}],"collection":[{"href":"https:\/\/elperiodicodesaltillo.com\/wp\/wp-json\/wp\/v2\/posts"}],"about":[{"href":"https:\/\/elperiodicodesaltillo.com\/wp\/wp-json\/wp\/v2\/types\/post"}],"author":[{"embeddable":true,"href":"https:\/\/elperiodicodesaltillo.com\/wp\/wp-json\/wp\/v2\/users\/1"}],"replies":[{"embeddable":true,"href":"https:\/\/elperiodicodesaltillo.com\/wp\/wp-json\/wp\/v2\/comments?post=39206"}],"version-history":[{"count":1,"href":"https:\/\/elperiodicodesaltillo.com\/wp\/wp-json\/wp\/v2\/posts\/39206\/revisions"}],"predecessor-version":[{"id":39208,"href":"https:\/\/elperiodicodesaltillo.com\/wp\/wp-json\/wp\/v2\/posts\/39206\/revisions\/39208"}],"wp:featuredmedia":[{"embeddable":true,"href":"https:\/\/elperiodicodesaltillo.com\/wp\/wp-json\/wp\/v2\/media\/39207"}],"wp:attachment":[{"href":"https:\/\/elperiodicodesaltillo.com\/wp\/wp-json\/wp\/v2\/media?parent=39206"}],"wp:term":[{"taxonomy":"category","embeddable":true,"href":"https:\/\/elperiodicodesaltillo.com\/wp\/wp-json\/wp\/v2\/categories?post=39206"},{"taxonomy":"post_tag","embeddable":true,"href":"https:\/\/elperiodicodesaltillo.com\/wp\/wp-json\/wp\/v2\/tags?post=39206"}],"curies":[{"name":"wp","href":"https:\/\/api.w.org\/{rel}","templated":true}]}}