{"id":39471,"date":"2025-07-15T23:20:41","date_gmt":"2025-07-15T23:20:41","guid":{"rendered":"https:\/\/elperiodicodesaltillo.com\/wp\/?p=39471"},"modified":"2025-07-25T23:21:36","modified_gmt":"2025-07-25T23:21:36","slug":"vamos-por-mas-empleos-para-nuestra-gente-manolo","status":"publish","type":"post","link":"https:\/\/elperiodicodesaltillo.com\/wp\/2025\/07\/15\/vamos-por-mas-empleos-para-nuestra-gente-manolo\/","title":{"rendered":"VAMOS POR M\u00c1S EMPLEOS PARA NUESTRA GENTE: MANOLO"},"content":{"rendered":"\n<p>\u00b7&nbsp;&nbsp;&nbsp;&nbsp;&nbsp;&nbsp;<em><strong>Visita gobernador planta Milwaukee Tool en Torre\u00f3n&nbsp;<\/strong><\/em><\/p>\n\n\n\n<p>Torre\u00f3n, Coahuila de Zaragoza; a 15 de julio de 2025.-Como parte del impulso al desarrollo econ\u00f3mico de todas las regiones de Coahuila, el gobernador Manolo Jim\u00e9nez Salinas visit\u00f3 las instalaciones de la empresa Milwaukee Tool en Torre\u00f3n, donde se\u00f1al\u00f3 que desde su administraci\u00f3n seguir\u00e1 trabajando para continuar atrayendo m\u00e1s empresas y generando m\u00e1s empleos para las y los coahuilenses.<\/p>\n\n\n\n<figure class=\"wp-block-image size-large\"><img loading=\"lazy\" decoding=\"async\" width=\"1024\" height=\"768\" src=\"https:\/\/elperiodicodesaltillo.com\/wp\/wp-content\/uploads\/2025\/07\/mas-1024x768.jpeg\" alt=\"\" class=\"wp-image-39472\" srcset=\"https:\/\/elperiodicodesaltillo.com\/wp\/wp-content\/uploads\/2025\/07\/mas-1024x768.jpeg 1024w, https:\/\/elperiodicodesaltillo.com\/wp\/wp-content\/uploads\/2025\/07\/mas-300x225.jpeg 300w, https:\/\/elperiodicodesaltillo.com\/wp\/wp-content\/uploads\/2025\/07\/mas-768x576.jpeg 768w, https:\/\/elperiodicodesaltillo.com\/wp\/wp-content\/uploads\/2025\/07\/mas-1536x1152.jpeg 1536w, https:\/\/elperiodicodesaltillo.com\/wp\/wp-content\/uploads\/2025\/07\/mas-80x60.jpeg 80w, https:\/\/elperiodicodesaltillo.com\/wp\/wp-content\/uploads\/2025\/07\/mas-265x198.jpeg 265w, https:\/\/elperiodicodesaltillo.com\/wp\/wp-content\/uploads\/2025\/07\/mas-696x522.jpeg 696w, https:\/\/elperiodicodesaltillo.com\/wp\/wp-content\/uploads\/2025\/07\/mas-1068x801.jpeg 1068w, https:\/\/elperiodicodesaltillo.com\/wp\/wp-content\/uploads\/2025\/07\/mas-560x420.jpeg 560w, https:\/\/elperiodicodesaltillo.com\/wp\/wp-content\/uploads\/2025\/07\/mas.jpeg 1600w\" sizes=\"auto, (max-width: 1024px) 100vw, 1024px\" \/><\/figure>\n\n\n\n<p>\u00abMuchas gracias a nuestros amigos de Milwaukee Tools por la invitaci\u00f3n a conocer su planta. Me dio mucho gusto saludar a nuestra gente, felicidades por todas las herramientas que hacen, que se exportan de Torre\u00f3n para el mundo. Seguiremos trabajando en equipo con esta gran empresa para fortalecer la econom\u00eda y generar m\u00e1s empleos en la regi\u00f3n Laguna\u00bb, se\u00f1al\u00f3 el gobernador.<\/p>\n\n\n\n<p>Durante la reuni\u00f3n con los directivos de Milwaukee Tool, el gobernador destac\u00f3 que Coahuila es tierra f\u00e9rtil para las inversiones, gracias a sus principales fortalezas: seguridad, estado de derecho, estabilidad laboral, mano de obra calificada y un gobierno que apoya con incentivos, como condiciones de certeza para crecer.<\/p>\n\n\n\n<p>\u201cMilwaukee es un gran ejemplo de que quienes invierten en Coahuila, les va bien. Aqu\u00ed encuentran lo que buscan: talento, estabilidad y resultados. Estamos muy contentos de que una empresa de talla global decida seguir creciendo en nuestra tierra\u201d, expres\u00f3 Jim\u00e9nez Salinas.<\/p>\n\n\n\n<p>El gobernador resalt\u00f3 que este proyecto forma parte del crecimiento econ\u00f3mico parejo que se est\u00e1 promoviendo en todo el estado, consolidando a Coahuila como un l\u00edder nacional en atracci\u00f3n de inversiones, desarrollo industrial y competitividad, y que tanto con esta como con varias empresas de todo el estado se est\u00e1 trabajando para generar nuevas inversiones y mejores empleos.<\/p>\n\n\n\n<p>\u201cEstamos en los primeros lugares a nivel nacional en indicadores clave como formalidad laboral, confianza empresarial, paz social y atracci\u00f3n de capital. Todo esto gracias al trabajo coordinado con los municipios, el sector privado, los sindicatos y la gente buena de Coahuila que pone todo su esfuerzo cada d\u00eda\u201d, indic\u00f3.<\/p>\n\n\n\n<p>Jim\u00e9nez Salinas subray\u00f3 que uno de los objetivos de su administraci\u00f3n es impulsar proyectos regionales que generen bienestar local, y celebr\u00f3 que Milwaukee apueste por seguir desarrollando su operaci\u00f3n en La Laguna, en un contexto estrat\u00e9gico para el reordenamiento de cadenas de suministro hacia Am\u00e9rica del Norte.<\/p>\n\n\n\n<p>\u201cHoy m\u00e1s que nunca, La Laguna est\u00e1 en el mapa mundial. Tenemos una ubicaci\u00f3n privilegiada, talento humano de primer nivel y condiciones para seguir siendo protagonistas del nearshoring. Milwaukee lo sabe, y por eso est\u00e1n invirtiendo con visi\u00f3n de futuro\u201d, enfatiz\u00f3.<\/p>\n\n\n\n<p>Al final, el gobernador reiter\u00f3 el respaldo de su Gobierno del Estado para acompa\u00f1ar las&nbsp;&nbsp;expansiones de las empresas que ya est\u00e1n instaladas en la entidad y seguir fortaleciendo a Coahuila como un estado de oportunidades, crecimiento e innovaci\u00f3n.<\/p>\n\n\n\n<p>\u201cAqu\u00ed no hay improvisaci\u00f3n: hay rumbo, hay estrategia y hay resultados. Coahuila es, y seguir\u00e1 siendo, un estado l\u00edder para invertir, trabajar y vivir bien\u201d, concluy\u00f3.<\/p>\n\n\n\n<p>En su intervenci\u00f3n, Fernando Kantun, director General de Milwaukee Torre\u00f3n, dio a conocer al mandatario estatal sobre la operaci\u00f3n y futuro crecimiento en la regi\u00f3n; como destacar las ventajas competitivas de Coahuila y el trabajo coordinado que se realiza con el Gobierno del Estado; tambi\u00e9n se efectu\u00f3 un recorrido por la planta donde el gobernador pudo saludar a las y los&nbsp;&nbsp;trabajadores y conocer los procesos que ah\u00ed se efect\u00faan.<\/p>\n\n\n\n<p>En el evento se cont\u00f3 con la presencia de Luis Olivares Mart\u00ednez, secretario de Econom\u00eda; Nazira Zogbi Castro, secretaria del Trabajo; Sergio Padron, VP de Procurement; Rub\u00e9nn Fern\u00e1ndez, director de Recursos Humanos; Alejandro R\u00edos, director de Procurement y Steve Risner, VP de Operaciones M\u00e9xico.<\/p>\n\n\n\n<p>Link para descargar video: <a href=\"https:\/\/gaabcdh.r.bh.d.sendibt3.com\/tr\/cl\/kaRWtwMvxhPIO6lATZeM4cV-iNyIMdeHolQ6l08VQTFHt_mRi8LcO6JdL26LyVaZnzUjY6-TyiqCTX_JheEt0j0DBvhBKWe1MmHCWcScGQueItcV0uCC636nyB9jJliFpxBOjF2ZcLL1P7Rj4SrSZ6B8XtSIoPC42_r-GG5t7AHqhoO8yrjsLQOBnZgIC4FeDdAdaf5NkWrLBjtBJAdqTCXgPrwTLT2xGb7VVFcZFSAaoB13mYBbSw3C0sPO97gU-Exu-NNBANXyFTEws_Gg\" target=\"_blank\" rel=\"noreferrer noopener\">https:\/\/we.tl\/t-nhiR1xbNFo<\/a><\/p>\n","protected":false},"excerpt":{"rendered":"<p>\u00b7&nbsp;&nbsp;&nbsp;&nbsp;&nbsp;&nbsp;Visita gobernador planta Milwaukee Tool en Torre\u00f3n&nbsp; Torre\u00f3n, Coahuila de Zaragoza; a 15 de julio de 2025.-Como parte del impulso al desarrollo econ\u00f3mico de todas las regiones de Coahuila, el gobernador Manolo Jim\u00e9nez Salinas visit\u00f3 las instalaciones de la empresa Milwaukee Tool en Torre\u00f3n, donde se\u00f1al\u00f3 que desde su administraci\u00f3n seguir\u00e1 trabajando para continuar atrayendo [&hellip;]<\/p>\n","protected":false},"author":1,"featured_media":39472,"comment_status":"closed","ping_status":"closed","sticky":false,"template":"","format":"standard","meta":{"footnotes":""},"categories":[21],"tags":[],"class_list":["post-39471","post","type-post","status-publish","format-standard","has-post-thumbnail","hentry","category-coahuila"],"_links":{"self":[{"href":"https:\/\/elperiodicodesaltillo.com\/wp\/wp-json\/wp\/v2\/posts\/39471","targetHints":{"allow":["GET"]}}],"collection":[{"href":"https:\/\/elperiodicodesaltillo.com\/wp\/wp-json\/wp\/v2\/posts"}],"about":[{"href":"https:\/\/elperiodicodesaltillo.com\/wp\/wp-json\/wp\/v2\/types\/post"}],"author":[{"embeddable":true,"href":"https:\/\/elperiodicodesaltillo.com\/wp\/wp-json\/wp\/v2\/users\/1"}],"replies":[{"embeddable":true,"href":"https:\/\/elperiodicodesaltillo.com\/wp\/wp-json\/wp\/v2\/comments?post=39471"}],"version-history":[{"count":1,"href":"https:\/\/elperiodicodesaltillo.com\/wp\/wp-json\/wp\/v2\/posts\/39471\/revisions"}],"predecessor-version":[{"id":39473,"href":"https:\/\/elperiodicodesaltillo.com\/wp\/wp-json\/wp\/v2\/posts\/39471\/revisions\/39473"}],"wp:featuredmedia":[{"embeddable":true,"href":"https:\/\/elperiodicodesaltillo.com\/wp\/wp-json\/wp\/v2\/media\/39472"}],"wp:attachment":[{"href":"https:\/\/elperiodicodesaltillo.com\/wp\/wp-json\/wp\/v2\/media?parent=39471"}],"wp:term":[{"taxonomy":"category","embeddable":true,"href":"https:\/\/elperiodicodesaltillo.com\/wp\/wp-json\/wp\/v2\/categories?post=39471"},{"taxonomy":"post_tag","embeddable":true,"href":"https:\/\/elperiodicodesaltillo.com\/wp\/wp-json\/wp\/v2\/tags?post=39471"}],"curies":[{"name":"wp","href":"https:\/\/api.w.org\/{rel}","templated":true}]}}