{"id":40913,"date":"2025-09-24T15:58:28","date_gmt":"2025-09-24T15:58:28","guid":{"rendered":"https:\/\/elperiodicodesaltillo.com\/wp\/?p=40913"},"modified":"2025-09-24T15:59:45","modified_gmt":"2025-09-24T15:59:45","slug":"fallece-el-tio-mau-fin-de-una-era-en-san-pedro-garza-garcia","status":"publish","type":"post","link":"https:\/\/elperiodicodesaltillo.com\/wp\/2025\/09\/24\/fallece-el-tio-mau-fin-de-una-era-en-san-pedro-garza-garcia\/","title":{"rendered":"Fallece \u201cel T\u00edo Mau\u201d: fin de una era en San Pedro Garza Garc\u00eda"},"content":{"rendered":"\n<p>La noche del 22 de septiembre de 2025 marc\u00f3 el fin de una figura emblem\u00e1tica de la pol\u00edtica regiomontana: Mauricio Fern\u00e1ndez Garza, mejor conocido como \u201cel T\u00edo Mau\u201d, falleci\u00f3 a los 75 a\u00f1os tras una prolongada batalla contra el c\u00e1ncer de pulm\u00f3n, espec\u00edficamente un mesotelioma pleural que hab\u00eda reaparecido tras tratamientos previos. En semanas recientes ya hab\u00eda solicitado licencia para separarse temporalmente de la alcald\u00eda de San Pedro Garza Garc\u00eda para dedicarse al tratamiento m\u00e9dico, dejando entrever un deterioro irreversible de su salud.<\/p>\n\n\n\n<figure class=\"wp-block-image size-full\"><img loading=\"lazy\" decoding=\"async\" width=\"929\" height=\"514\" src=\"https:\/\/elperiodicodesaltillo.com\/wp\/wp-content\/uploads\/2025\/09\/Captura-de-pantalla-2025-09-24-095756.png\" alt=\"\" class=\"wp-image-40914\" srcset=\"https:\/\/elperiodicodesaltillo.com\/wp\/wp-content\/uploads\/2025\/09\/Captura-de-pantalla-2025-09-24-095756.png 929w, https:\/\/elperiodicodesaltillo.com\/wp\/wp-content\/uploads\/2025\/09\/Captura-de-pantalla-2025-09-24-095756-300x166.png 300w, https:\/\/elperiodicodesaltillo.com\/wp\/wp-content\/uploads\/2025\/09\/Captura-de-pantalla-2025-09-24-095756-768x425.png 768w, https:\/\/elperiodicodesaltillo.com\/wp\/wp-content\/uploads\/2025\/09\/Captura-de-pantalla-2025-09-24-095756-696x385.png 696w, https:\/\/elperiodicodesaltillo.com\/wp\/wp-content\/uploads\/2025\/09\/Captura-de-pantalla-2025-09-24-095756-759x420.png 759w\" sizes=\"auto, (max-width: 929px) 100vw, 929px\" \/><\/figure>\n\n\n\n<p><\/p>\n\n\n\n<p>Su muerte no solo pone fin a una biograf\u00eda extensa y cargada de contrastes: tambi\u00e9n abre una etapa de interrogantes respecto al futuro pol\u00edtico, cultural y de seguridad del municipio al que gobern\u00f3 en cuatro ocasiones. Fern\u00e1ndez Garza no fue un alcalde convencional. Su gesti\u00f3n \u2014y su figura p\u00fablica\u2014 se defini\u00f3 por decisiones pol\u00e9micas, discursos directos y una constante fusi\u00f3n entre poder, imagen y presencia medi\u00e1tica. Bajo su mandato se impuls\u00f3 el famoso \u201cGrupo Rudo\u201d como estrategia de seguridad local, se implementaron pol\u00edticas de control social como el registro obligatorio de trabajadores dom\u00e9sticos, y se reforz\u00f3 la marca de San Pedro como enclave exclusivo, ordenado y vigilado.<\/p>\n\n\n\n<p>Esa combinaci\u00f3n de mano firme, discurso autoritario y alto perfil cultural convirti\u00f3 su figura en un s\u00edmbolo polarizante. A sus detractores les representaba la rigidez de un control excesivo; para sus partidarios era el garante de la ley y quien defend\u00eda con fuerza la urbanidad, el orden, la seguridad y los valores tradicionales. En su faceta cultural se distingui\u00f3 como coleccionista de arte, promotor de museos y apasionado de la paleontolog\u00eda: su colecci\u00f3n dio origen al Museo La Milarca, que alberga miles de piezas que \u00e9l mismo reuni\u00f3. Un f\u00f3sil descubierto en Nuevo Le\u00f3n fue bautizado <strong>Mauriciosaurus<\/strong> en su honor, reflejo del v\u00ednculo entre su af\u00e1n personal y la proyecci\u00f3n p\u00fablica de su legado.<\/p>\n\n\n\n<p>Pol\u00edticamente, su deceso dejar\u00e1 un vac\u00edo dif\u00edcil de rellenar. En su \u00faltimo periodo hab\u00eda vuelto a ocupar la alcald\u00eda tras ganar las elecciones de 2024, pero el avance de su enfermedad ya le hab\u00eda obligado a retirarse gradualmente de las funciones cotidianas. Con su muerte, el municipio enfrentar\u00e1 no solo la transici\u00f3n administrativa (el secretario municipal asumir\u00e1 interinamente), sino tambi\u00e9n un momento simb\u00f3lico: \u00bfc\u00f3mo redefinir\u00e1 San Pedro su rumbo sin la sombra dominante de quien ejerci\u00f3 un poder caracter\u00edstico? \u00bfSu figura se ver\u00e1 como leyenda del orden y la disciplina o como un modelo de excesos institucionales?<\/p>\n\n\n\n<p>Adem\u00e1s, el contexto actual del pa\u00eds y del estado implica que ese espacio de poder no quedar\u00e1 libre por mucho tiempo. Las fuerzas pol\u00edticas locales y estatales observar\u00e1n con atenci\u00f3n la sucesi\u00f3n en el municipio m\u00e1s rico del pa\u00eds \u2014no solo en recursos, sino en visibilidad. Organismos culturales, activistas urbanos y ciudadanos exigir\u00e1n que el legado no se limite a monumentos, an\u00e9cdotas o homenajes: pedir\u00e1 continuidad, coherencia institucional y rendici\u00f3n de cuentas.<\/p>\n\n\n\n<p>La muerte del \u201cT\u00edo Mau\u201d trasciende lo personal: invita a una reflexi\u00f3n m\u00e1s profunda sobre la naturaleza del poder municipal en M\u00e9xico. Fern\u00e1ndez Garza encarnaba una versi\u00f3n del gobernante local que operaba con autonom\u00eda simb\u00f3lica fuerte y presencia medi\u00e1tica permanente. Ahora, su ausencia plantea un dilema para San Pedro y Nuevo Le\u00f3n: \u00bfpersistir con ese modelo autorreferencial o abrir paso a gobiernos m\u00e1s abiertos, plurales y menos medi\u00e1ticos?<\/p>\n\n\n\n<p>El curso que adopten los actores locales tras su partida \u2014desde el cabildo hasta los ciudadanos\u2014 que decidan si su legado queda como un s\u00edmbolo de autoridad plena o como el punto de inflexi\u00f3n para una pol\u00edtica municipal m\u00e1s horizontal y cr\u00edtica. Porque en la muerte de Mauricio Fern\u00e1ndez Garza no s\u00f3lo se va un hombre, sino un estilo de gobernar que deja interrogantes sobre hasta d\u00f3nde puede tolerarse el mando personal en el espacio p\u00fablico.<\/p>\n","protected":false},"excerpt":{"rendered":"<p>La noche del 22 de septiembre de 2025 marc\u00f3 el fin de una figura emblem\u00e1tica de la pol\u00edtica regiomontana: Mauricio Fern\u00e1ndez Garza, mejor conocido como \u201cel T\u00edo Mau\u201d, falleci\u00f3 a los 75 a\u00f1os tras una prolongada batalla contra el c\u00e1ncer de pulm\u00f3n, espec\u00edficamente un mesotelioma pleural que hab\u00eda reaparecido tras tratamientos previos. En semanas recientes [&hellip;]<\/p>\n","protected":false},"author":1,"featured_media":40914,"comment_status":"closed","ping_status":"closed","sticky":false,"template":"","format":"standard","meta":{"footnotes":""},"categories":[263],"tags":[],"class_list":["post-40913","post","type-post","status-publish","format-standard","has-post-thumbnail","hentry","category-noticias"],"_links":{"self":[{"href":"https:\/\/elperiodicodesaltillo.com\/wp\/wp-json\/wp\/v2\/posts\/40913","targetHints":{"allow":["GET"]}}],"collection":[{"href":"https:\/\/elperiodicodesaltillo.com\/wp\/wp-json\/wp\/v2\/posts"}],"about":[{"href":"https:\/\/elperiodicodesaltillo.com\/wp\/wp-json\/wp\/v2\/types\/post"}],"author":[{"embeddable":true,"href":"https:\/\/elperiodicodesaltillo.com\/wp\/wp-json\/wp\/v2\/users\/1"}],"replies":[{"embeddable":true,"href":"https:\/\/elperiodicodesaltillo.com\/wp\/wp-json\/wp\/v2\/comments?post=40913"}],"version-history":[{"count":2,"href":"https:\/\/elperiodicodesaltillo.com\/wp\/wp-json\/wp\/v2\/posts\/40913\/revisions"}],"predecessor-version":[{"id":40916,"href":"https:\/\/elperiodicodesaltillo.com\/wp\/wp-json\/wp\/v2\/posts\/40913\/revisions\/40916"}],"wp:featuredmedia":[{"embeddable":true,"href":"https:\/\/elperiodicodesaltillo.com\/wp\/wp-json\/wp\/v2\/media\/40914"}],"wp:attachment":[{"href":"https:\/\/elperiodicodesaltillo.com\/wp\/wp-json\/wp\/v2\/media?parent=40913"}],"wp:term":[{"taxonomy":"category","embeddable":true,"href":"https:\/\/elperiodicodesaltillo.com\/wp\/wp-json\/wp\/v2\/categories?post=40913"},{"taxonomy":"post_tag","embeddable":true,"href":"https:\/\/elperiodicodesaltillo.com\/wp\/wp-json\/wp\/v2\/tags?post=40913"}],"curies":[{"name":"wp","href":"https:\/\/api.w.org\/{rel}","templated":true}]}}