{"id":40977,"date":"2025-09-27T22:55:18","date_gmt":"2025-09-27T22:55:18","guid":{"rendered":"https:\/\/elperiodicodesaltillo.com\/wp\/?p=40977"},"modified":"2025-09-27T22:55:42","modified_gmt":"2025-09-27T22:55:42","slug":"dif-coahuila-impulsa-la-cultura-de-paz-en-las-escuelas","status":"publish","type":"post","link":"https:\/\/elperiodicodesaltillo.com\/wp\/2025\/09\/27\/dif-coahuila-impulsa-la-cultura-de-paz-en-las-escuelas\/","title":{"rendered":"DIF COAHUILA IMPULSA LA CULTURA DE PAZ EN LAS ESCUELAS"},"content":{"rendered":"\n<p>Inauguran Centros de paz en planteles educativos y entrega constancias a estudiantes Impulsores de paz<br><br><br>Saltillo, Coahuila; 27 de septiembre de 2025.- El DIF Coahuila, en conjunto con la Secretar\u00eda de Educaci\u00f3n, el Poder Judicial y la Fiscal\u00eda del Estado, puso en marcha la inauguraci\u00f3n de Centros de Paz y la entrega de constancias y chalecos a estudiantes reconocidos como Impulsores de Paz, como parte de la estrategia interinstitucional de Impulsores de Paz y Mediaci\u00f3n Escolar que impulsa el gobernador Manolo Jim\u00e9nez Salinas.<\/p>\n\n\n\n<figure class=\"wp-block-gallery has-nested-images columns-default is-cropped wp-block-gallery-1 is-layout-flex wp-block-gallery-is-layout-flex\">\n<figure class=\"wp-block-image size-large\"><img loading=\"lazy\" decoding=\"async\" width=\"1024\" height=\"682\" data-id=\"40975\" src=\"https:\/\/elperiodicodesaltillo.com\/wp\/wp-content\/uploads\/2025\/09\/img-20250927-wa00263193351595664741569-1024x682.jpg\" alt=\"\" class=\"wp-image-40975\" srcset=\"https:\/\/elperiodicodesaltillo.com\/wp\/wp-content\/uploads\/2025\/09\/img-20250927-wa00263193351595664741569-1024x682.jpg 1024w, https:\/\/elperiodicodesaltillo.com\/wp\/wp-content\/uploads\/2025\/09\/img-20250927-wa00263193351595664741569-300x200.jpg 300w, https:\/\/elperiodicodesaltillo.com\/wp\/wp-content\/uploads\/2025\/09\/img-20250927-wa00263193351595664741569-768x511.jpg 768w, https:\/\/elperiodicodesaltillo.com\/wp\/wp-content\/uploads\/2025\/09\/img-20250927-wa00263193351595664741569-696x463.jpg 696w, https:\/\/elperiodicodesaltillo.com\/wp\/wp-content\/uploads\/2025\/09\/img-20250927-wa00263193351595664741569-1068x711.jpg 1068w, https:\/\/elperiodicodesaltillo.com\/wp\/wp-content\/uploads\/2025\/09\/img-20250927-wa00263193351595664741569-631x420.jpg 631w, https:\/\/elperiodicodesaltillo.com\/wp\/wp-content\/uploads\/2025\/09\/img-20250927-wa00263193351595664741569.jpg 1280w\" sizes=\"auto, (max-width: 1024px) 100vw, 1024px\" \/><\/figure>\n\n\n\n<figure class=\"wp-block-image size-large\"><img loading=\"lazy\" decoding=\"async\" width=\"1024\" height=\"682\" data-id=\"40976\" src=\"https:\/\/elperiodicodesaltillo.com\/wp\/wp-content\/uploads\/2025\/09\/img-20250927-wa00252904133346932643529-1024x682.jpg\" alt=\"\" class=\"wp-image-40976\" srcset=\"https:\/\/elperiodicodesaltillo.com\/wp\/wp-content\/uploads\/2025\/09\/img-20250927-wa00252904133346932643529-1024x682.jpg 1024w, https:\/\/elperiodicodesaltillo.com\/wp\/wp-content\/uploads\/2025\/09\/img-20250927-wa00252904133346932643529-300x200.jpg 300w, https:\/\/elperiodicodesaltillo.com\/wp\/wp-content\/uploads\/2025\/09\/img-20250927-wa00252904133346932643529-768x511.jpg 768w, https:\/\/elperiodicodesaltillo.com\/wp\/wp-content\/uploads\/2025\/09\/img-20250927-wa00252904133346932643529-696x463.jpg 696w, https:\/\/elperiodicodesaltillo.com\/wp\/wp-content\/uploads\/2025\/09\/img-20250927-wa00252904133346932643529-1068x711.jpg 1068w, https:\/\/elperiodicodesaltillo.com\/wp\/wp-content\/uploads\/2025\/09\/img-20250927-wa00252904133346932643529-631x420.jpg 631w, https:\/\/elperiodicodesaltillo.com\/wp\/wp-content\/uploads\/2025\/09\/img-20250927-wa00252904133346932643529.jpg 1280w\" sizes=\"auto, (max-width: 1024px) 100vw, 1024px\" \/><\/figure>\n<\/figure>\n\n\n\n<p><br><br>Este esfuerzo tiene como finalidad prevenir la violencia en los entornos escolares, promover la gesti\u00f3n pac\u00edfica de los conflictos y fortalecer la cultura de la paz entre las y los estudiantes de secundaria y bachillerato en el estado.<br><br>La presidenta onoraria del DIF Coahuila, Liliana Salinas Vald\u00e9s, resalt\u00f3 la trascendencia de este programa interinstitucional que coordina esfuerzos de la Secretar\u00eda de Educaci\u00f3n, La Fiscal\u00eda General del Estado y el Poder Judicial.<br><br>\u201cCon cada Centro de Paz que inauguramos, sembramos una semilla de esperanza y de cambio en nuestras escuelas . Estos espacios no solo son herramientas para resolver conflictos, sino s\u00edmbolos de un futuro en el que nuestros j\u00f3venes aprenden que la paz es posible y que ellos son agentes de transformaci\u00f3n. La paz no se construye con palabras, se construye con acciones, y hoy nuestros estudiantes son ejemplo de ello\u201d, destac\u00f3.<br><br>Esta estrategia dio inicio con alumnas y alumnos que concluyeron satisfactoriamente un proceso de sensibilizaci\u00f3n con m\u00e1s de 20 horas de formaci\u00f3n, convirti\u00e9ndose en agentes de cambio que promueven la convivencia arm\u00f3nica y el respeto dentro de sus comunidades educativas.<br><br>Los nuevos Centros de Paz inaugurados en las escuelas ser\u00e1n espacios para la resoluci\u00f3n de conflictos, no solo entre estudiantes, sino tambi\u00e9n entre los integrantes de la comunidad escolar. Estos lugares se convierten en un s\u00edmbolo de transformaci\u00f3n, ofreciendo alternativas positivas frente a los retos y conflictos que puedan surgir.<br><br><br>Las escuelas participantes en el programa Impulsores de Paz forman parte de un esfuerzo integral que involucra a secundarias generales, t\u00e9cnicas y planteles del CECyTEC en todo el estado. <br><br>Participan las secundarias Secci\u00f3n 38;\u00a0 T\u00e9cnica del Estado Margarita Maza de Ju\u00e1rez; General #1 Rub\u00e9n Humberto Moreira Flores; Ingeniero Eulalio Guti\u00e9rrez Trevi\u00f1o; Profesor Federico Berrueto Ram\u00f3n T.M.; T\u00e9cnica 23; Doctor y General Rafael Cepeda de la Fuente; Humberto Elizalde Jasso;\u00a0 General #6 Jes\u00fas Perales Galicia; General #1 Nazario S. Ortiz Garza;\u00a0 General #9 Constantino de T\u00e1rnava Garza y T\u00e9cnica #41 Ing. Eutimio Alberto Cu\u00e9llar Goribar.<br><br>Con estas acciones, impulsadas por el Gobernador Manolo Jim\u00e9nez Salinas, Coahuila consolida un modelo de prevenci\u00f3n \u00fanico a nivel nacional, donde el respeto, el di\u00e1logo y la mediaci\u00f3n son las bases para construir escuelas seguras y comunidades m\u00e1s fuertes.<\/p>\n","protected":false},"excerpt":{"rendered":"<p>Inauguran Centros de paz en planteles educativos y entrega constancias a estudiantes Impulsores de paz Saltillo, Coahuila; 27 de septiembre de 2025.- El DIF Coahuila, en conjunto con la Secretar\u00eda de Educaci\u00f3n, el Poder Judicial y la Fiscal\u00eda del Estado, puso en marcha la inauguraci\u00f3n de Centros de Paz y la entrega de constancias y [&hellip;]<\/p>\n","protected":false},"author":1,"featured_media":40975,"comment_status":"closed","ping_status":"closed","sticky":false,"template":"","format":"standard","meta":{"footnotes":""},"categories":[21],"tags":[],"class_list":["post-40977","post","type-post","status-publish","format-standard","has-post-thumbnail","hentry","category-coahuila"],"_links":{"self":[{"href":"https:\/\/elperiodicodesaltillo.com\/wp\/wp-json\/wp\/v2\/posts\/40977","targetHints":{"allow":["GET"]}}],"collection":[{"href":"https:\/\/elperiodicodesaltillo.com\/wp\/wp-json\/wp\/v2\/posts"}],"about":[{"href":"https:\/\/elperiodicodesaltillo.com\/wp\/wp-json\/wp\/v2\/types\/post"}],"author":[{"embeddable":true,"href":"https:\/\/elperiodicodesaltillo.com\/wp\/wp-json\/wp\/v2\/users\/1"}],"replies":[{"embeddable":true,"href":"https:\/\/elperiodicodesaltillo.com\/wp\/wp-json\/wp\/v2\/comments?post=40977"}],"version-history":[{"count":1,"href":"https:\/\/elperiodicodesaltillo.com\/wp\/wp-json\/wp\/v2\/posts\/40977\/revisions"}],"predecessor-version":[{"id":40978,"href":"https:\/\/elperiodicodesaltillo.com\/wp\/wp-json\/wp\/v2\/posts\/40977\/revisions\/40978"}],"wp:featuredmedia":[{"embeddable":true,"href":"https:\/\/elperiodicodesaltillo.com\/wp\/wp-json\/wp\/v2\/media\/40975"}],"wp:attachment":[{"href":"https:\/\/elperiodicodesaltillo.com\/wp\/wp-json\/wp\/v2\/media?parent=40977"}],"wp:term":[{"taxonomy":"category","embeddable":true,"href":"https:\/\/elperiodicodesaltillo.com\/wp\/wp-json\/wp\/v2\/categories?post=40977"},{"taxonomy":"post_tag","embeddable":true,"href":"https:\/\/elperiodicodesaltillo.com\/wp\/wp-json\/wp\/v2\/tags?post=40977"}],"curies":[{"name":"wp","href":"https:\/\/api.w.org\/{rel}","templated":true}]}}