{"id":41004,"date":"2025-09-27T15:26:34","date_gmt":"2025-09-27T15:26:34","guid":{"rendered":"https:\/\/elperiodicodesaltillo.com\/wp\/?p=41004"},"modified":"2025-09-29T15:27:14","modified_gmt":"2025-09-29T15:27:14","slug":"gobierno-de-coahuila-fortalece-dialogo-y-coordinacion-con-colectivos-de-busqueda-de-personas-desaparecidas","status":"publish","type":"post","link":"https:\/\/elperiodicodesaltillo.com\/wp\/2025\/09\/27\/gobierno-de-coahuila-fortalece-dialogo-y-coordinacion-con-colectivos-de-busqueda-de-personas-desaparecidas\/","title":{"rendered":"GOBIERNO DE COAHUILA FORTALECE DI\u00c1LOGO Y COORDINACI\u00d3N CON COLECTIVOS DE B\u00daSQUEDA DE PERSONAS DESAPARECIDAS"},"content":{"rendered":"\n<p>Saltillo, Coahuila de Zaragoza; a 27 de septiembre de 2025.\u2013 Por instrucciones del Gobernador Manolo Jim\u00e9nez Salinas, el Secretario de Gobierno, Oscar Pimentel Gonz\u00e1lez, encabez\u00f3 una reuni\u00f3n con colectivos de familiares de personas desaparecidas, con el objetivo de dar seguimiento a los acuerdos de la sesi\u00f3n plenaria del pasado 13 de septiembre.<\/p>\n\n\n\n<figure class=\"wp-block-image size-large\"><img loading=\"lazy\" decoding=\"async\" width=\"1024\" height=\"682\" src=\"https:\/\/elperiodicodesaltillo.com\/wp\/wp-content\/uploads\/2025\/09\/123-1024x682.jpeg\" alt=\"\" class=\"wp-image-41005\" srcset=\"https:\/\/elperiodicodesaltillo.com\/wp\/wp-content\/uploads\/2025\/09\/123-1024x682.jpeg 1024w, https:\/\/elperiodicodesaltillo.com\/wp\/wp-content\/uploads\/2025\/09\/123-300x200.jpeg 300w, https:\/\/elperiodicodesaltillo.com\/wp\/wp-content\/uploads\/2025\/09\/123-768x512.jpeg 768w, https:\/\/elperiodicodesaltillo.com\/wp\/wp-content\/uploads\/2025\/09\/123-696x464.jpeg 696w, https:\/\/elperiodicodesaltillo.com\/wp\/wp-content\/uploads\/2025\/09\/123-1068x712.jpeg 1068w, https:\/\/elperiodicodesaltillo.com\/wp\/wp-content\/uploads\/2025\/09\/123-630x420.jpeg 630w, https:\/\/elperiodicodesaltillo.com\/wp\/wp-content\/uploads\/2025\/09\/123.jpeg 1280w\" sizes=\"auto, (max-width: 1024px) 100vw, 1024px\" \/><\/figure>\n\n\n\n<p>En el encuentro participaron la Consejer\u00eda Jur\u00eddica del Estado; la Comisi\u00f3n Estatal de B\u00fasqueda; la Comisi\u00f3n Ejecutiva Estatal de Atenci\u00f3n a V\u00edctimas; el Centro Regional de Identificaci\u00f3n Humana; la Direcci\u00f3n General de Derechos Humanos del Estado; y representantes del Grupo Aut\u00f3nomo de Trabajo.<\/p>\n\n\n\n<p>Por parte de los colectivos, estuvieron presentes: Alas de Esperanza de Allende Coahuila; B\u00fascame, Buscando Desaparecidos M\u00e9xico; Caravana Internacional de B\u00fasqueda de Desaparecidos A.C.; Familias Unidas en la B\u00fasqueda y Localizaci\u00f3n de Personas Desaparecidas; Fuerzas Unidas por Nuestros Desaparecidos en Coahuila y en M\u00e9xico; Voz que Clama Justicia por Personas Desaparecidas; y V\u00edctimas por sus Derechos en Acci\u00f3n (Grupo VI.D.A.).<\/p>\n\n\n\n<p>Este ejercicio de di\u00e1logo permite dar seguimiento puntual a los compromisos establecidos, as\u00ed como fortalecer la confianza mutua entre autoridades y colectivos, consolidando a Coahuila como un referente en la atenci\u00f3n y respuesta institucional ante la desaparici\u00f3n de personas. Con estos espacios, se busca avanzar hacia un modelo de coordinaci\u00f3n m\u00e1s humano, sensible y eficaz que garantice la dignidad, el acompa\u00f1amiento y la justicia para las familias coahuilenses.<\/p>\n\n\n\n<p>El Gobierno del Estado, a trav\u00e9s de la Secretar\u00eda de Gobierno y las distintas instancias participantes, reafirma su compromiso de trabajar en estrecha colaboraci\u00f3n con las familias y colectivos, garantizando el derecho a la verdad y a la justicia.<\/p>\n","protected":false},"excerpt":{"rendered":"<p>Saltillo, Coahuila de Zaragoza; a 27 de septiembre de 2025.\u2013 Por instrucciones del Gobernador Manolo Jim\u00e9nez Salinas, el Secretario de Gobierno, Oscar Pimentel Gonz\u00e1lez, encabez\u00f3 una reuni\u00f3n con colectivos de familiares de personas desaparecidas, con el objetivo de dar seguimiento a los acuerdos de la sesi\u00f3n plenaria del pasado 13 de septiembre. En el encuentro [&hellip;]<\/p>\n","protected":false},"author":1,"featured_media":41005,"comment_status":"closed","ping_status":"closed","sticky":false,"template":"","format":"standard","meta":{"footnotes":""},"categories":[21],"tags":[],"class_list":["post-41004","post","type-post","status-publish","format-standard","has-post-thumbnail","hentry","category-coahuila"],"_links":{"self":[{"href":"https:\/\/elperiodicodesaltillo.com\/wp\/wp-json\/wp\/v2\/posts\/41004","targetHints":{"allow":["GET"]}}],"collection":[{"href":"https:\/\/elperiodicodesaltillo.com\/wp\/wp-json\/wp\/v2\/posts"}],"about":[{"href":"https:\/\/elperiodicodesaltillo.com\/wp\/wp-json\/wp\/v2\/types\/post"}],"author":[{"embeddable":true,"href":"https:\/\/elperiodicodesaltillo.com\/wp\/wp-json\/wp\/v2\/users\/1"}],"replies":[{"embeddable":true,"href":"https:\/\/elperiodicodesaltillo.com\/wp\/wp-json\/wp\/v2\/comments?post=41004"}],"version-history":[{"count":1,"href":"https:\/\/elperiodicodesaltillo.com\/wp\/wp-json\/wp\/v2\/posts\/41004\/revisions"}],"predecessor-version":[{"id":41006,"href":"https:\/\/elperiodicodesaltillo.com\/wp\/wp-json\/wp\/v2\/posts\/41004\/revisions\/41006"}],"wp:featuredmedia":[{"embeddable":true,"href":"https:\/\/elperiodicodesaltillo.com\/wp\/wp-json\/wp\/v2\/media\/41005"}],"wp:attachment":[{"href":"https:\/\/elperiodicodesaltillo.com\/wp\/wp-json\/wp\/v2\/media?parent=41004"}],"wp:term":[{"taxonomy":"category","embeddable":true,"href":"https:\/\/elperiodicodesaltillo.com\/wp\/wp-json\/wp\/v2\/categories?post=41004"},{"taxonomy":"post_tag","embeddable":true,"href":"https:\/\/elperiodicodesaltillo.com\/wp\/wp-json\/wp\/v2\/tags?post=41004"}],"curies":[{"name":"wp","href":"https:\/\/api.w.org\/{rel}","templated":true}]}}